{"id":177998,"date":"2025-12-06T19:46:32","date_gmt":"2025-12-06T19:46:32","guid":{"rendered":"https:\/\/www.europesays.com\/pt\/177998\/"},"modified":"2025-12-06T19:46:32","modified_gmt":"2025-12-06T19:46:32","slug":"faz-lembrar-kompany-ruben-dias-marca-golaco-do-meio-da-rua-video","status":"publish","type":"post","link":"https:\/\/www.europesays.com\/pt\/177998\/","title":{"rendered":"Faz lembrar Kompany: R\u00faben Dias marca gola\u00e7o do meio da rua (V\u00cdDEO)"},"content":{"rendered":"<p>O Manchester City estava com dificuldades em abrir o marcador diante do Sunderland, mas eis que, aos 31 minutos, R\u00faben Dias resolveu a quest\u00e3o \u00ab\u00e0 lei da bomba\u00bb.<\/p>\n<p><a href=\"https:\/\/maisfutebol.iol.pt\/jogo\/manchester-city\/sunderland\/13825436\" target=\"_blank\" rel=\"nofollow noopener\"><strong>Siga o Manchester City-Sunderland AO MINUTO<\/strong><\/a><\/p>\n<p>O internacional portugu\u00eas adiantou-se no terreno, recebeu a bola de\u00a0Rayan Cherki e rematou em for\u00e7a para um gola\u00e7o. De resto, o pontap\u00e9 do central portugu\u00eas fez lembrar um c\u00e9lebre golo de Vicent Kompany pelos \u00abcitizens\u00bb.<\/p>\n","protected":false},"excerpt":{"rendered":"O Manchester City estava com dificuldades em abrir o marcador diante do Sunderland, mas eis que, aos 31&hellip;\n","protected":false},"author":2,"featured_media":177999,"comment_status":"","ping_status":"","sticky":false,"template":"","format":"standard","meta":{"footnotes":""},"categories":[87],"tags":[135,665,82,436,46,1382,32,33,47,12290,134,14058],"class_list":{"0":"post-177998","1":"post","2":"type-post","3":"status-publish","4":"format-standard","5":"has-post-thumbnail","7":"category-desporto","8":"tag-desporto","9":"tag-inglaterra","10":"tag-internacional","11":"tag-made-in","12":"tag-maisfutebol","13":"tag-manchester-city","14":"tag-portugal","15":"tag-pt","16":"tag-pura-paixao","17":"tag-ruben-dias","18":"tag-sports","19":"tag-sunderland"},"share_on_mastodon":{"url":"https:\/\/pubeurope.com\/@pt\/115674348451796856","error":""},"_links":{"self":[{"href":"https:\/\/www.europesays.com\/pt\/wp-json\/wp\/v2\/posts\/177998","targetHints":{"allow":["GET"]}}],"collection":[{"href":"https:\/\/www.europesays.com\/pt\/wp-json\/wp\/v2\/posts"}],"about":[{"href":"https:\/\/www.europesays.com\/pt\/wp-json\/wp\/v2\/types\/post"}],"author":[{"embeddable":true,"href":"https:\/\/www.europesays.com\/pt\/wp-json\/wp\/v2\/users\/2"}],"replies":[{"embeddable":true,"href":"https:\/\/www.europesays.com\/pt\/wp-json\/wp\/v2\/comments?post=177998"}],"version-history":[{"count":0,"href":"https:\/\/www.europesays.com\/pt\/wp-json\/wp\/v2\/posts\/177998\/revisions"}],"wp:featuredmedia":[{"embeddable":true,"href":"https:\/\/www.europesays.com\/pt\/wp-json\/wp\/v2\/media\/177999"}],"wp:attachment":[{"href":"https:\/\/www.europesays.com\/pt\/wp-json\/wp\/v2\/media?parent=177998"}],"wp:term":[{"taxonomy":"category","embeddable":true,"href":"https:\/\/www.europesays.com\/pt\/wp-json\/wp\/v2\/categories?post=177998"},{"taxonomy":"post_tag","embeddable":true,"href":"https:\/\/www.europesays.com\/pt\/wp-json\/wp\/v2\/tags?post=177998"}],"curies":[{"name":"wp","href":"https:\/\/api.w.org\/{rel}","templated":true}]}}