{"id":178008,"date":"2025-12-06T20:05:12","date_gmt":"2025-12-06T20:05:12","guid":{"rendered":"https:\/\/www.europesays.com\/pt\/178008\/"},"modified":"2025-12-06T20:05:12","modified_gmt":"2025-12-06T20:05:12","slug":"farioli-queria-ver-o-derbi-mas-o-canal-27-nao-estava-a-funcionar","status":"publish","type":"post","link":"https:\/\/www.europesays.com\/pt\/178008\/","title":{"rendered":"Farioli: \u00abQueria ver o d\u00e9rbi, mas o canal 27 n\u00e3o estava a funcionar\u00bb"},"content":{"rendered":"<p style=\"margin-bottom:11px\"><strong>O treinador do FC Porto, Francesco Farioli, sublinhou por mais do que uma vez que o t\u00edtulo de campe\u00e3o n\u00e3o est\u00e1 decidido e disse que at\u00e9 tentou assistir ao d\u00e9rbi&#8230; mas o canal da BTV n\u00e3o estava a funcionar. Na antevis\u00e3o \u00e0 <a href=\"https:\/\/maisfutebol.iol.pt\/jogo\/tondela\/fc-porto\/13828196\" target=\"_blank\" rel=\"nofollow noopener\">visita ao Tondela, marcada para domingo (20h30)<\/a>, o italiano garantiu que o foco sempre esteve virado para os beir\u00f5es.<\/strong><\/p>\n<p> Impacto do resultado do d\u00e9rbi <\/p>\n<p>\u00abO foco principal est\u00e1 em n\u00f3s. N\u00e3o tir\u00e1mos nada dos &#8220;se&#8221; ou dos &#8220;mas&#8221;. Podem acreditar em mim ou n\u00e3o, mas ontem \u00e0 noite, em certo momento, tive vontade de ver o jogo. Foi incr\u00edvel! Tinha o canal 26 e o 28 a funcionar, mas o 27 n\u00e3o funcionava. N\u00e3o pude ver o jogo e n\u00e3o posso acrescentar mais sobre isso.\u00bb<\/p>\n<p>\u00abN\u00e3o somos cegos, sabemos o que se passa \u00e0 volta, mas, no final, n\u00e3o importa muito. S\u00f3 podemos ter influ\u00eancia sobre o que vamos mostrar em campo, \u00e9 a\u00ed que tem de estar o foco. Amanh\u00e3 [domingo] \u00e9 uma boa oportunidade para n\u00f3s, mas a Liga n\u00e3o ser\u00e1 decidida no in\u00edcio de dezembro.\u00bb<\/p>\n<p> Import\u00e2ncia do Tondela-FC Porto na corrida pelo t\u00edtulo <\/p>\n<p>\u00abNunca vi ningu\u00e9m a celebrar um t\u00edtulo no in\u00edcio de dezembro.\u00bb<\/p>\n","protected":false},"excerpt":{"rendered":"O treinador do FC Porto, Francesco Farioli, sublinhou por mais do que uma vez que o t\u00edtulo de&hellip;\n","protected":false},"author":2,"featured_media":178009,"comment_status":"","ping_status":"","sticky":false,"template":"","format":"standard","meta":{"footnotes":""},"categories":[87],"tags":[51,12194,135,2095,282,524,46,462,32,33,47,34,134,8136],"class_list":{"0":"post-178008","1":"post","2":"type-post","3":"status-publish","4":"format-standard","5":"has-post-thumbnail","7":"category-desporto","8":"tag-benfica","9":"tag-derbi","10":"tag-desporto","11":"tag-farioli","12":"tag-fc-porto","13":"tag-futebol","14":"tag-maisfutebol","15":"tag-porto","16":"tag-portugal","17":"tag-pt","18":"tag-pura-paixao","19":"tag-sporting","20":"tag-sports","21":"tag-tondela"},"share_on_mastodon":{"url":"https:\/\/pubeurope.com\/@pt\/115674423172278159","error":""},"_links":{"self":[{"href":"https:\/\/www.europesays.com\/pt\/wp-json\/wp\/v2\/posts\/178008","targetHints":{"allow":["GET"]}}],"collection":[{"href":"https:\/\/www.europesays.com\/pt\/wp-json\/wp\/v2\/posts"}],"about":[{"href":"https:\/\/www.europesays.com\/pt\/wp-json\/wp\/v2\/types\/post"}],"author":[{"embeddable":true,"href":"https:\/\/www.europesays.com\/pt\/wp-json\/wp\/v2\/users\/2"}],"replies":[{"embeddable":true,"href":"https:\/\/www.europesays.com\/pt\/wp-json\/wp\/v2\/comments?post=178008"}],"version-history":[{"count":0,"href":"https:\/\/www.europesays.com\/pt\/wp-json\/wp\/v2\/posts\/178008\/revisions"}],"wp:featuredmedia":[{"embeddable":true,"href":"https:\/\/www.europesays.com\/pt\/wp-json\/wp\/v2\/media\/178009"}],"wp:attachment":[{"href":"https:\/\/www.europesays.com\/pt\/wp-json\/wp\/v2\/media?parent=178008"}],"wp:term":[{"taxonomy":"category","embeddable":true,"href":"https:\/\/www.europesays.com\/pt\/wp-json\/wp\/v2\/categories?post=178008"},{"taxonomy":"post_tag","embeddable":true,"href":"https:\/\/www.europesays.com\/pt\/wp-json\/wp\/v2\/tags?post=178008"}],"curies":[{"name":"wp","href":"https:\/\/api.w.org\/{rel}","templated":true}]}}