{"id":178039,"date":"2025-12-06T20:36:39","date_gmt":"2025-12-06T20:36:39","guid":{"rendered":"https:\/\/www.europesays.com\/pt\/178039\/"},"modified":"2025-12-06T20:36:39","modified_gmt":"2025-12-06T20:36:39","slug":"finalmente-o-momento-mais-esperado-aconteceu","status":"publish","type":"post","link":"https:\/\/www.europesays.com\/pt\/178039\/","title":{"rendered":"Finalmente o momento mais esperado aconteceu"},"content":{"rendered":"<p>\t\t\t\t\t\t\t\t\t\t\t\t<a href=\"#\" onclick=\"window.open('http:\/\/www.facebook.com\/sharer.php?u=https:\/\/cusquices.com\/marisa-susana-mostra-o-reencontro-com-a-familia-finalmente-o-momento-mais-esperado-aconteceu\/&amp;t=Marisa Susana mostra o reencontro com a fam\u00edlia: \u201cFinalmente o momento mais esperado aconteceu\u201d', 'facebookShare', 'width=626,height=436'); return false;\" title=\"Share on Facebook\"><\/p>\n<p>Share<\/p>\n<p><\/a><br \/>\n\t\t\t\t\t\t\t\t\t\t\t\t<a href=\"#\" onclick=\"window.open('http:\/\/twitter.com\/share?text=Marisa Susana mostra o reencontro com a fam\u00edlia: \u201cFinalmente o momento mais esperado aconteceu\u201d -&amp;url=https:\/\/cusquices.com\/marisa-susana-mostra-o-reencontro-com-a-familia-finalmente-o-momento-mais-esperado-aconteceu\/', 'twitterShare', 'width=626,height=436'); return false;\" title=\"Tweet This Post\"><\/p>\n<p>Tweet<\/p>\n<p><\/a><br \/>\n\t\t\t\t\t\t\t\t\t\t\t\t<a href=\"whatsapp:\/\/send?text=Marisa Susana mostra o reencontro com a fam\u00edlia: \u201cFinalmente o momento mais esperado aconteceu\u201d https:\/\/cusquices.com\/marisa-susana-mostra-o-reencontro-com-a-familia-finalmente-o-momento-mais-esperado-aconteceu\/\" rel=\"nofollow\"><\/p>\n<p>Share<\/p>\n<p><\/a><br \/>\n\t\t\t\t\t\t\t\t\t\t\t\t<a href=\"#\" onclick=\"window.open('http:\/\/pinterest.com\/pin\/create\/button\/?url=https:\/\/cusquices.com\/marisa-susana-mostra-o-reencontro-com-a-familia-finalmente-o-momento-mais-esperado-aconteceu\/&amp;media=https:\/\/cusquices.com\/wp-content\/uploads\/2025\/11\/marisasusana-1000x600.jpg&amp;description=Marisa Susana mostra o reencontro com a fam\u00edlia: \u201cFinalmente o momento mais esperado aconteceu\u201d', 'pinterestShare', 'width=750,height=350'); return false;\" title=\"Pin This Post\"><\/p>\n<p>Share<\/p>\n<p><\/a><br \/>\n\t\t\t\t\t\t\t\t\t\t\t\t<a href=\"mailto:?subject=Marisa Susana mostra o reencontro com a fam\u00edlia: \u201cFinalmente o momento mais esperado aconteceu\u201d&amp;BODY=I found this article interesting and thought of sharing it with you. Check it out: https:\/\/cusquices.com\/marisa-susana-mostra-o-reencontro-com-a-familia-finalmente-o-momento-mais-esperado-aconteceu\/\"><\/p>\n<p>Email<\/p>\n<p><\/a><br \/>\n\t\t\t\t\t\t\t\t\t\t\t\t\t\t\t\t\t\t\t\t\t\t\t\t\t\t\t\t\t\t\t\t\t\t\t\t\t\t\t\t\t\t\t\t\t\t\t\t\t\t\t\t\t<a href=\"https:\/\/cusquices.com\/marisa-susana-mostra-o-reencontro-com-a-familia-finalmente-o-momento-mais-esperado-aconteceu\/#respond\" rel=\"nofollow noopener\" target=\"_blank\"><\/p>\n<p><strong>Marisa Susana <\/strong>partilhou esta sexta-feira, 5 de dezembro, um momento muito especial com os seus seguidores: o t\u00e3o aguardado reencontro com a fam\u00edlia.<\/p>\n<p><strong>\u201cDepois de 2 meses e 10 dias intensos, finalmente o momento mais esperado aconteceu. O reencontro. O abra\u00e7o. A energia da fam\u00edlia completa outra vez.\u201d<\/strong>, come\u00e7ou por dizer Marisa Susana na legenda da publica\u00e7\u00e3o.<\/p>\n<p>Grata, por poder estar novamente com a fam\u00edlia toda reunida, Marisa Susana acrescentou:<strong> \u201cN\u00e3o h\u00e1 palco, gala ou luzes que se comparem a isto, o aconchego de casa, o sorriso dos nossos, o amor que nos espera sempre. Obrigada \u00e0 minha fam\u00edlia por todo o apoio, orgulho e paci\u00eancia ao longo desta aventura. Voc\u00eas s\u00e3o o meu porto seguro\u201d<\/strong>.<\/p>\n<p><strong>\u201cAgora sim\u2026 cora\u00e7\u00e3o completo e carregado para os pr\u00f3ximos cap\u00edtulos! Fam\u00edlia unida, o melhor trof\u00e9u de todos\u201d, <\/strong>rematou Marisa Susana.<\/p>\n<blockquote class=\"instagram-media\" data-instgrm-captioned=\"\" data-instgrm-permalink=\"https:\/\/www.instagram.com\/p\/DR5NjMqCgnG\/?utm_source=ig_embed&amp;utm_campaign=loading\" data-instgrm-version=\"14\" style=\" background:#FFF; border:0; border-radius:3px; box-shadow:0 0 1px 0 rgba(0,0,0,0.5),0 1px 10px 0 rgba(0,0,0,0.15); margin: 1px; max-width:540px; min-width:326px; padding:0; width:99.375%; width:-webkit-calc(100% - 2px); width:calc(100% - 2px);\"\/>\n<p><strong>Leia tamb\u00e9m:<\/strong><\/p>\n<p>\t\t\t\t\t\t\t\t\t\t\t\t\t\t\t\t\t\t\t\t\t\t\t\t\t<img decoding=\"async\" src=\"https:\/\/www.europesays.com\/pt\/wp-content\/uploads\/2025\/10\/cusquices-logo-52x.png\" class=\"webpexpress-processed\"\/><\/p>\n<p>\t\t\t\t\t\t\t\t\t\t\t\t\t\t\t\t\t\t\t\t\t            \t\t\t\t\t\t\t\t\t\t\t\t\t\t\t\t\t\t\t\t\t\t\t\t\t\t\t\t\t\t\t\t\t\t\t\t\t\t\t<script async src=\"https:\/\/platform.twitter.com\/widgets.js\" charset=\"utf-8\"><\/script><script async src=\"\/\/www.instagram.com\/embed.js\"><\/script><\/p>\n","protected":false},"excerpt":{"rendered":"Share Tweet Share Share Email Marisa Susana partilhou esta sexta-feira, 5 de dezembro, um momento muito especial com&hellip;\n","protected":false},"author":2,"featured_media":178040,"comment_status":"","ping_status":"","sticky":false,"template":"","format":"standard","meta":{"footnotes":""},"categories":[85],"tags":[2632,49,114,115,19153,32,33],"class_list":{"0":"post-178039","1":"post","2":"type-post","3":"status-publish","4":"format-standard","5":"has-post-thumbnail","7":"category-entretenimento","8":"tag-casa-dos-segredos","9":"tag-destaques","10":"tag-entertainment","11":"tag-entretenimento","12":"tag-marisa-susana","13":"tag-portugal","14":"tag-pt"},"share_on_mastodon":{"url":"https:\/\/pubeurope.com\/@pt\/115674545234427605","error":""},"_links":{"self":[{"href":"https:\/\/www.europesays.com\/pt\/wp-json\/wp\/v2\/posts\/178039","targetHints":{"allow":["GET"]}}],"collection":[{"href":"https:\/\/www.europesays.com\/pt\/wp-json\/wp\/v2\/posts"}],"about":[{"href":"https:\/\/www.europesays.com\/pt\/wp-json\/wp\/v2\/types\/post"}],"author":[{"embeddable":true,"href":"https:\/\/www.europesays.com\/pt\/wp-json\/wp\/v2\/users\/2"}],"replies":[{"embeddable":true,"href":"https:\/\/www.europesays.com\/pt\/wp-json\/wp\/v2\/comments?post=178039"}],"version-history":[{"count":0,"href":"https:\/\/www.europesays.com\/pt\/wp-json\/wp\/v2\/posts\/178039\/revisions"}],"wp:featuredmedia":[{"embeddable":true,"href":"https:\/\/www.europesays.com\/pt\/wp-json\/wp\/v2\/media\/178040"}],"wp:attachment":[{"href":"https:\/\/www.europesays.com\/pt\/wp-json\/wp\/v2\/media?parent=178039"}],"wp:term":[{"taxonomy":"category","embeddable":true,"href":"https:\/\/www.europesays.com\/pt\/wp-json\/wp\/v2\/categories?post=178039"},{"taxonomy":"post_tag","embeddable":true,"href":"https:\/\/www.europesays.com\/pt\/wp-json\/wp\/v2\/tags?post=178039"}],"curies":[{"name":"wp","href":"https:\/\/api.w.org\/{rel}","templated":true}]}}