{"id":178066,"date":"2025-12-06T21:09:12","date_gmt":"2025-12-06T21:09:12","guid":{"rendered":"https:\/\/www.europesays.com\/pt\/178066\/"},"modified":"2025-12-06T21:09:12","modified_gmt":"2025-12-06T21:09:12","slug":"ucrania-ataca-refineria-de-riazan-a-200-quilometros-de-moscovo","status":"publish","type":"post","link":"https:\/\/www.europesays.com\/pt\/178066\/","title":{"rendered":"Ucr\u00e2nia ataca refineria de Riaz\u00e1n a 200 quil\u00f3metros de Moscovo"},"content":{"rendered":"<p>A Ucr\u00e2nia atacou este s\u00e1bado a refinaria de Riaz\u00e1n, a cerca de 200 quil\u00f3metros de Moscovo, com o objetivo de &#8220;minar o potencial&#8221; militar da R\u00fassia, informou o Estado-Maior das For\u00e7as Armadas da Ucr\u00e2nia.<\/p>\n<p>Segundo avan\u00e7a a ag\u00eancia de not\u00edcias Efe, a extens\u00e3o dos danos est\u00e1 ainda por determinar.<\/p>\n<p>&#8220;As for\u00e7as de defesa continuam a tomar medidas para minar o potencial militar-econ\u00f3mico dos agressores russos&#8221;, garante o comunicado, citado pela Efe.<\/p>\n<p>A refinaria de Riaz\u00e1n tem capacidade de processar 17,1 milh\u00f5es de toneladas de petr\u00f3leo bruto por ano e \u00e9 uma das maiores da R\u00fassia, segundo o Estado-Maior ucraniano, e produz diesel, gasolina e combust\u00edvel de avia\u00e7\u00e3o que abastecem as for\u00e7as russas,<\/p>\n<p>Al\u00e9m daquela infraestrutura, foi atingida a f\u00e1brica metal\u00fargica de Alchevsk, na parte ocupada da regi\u00e3o ucraniana de Lugansk, onde s\u00e3o produzidos componentes de m\u00edsseis para o ex\u00e9rcito russo.<\/p>\n","protected":false},"excerpt":{"rendered":"A Ucr\u00e2nia atacou este s\u00e1bado a refinaria de Riaz\u00e1n, a cerca de 200 quil\u00f3metros de Moscovo, com o&hellip;\n","protected":false},"author":2,"featured_media":178067,"comment_status":"","ping_status":"","sticky":false,"template":"","format":"standard","meta":{"footnotes":""},"categories":[50],"tags":[27,28,15,16,14,25,26,21,22,62,12,13,19,20,23,24,17,18,29,30,31,63,64,65],"class_list":{"0":"post-178066","1":"post","2":"type-post","3":"status-publish","4":"format-standard","5":"has-post-thumbnail","7":"category-mundo","8":"tag-breaking-news","9":"tag-breakingnews","10":"tag-featured-news","11":"tag-featurednews","12":"tag-headlines","13":"tag-latest-news","14":"tag-latestnews","15":"tag-main-news","16":"tag-mainnews","17":"tag-mundo","18":"tag-news","19":"tag-noticias","20":"tag-noticias-principais","21":"tag-noticiasprincipais","22":"tag-principais-noticias","23":"tag-principaisnoticias","24":"tag-top-stories","25":"tag-topstories","26":"tag-ultimas","27":"tag-ultimas-noticias","28":"tag-ultimasnoticias","29":"tag-world","30":"tag-world-news","31":"tag-worldnews"},"share_on_mastodon":{"url":"https:\/\/pubeurope.com\/@pt\/115674675037112398","error":""},"_links":{"self":[{"href":"https:\/\/www.europesays.com\/pt\/wp-json\/wp\/v2\/posts\/178066","targetHints":{"allow":["GET"]}}],"collection":[{"href":"https:\/\/www.europesays.com\/pt\/wp-json\/wp\/v2\/posts"}],"about":[{"href":"https:\/\/www.europesays.com\/pt\/wp-json\/wp\/v2\/types\/post"}],"author":[{"embeddable":true,"href":"https:\/\/www.europesays.com\/pt\/wp-json\/wp\/v2\/users\/2"}],"replies":[{"embeddable":true,"href":"https:\/\/www.europesays.com\/pt\/wp-json\/wp\/v2\/comments?post=178066"}],"version-history":[{"count":0,"href":"https:\/\/www.europesays.com\/pt\/wp-json\/wp\/v2\/posts\/178066\/revisions"}],"wp:featuredmedia":[{"embeddable":true,"href":"https:\/\/www.europesays.com\/pt\/wp-json\/wp\/v2\/media\/178067"}],"wp:attachment":[{"href":"https:\/\/www.europesays.com\/pt\/wp-json\/wp\/v2\/media?parent=178066"}],"wp:term":[{"taxonomy":"category","embeddable":true,"href":"https:\/\/www.europesays.com\/pt\/wp-json\/wp\/v2\/categories?post=178066"},{"taxonomy":"post_tag","embeddable":true,"href":"https:\/\/www.europesays.com\/pt\/wp-json\/wp\/v2\/tags?post=178066"}],"curies":[{"name":"wp","href":"https:\/\/api.w.org\/{rel}","templated":true}]}}