{"id":178070,"date":"2025-12-06T21:11:11","date_gmt":"2025-12-06T21:11:11","guid":{"rendered":"https:\/\/www.europesays.com\/pt\/178070\/"},"modified":"2025-12-06T21:11:11","modified_gmt":"2025-12-06T21:11:11","slug":"montenegro-aumenta-objetivos-e-fala-de-salario-minimo-nos-1-600-e-medio-nos-tres-mil-euros","status":"publish","type":"post","link":"https:\/\/www.europesays.com\/pt\/178070\/","title":{"rendered":"Montenegro aumenta objetivos e fala de sal\u00e1rio m\u00ednimo nos 1.600 e m\u00e9dio nos tr\u00eas mil euros"},"content":{"rendered":"<p>&#13;<br \/>\n&#8220;N\u00f3s n\u00e3o queremos crescer 2% ao ano. Queremos crescer 3%, 3,5%, 4%. N\u00f3s queremos que o sal\u00e1rio m\u00ednimo n\u00e3o chegue aos 1.100 [euros]. Esse \u00e9 o objetivo que temos para esta legislatura, mas n\u00f3s queremos mais. Que chegue aos 1.500 ou aos 1.600&#8221;, disse hoje no encerramento do X Congresso Nacional dos Autarcas Social-Democratas (ASD), no Porto.&#13;\n<\/p>\n<p>&#13;<br \/>\nO primeiro-ministro, que na sexta-feira tinha sugerido aproveitar a oportunidade da poss\u00edvel mudan\u00e7a das leis laborais para elevar o sal\u00e1rio m\u00ednimo para os 1.500 euros e o m\u00e9dio para 2.000 ou 2.500, disse hoje n\u00e3o querer &#8220;que o sal\u00e1rio m\u00e9dio chegue aos 1.600 ou 1.700&#8221;, mas sim que &#8220;chegue aos 2.500, 2.800 ou 3.000 euros&#8221;.<\/p>\n<p>          <img decoding=\"async\" itemprop=\"image\" class=\"img-fluid\"   src=\"https:\/\/www.europesays.com\/pt\/wp-content\/uploads\/2025\/12\/ecaecd71f0756fab02d2cfaacf67ef42_N.jpg\"\/><\/p>\n<p>Telejornal | 6 de dezembro de 2025<\/p>\n<p>&#13;<br \/>\nTamb\u00e9m na sexta-feira \u00e0 noite, o secret\u00e1rio-geral do PS, Jos\u00e9 Lu\u00eds Carneiro, acusou o primeiro-ministro de estar a &#8220;lan\u00e7ar uma cenoura&#8221; aos trabalhadores ao falar no aumento do sal\u00e1rio m\u00ednimo para 1.500 euros,\u00a0numa tentativa de esvaziar o conte\u00fado da greve geral.&#13;\n<\/p>\n<p>&#13;<br \/>\nQuer \u00e0 entrada e \u00e0 sa\u00edda do Audit\u00f3rio Nobre do Instituto Superior de Engenharia do Porto (ISEP), onde decorreu o congresso dos autarcas social-democratas, Lu\u00eds Montenegro n\u00e3o quis prestar declara\u00e7\u00f5es aos jornalistas.&#13;\n<\/p>\n<p>&#13;<br \/>\n&#8220;N\u00f3s queremos, efetivamente, criar a riqueza que possa combater a pobreza. N\u00f3s queremos um pa\u00eds que pense e execute um projeto de desenvolvimento que possa ser duradouro, que possa ser consistente, que possa ser suficientemente robusto para, cada vez mais, ser exemplar, como j\u00e1 \u00e9, hoje, \u00e0 escala europeia&#8221;, frisou no seu discurso.&#13;\n<\/p>\n<p>&#13;<br \/>\nO l\u00edder do PSD atirou ainda aos que &#8220;duvidam&#8221; da ambi\u00e7\u00e3o do Governo.&#13;\n<\/p>\n<p>&#13;<br \/>\n&#8220;S\u00e3o os mesmos que duvidaram que o ano passado que n\u00f3s ating\u00edamos as nossas metas or\u00e7amentais e econ\u00f3micas. Super\u00e1mo-las. S\u00e3o os mesmos que este ano tornaram a duvidar e n\u00f3s vamos tornar a superar&#8221;, assegurou.&#13;\n<\/p>\n<p>&#13;<br \/>\nO primeiro-ministro antecipou tamb\u00e9m que &#8220;daqui a um ano&#8221; as suas palavras &#8220;v\u00e3o fazer ainda mais sentido&#8221;, tal como daqui a quatro anos, no final da legislatura e dos mandatos aut\u00e1rquicos, que terminam ambos em setembro de 2029.&#13;<\/p>\n","protected":false},"excerpt":{"rendered":"&#13; &#8220;N\u00f3s n\u00e3o queremos crescer 2% ao ano. Queremos crescer 3%, 3,5%, 4%. N\u00f3s queremos que o sal\u00e1rio&hellip;\n","protected":false},"author":2,"featured_media":178071,"comment_status":"","ping_status":"","sticky":false,"template":"","format":"standard","meta":{"footnotes":""},"categories":[8],"tags":[27,28,15,16,14,25,26,21,22,12,13,19,20,32,23,24,33,420,421,17,18,29,30,31],"class_list":{"0":"post-178070","1":"post","2":"type-post","3":"status-publish","4":"format-standard","5":"has-post-thumbnail","7":"category-principais-noticias","8":"tag-breaking-news","9":"tag-breakingnews","10":"tag-featured-news","11":"tag-featurednews","12":"tag-headlines","13":"tag-latest-news","14":"tag-latestnews","15":"tag-main-news","16":"tag-mainnews","17":"tag-news","18":"tag-noticias","19":"tag-noticias-principais","20":"tag-noticiasprincipais","21":"tag-portugal","22":"tag-principais-noticias","23":"tag-principaisnoticias","24":"tag-pt","25":"tag-rtp","26":"tag-rtp-noticias","27":"tag-top-stories","28":"tag-topstories","29":"tag-ultimas","30":"tag-ultimas-noticias","31":"tag-ultimasnoticias"},"share_on_mastodon":{"url":"https:\/\/pubeurope.com\/@pt\/115674683157989763","error":""},"_links":{"self":[{"href":"https:\/\/www.europesays.com\/pt\/wp-json\/wp\/v2\/posts\/178070","targetHints":{"allow":["GET"]}}],"collection":[{"href":"https:\/\/www.europesays.com\/pt\/wp-json\/wp\/v2\/posts"}],"about":[{"href":"https:\/\/www.europesays.com\/pt\/wp-json\/wp\/v2\/types\/post"}],"author":[{"embeddable":true,"href":"https:\/\/www.europesays.com\/pt\/wp-json\/wp\/v2\/users\/2"}],"replies":[{"embeddable":true,"href":"https:\/\/www.europesays.com\/pt\/wp-json\/wp\/v2\/comments?post=178070"}],"version-history":[{"count":0,"href":"https:\/\/www.europesays.com\/pt\/wp-json\/wp\/v2\/posts\/178070\/revisions"}],"wp:featuredmedia":[{"embeddable":true,"href":"https:\/\/www.europesays.com\/pt\/wp-json\/wp\/v2\/media\/178071"}],"wp:attachment":[{"href":"https:\/\/www.europesays.com\/pt\/wp-json\/wp\/v2\/media?parent=178070"}],"wp:term":[{"taxonomy":"category","embeddable":true,"href":"https:\/\/www.europesays.com\/pt\/wp-json\/wp\/v2\/categories?post=178070"},{"taxonomy":"post_tag","embeddable":true,"href":"https:\/\/www.europesays.com\/pt\/wp-json\/wp\/v2\/tags?post=178070"}],"curies":[{"name":"wp","href":"https:\/\/api.w.org\/{rel}","templated":true}]}}