{"id":178072,"date":"2025-12-06T21:12:15","date_gmt":"2025-12-06T21:12:15","guid":{"rendered":"https:\/\/www.europesays.com\/pt\/178072\/"},"modified":"2025-12-06T21:12:15","modified_gmt":"2025-12-06T21:12:15","slug":"ticiane-pinheiro-prestigia-apresentacao-de-bale-de-sua-filha-e-de-cesar-tralli","status":"publish","type":"post","link":"https:\/\/www.europesays.com\/pt\/178072\/","title":{"rendered":"Ticiane Pinheiro prestigia apresenta\u00e7\u00e3o de bal\u00e9 de sua filha e de C\u00e9sar Tralli"},"content":{"rendered":"<p>A filha dos apresentadores <a href=\"https:\/\/caras.com.br\/tags\/cesar-tralli\" target=\"_blank\" rel=\"noopener nofollow\"><strong>C\u00e9sar Tralli<\/strong><\/a> e <a href=\"https:\/\/caras.com.br\/tags\/ticiane-pinheiro_1\" rel=\"nofollow noopener\" target=\"_blank\"><strong>Ticiane Pinheiro<\/strong><\/a>, <strong>Manuella Pinheiro Tralli<\/strong>, de seis anos, teve uma apresenta\u00e7\u00e3o de bal\u00e9 nesta sexta-feira, 05, em S\u00e3o Paulo. Na rede social, a m\u00e3e da pequena compartilhou alguns registros do momento e mostrou todo seu orgulho.<\/p>\n<p>Sem o marido, que est\u00e1 morando no Rio de Janeiro por conta do Jornal Nacional, a famosa marcou presen\u00e7a no evento da herdeira com <strong>Rafaella Justus<\/strong> e <strong>Hel\u00f4 Pinheiro<\/strong>. Antes de irem para o grande momento, a loira se gravou no elevador com a menina e falou sobre o look especial dela.<\/p>\n<p>\u201cLinda demais\u201d, derreteu-se ao v\u00ea-la pronta para dan\u00e7ar no palco. \u201cNossa bailarina\u201d, disse e marcou o esposo ao compartilhar o clique de Manuella se apresentando.<\/p>\n<p> Veja como foi a apresenta\u00e7\u00e3o da filha de Ticiane Pinheiro e C\u00e9sar Tralli: <img loading=\"lazy\" decoding=\"async\" class=\"size-full wp-image-1040529 img-fluid lazy\" alt=\"Ticiane Pinheiro prestigia a filha em apresenta\u00e7\u00e3o de bal\u00e9\" width=\"1080\" height=\"1880\" src=\"https:\/\/www.europesays.com\/pt\/wp-content\/uploads\/2025\/12\/ticiane-pinheiro-apresentacao-bale-filha.jpg\"  \/>Ticiane Pinheiro prestigia a filha em apresenta\u00e7\u00e3o de bal\u00e9 \u2013 Foto: @ticipinheiro <img loading=\"lazy\" decoding=\"async\" class=\"size-full wp-image-1040530 img-fluid lazy\" alt=\"Ticiane Pinheiro prestigia a filha em apresenta\u00e7\u00e3o de bal\u00e9 - Foto: @ticipinheiro\" width=\"1080\" height=\"1902\" src=\"https:\/\/www.europesays.com\/pt\/wp-content\/uploads\/2025\/12\/ticiane-pinheiro-apresentacao-bale-filha-1.jpg\"  \/>Ticiane Pinheiro prestigia a filha em apresenta\u00e7\u00e3o de bal\u00e9 \u2013 Foto: @ticipinheiro <img loading=\"lazy\" decoding=\"async\" class=\"size-full wp-image-1040531 img-fluid lazy\" alt=\"Ticiane Pinheiro prestigia a filha em apresenta\u00e7\u00e3o de bal\u00e9 - Foto: @ticipinheiro\" width=\"1080\" height=\"1788\" src=\"https:\/\/www.europesays.com\/pt\/wp-content\/uploads\/2025\/12\/ticiane-pinheiro-apresentacao-bale-filha-2.jpg\"  \/>Ticiane Pinheiro prestigia a filha em apresenta\u00e7\u00e3o de bal\u00e9 \u2013 Foto: @ticipinheiro <img loading=\"lazy\" decoding=\"async\" class=\"size-full wp-image-1040532 img-fluid lazy\" alt=\"Ticiane Pinheiro prestigia a filha em apresenta\u00e7\u00e3o de bal\u00e9 - Foto: @ticipinheiro\" width=\"1080\" height=\"1922\" src=\"https:\/\/www.europesays.com\/pt\/wp-content\/uploads\/2025\/12\/ticiane-pinheiro-apresentacao-bale-filha-3.jpg\"  \/>Ticiane Pinheiro prestigia a filha em apresenta\u00e7\u00e3o de bal\u00e9 \u2013 Foto: @ticipinheiro Ticiane Pinheiro d\u00e1 presente de anivers\u00e1rio de casamento para C\u00e9sar Tralli <\/p>\n<p>No dia dois de dezembro, Ticiane Pinheiro e C\u00e9sar Tralli completaram oito anos de casamento e sa\u00edram para comemorarem a data. Como presente, a apresentadora foi para o Rio de Janeiro jantar com o esposo e ele se derreteu ao v\u00ea-la.<\/p>\n<p>\u201cOito anos de casado e o meu presente \u00e9 a minha mulher ter vindo aqui para o Rio para jantar comigo e voltar para S\u00e3o Paulo amanh\u00e3. Te amo, obrigada por todo amor, cumplicidade e carinho, eu sou um eterno rom\u00e2ntico e eu te amo muito\u201d, <a href=\"https:\/\/caras.com.br\/datas-especiais\/cesar-tralli-mostra-presente-de-aniversario-de-casamento-que-recebeu-de-ticiane-pinheiro.phtml\" rel=\"nofollow noopener\" target=\"_blank\">disse ele ao caminhar com Ticiane Pinheiro pelas ruas cariocas<\/a>.<\/p>\n<p> Ticiane Pinheiro revela mudan\u00e7a para o Rio de Janeiro <\/p>\n<p>Com C\u00e9sar Tralli morando no Rio de Janeiro, <a href=\"https:\/\/caras.com.br\/atualidades\/ticiane-pinheiro-revela-quando-pretende-se-mudar-para-o-rio-de-janeiro-todos-juntos.phtml\" rel=\"nofollow noopener\" target=\"_blank\">Ticiane Pinheiro revelou que pretende se mudar para a Cidade Maravilhosa em 2026<\/a>.<\/p>\n<p>Em entrevista para <strong>Rodrigo Agustini<\/strong>, ela contou que pretende ir para o Rio no pr\u00f3ximo ano: \u201cSim, ano que vem estaremos todos juntos l\u00e1\u201c, declarou a comunicadora.<\/p>\n<p>\u00a0<\/p>\n<p>        <a href=\"https:\/\/caras.com.br\/autor\/nataly-paschoal\" rel=\"nofollow noopener\" target=\"_blank\">&#13;<br \/>\n          <img loading=\"lazy\" decoding=\"async\" alt=\"Nataly Paschoal\" src=\"https:\/\/www.europesays.com\/pt\/wp-content\/uploads\/2025\/11\/nataly-paschoal_sqmd.jpg\" class=\"avatar avatar-115 photo rounded-circle\" height=\"115\" width=\"115\"\/>        <\/a><\/p>\n<p><b>Nataly Paschoal <\/b>\u00e9 rep\u00f3rter de conte\u00fado do site CARAS. Formada em jornalismo pela Faculdade C\u00e1sper L\u00edbero, ela j\u00e1 passou por sites como Todateen, Sportlife e espnW. Escreve sobre celebridades, TV, reality show e novelas.<\/p>\n","protected":false},"excerpt":{"rendered":"A filha dos apresentadores C\u00e9sar Tralli e Ticiane Pinheiro, Manuella Pinheiro Tralli, de seis anos, teve uma apresenta\u00e7\u00e3o&hellip;\n","protected":false},"author":2,"featured_media":178073,"comment_status":"","ping_status":"","sticky":false,"template":"","format":"standard","meta":{"footnotes":""},"categories":[145],"tags":[211,210,114,115,36740,33945,20830,32,33,4787],"class_list":{"0":"post-178072","1":"post","2":"type-post","3":"status-publish","4":"format-standard","5":"has-post-thumbnail","7":"category-celebridades","8":"tag-celebridades","9":"tag-celebrities","10":"tag-entertainment","11":"tag-entretenimento","12":"tag-filha-cesar-tralli","13":"tag-filha-ticiane-pinheiro","14":"tag-manuella-pinheiro-tralli","15":"tag-portugal","16":"tag-pt","17":"tag-ticiane-pinheiro"},"share_on_mastodon":{"url":"https:\/\/pubeurope.com\/@pt\/115674687083313661","error":""},"_links":{"self":[{"href":"https:\/\/www.europesays.com\/pt\/wp-json\/wp\/v2\/posts\/178072","targetHints":{"allow":["GET"]}}],"collection":[{"href":"https:\/\/www.europesays.com\/pt\/wp-json\/wp\/v2\/posts"}],"about":[{"href":"https:\/\/www.europesays.com\/pt\/wp-json\/wp\/v2\/types\/post"}],"author":[{"embeddable":true,"href":"https:\/\/www.europesays.com\/pt\/wp-json\/wp\/v2\/users\/2"}],"replies":[{"embeddable":true,"href":"https:\/\/www.europesays.com\/pt\/wp-json\/wp\/v2\/comments?post=178072"}],"version-history":[{"count":0,"href":"https:\/\/www.europesays.com\/pt\/wp-json\/wp\/v2\/posts\/178072\/revisions"}],"wp:featuredmedia":[{"embeddable":true,"href":"https:\/\/www.europesays.com\/pt\/wp-json\/wp\/v2\/media\/178073"}],"wp:attachment":[{"href":"https:\/\/www.europesays.com\/pt\/wp-json\/wp\/v2\/media?parent=178072"}],"wp:term":[{"taxonomy":"category","embeddable":true,"href":"https:\/\/www.europesays.com\/pt\/wp-json\/wp\/v2\/categories?post=178072"},{"taxonomy":"post_tag","embeddable":true,"href":"https:\/\/www.europesays.com\/pt\/wp-json\/wp\/v2\/tags?post=178072"}],"curies":[{"name":"wp","href":"https:\/\/api.w.org\/{rel}","templated":true}]}}