{"id":178085,"date":"2025-12-06T21:24:16","date_gmt":"2025-12-06T21:24:16","guid":{"rendered":"https:\/\/www.europesays.com\/pt\/178085\/"},"modified":"2025-12-06T21:24:16","modified_gmt":"2025-12-06T21:24:16","slug":"montenegro-aumenta-objetivos-quer-salario-minimo-nos-1-600-euros-e-medio-nos-3-000","status":"publish","type":"post","link":"https:\/\/www.europesays.com\/pt\/178085\/","title":{"rendered":"Montenegro aumenta objetivos: quer sal\u00e1rio m\u00ednimo nos 1.600 euros e m\u00e9dio nos 3.000"},"content":{"rendered":"<p class=\"category\"><a href=\"https:\/\/sicnoticias.pt\/economia\" rel=\"nofollow noopener\" target=\"_blank\">Economia<\/a><\/p>\n<p>O primeiro-ministro disse este s\u00e1bado n\u00e3o querer &#8220;que o sal\u00e1rio m\u00e9dio chegue aos 1.600 ou 1.700&#8221;, mas sim que &#8220;chegue aos 2.500, 2.800 ou 3.000 euros&#8221;.<\/p>\n<p><img decoding=\"async\" src=\"https:\/\/www.europesays.com\/pt\/wp-content\/uploads\/2025\/12\/1765056256_742_mw-1200.webp\" alt=\"\"\/><\/p>\n<p>Loading&#8230;<\/p>\n<p><strong>O primeiro-ministro e presidente do PSD, Lu\u00eds Montenegro, aumentou este s\u00e1bado os objetivos salariais para o pa\u00eds, falando agora em 1.600 euros de sal\u00e1rio m\u00ednimo e 3.000 euros de m\u00e9dio, um dia ap\u00f3s mencionar valores inferiores.<\/strong><\/p>\n<blockquote><p>&#8220;N\u00f3s n\u00e3o queremos crescer 2% ao ano. Queremos crescer 3%, 3,5%, 4%. N\u00f3s queremos que o sal\u00e1rio m\u00ednimo n\u00e3o chegue aos 1.100 [euros]. Esse \u00e9 o objetivo que temos para esta legislatura, mas n\u00f3s queremos mais. Que chegue aos 1.500 ou aos 1.600&#8221;, disse este s\u00e1bado no encerramento do X Congresso Nacional dos Autarcas Social-Democratas (ASD), no Porto.<\/p><\/blockquote>\n<p>O primeiro-ministro, que na sexta-feira tinha sugerido aproveitar a oportunidade da poss\u00edvel mudan\u00e7a das leis laborais para elevar o sal\u00e1rio m\u00ednimo para os 1.500 euros e o m\u00e9dio para 2.000 ou 2.500, disse este s\u00e1bado<strong> n\u00e3o querer &#8220;que o sal\u00e1rio m\u00e9dio chegue aos 1.600 ou 1.700&#8221;, mas sim que &#8220;chegue aos 2.500, 2.800 ou 3.000 euros&#8221;.<\/strong><\/p>\n<p>Quer \u00e0 entrada e \u00e0 sa\u00edda do Audit\u00f3rio Nobre do Instituto Superior de Engenharia do Porto (ISEP), onde decorreu o congresso dos autarcas social-democratas, Lu\u00eds Montenegro n\u00e3o quis prestar declara\u00e7\u00f5es aos jornalistas.<\/p>\n<blockquote><p>&#8220;N\u00f3s queremos, efetivamente, criar a riqueza que possa combater a pobreza. N\u00f3s queremos um pa\u00eds que pense e execute um projeto de desenvolvimento que possa ser duradouro, que possa ser consistente, que possa ser suficientemente robusto para, cada vez mais, ser exemplar, como j\u00e1 \u00e9, hoje, \u00e0 escala europeia&#8221;, frisou no seu discurso.<\/p><\/blockquote>\n<p>O l\u00edder do PSD atirou ainda aos que &#8220;duvidam&#8221; da ambi\u00e7\u00e3o do Governo.<\/p>\n<blockquote><p>&#8220;S\u00e3o os mesmos que duvidaram que o ano passado que n\u00f3s ating\u00edamos as nossas metas or\u00e7amentais e econ\u00f3micas. Super\u00e1mo-las. S\u00e3o os mesmos que este ano tornaram a duvidar e n\u00f3s vamos tornar a superar&#8221;, assegurou.<\/p><\/blockquote>\n<p>O primeiro-ministro antecipou tamb\u00e9m que &#8220;daqui a um ano&#8221; as suas palavras &#8220;v\u00e3o fazer ainda mais sentido&#8221;, tal como daqui a quatro anos, no final da legislatura e dos mandatos aut\u00e1rquicos, que terminam ambos em setembro de 2029.<\/p>\n<p style=\"text-align: start;\">Em face dessa conflu\u00eancia de calend\u00e1rios, o primeiro-ministro afirmou que quer o Governo, quer os autarcas do PSD, que s\u00e3o a maioria na sequ\u00eancia das elei\u00e7\u00f5es aut\u00e1rquicas de outubro, t\u00eam &#8220;a faca e o queijo na m\u00e3o&#8221; quanto \u00e0 transforma\u00e7\u00e3o do pa\u00eds.<\/p>\n<blockquote style=\"text-align: start;\"><p>&#8220;Est\u00e1 nas nossas m\u00e3os, n\u00e3o nas m\u00e3os de mais ningu\u00e9m&#8221;, frisou, avisando que os social-democratas ter\u00e3o &#8220;mesmo de governar bem no Estado central e no Estado local&#8221;.<\/p><\/blockquote>\n<p style=\"text-align: start;\">Para Lu\u00eds Montenegro, &#8220;se a maioria dos autarcas tem uma filosofia pol\u00edtica mais pr\u00f3xima daquela que tem o Governo, o n\u00edvel de responsabilidade do partido dominante ainda \u00e9 maior&#8221;.<\/p>\n<p style=\"text-align: start;\">&#8220;N\u00f3s n\u00e3o temos que ter medo disso. N\u00f3s temos \u00e9 de pegar nisso e utilizar isso bem&#8221;, disse aos autarcas do PSD.<\/p>\n<p style=\"text-align: start;\">No seu discurso, disse ainda querer que os eleitos pelo PSD, quer militantes ou n\u00e3o, estejam junto do partido &#8220;porque s\u00e3o qualificados, porque sabem fazer bem, porque representam aquilo que h\u00e1 de bom&#8221; nas comunidades.<\/p>\n<blockquote style=\"text-align: start;\"><p>&#8220;Para combater os extremismos, os populismos, aqueles que t\u00eam tend\u00eancias ditatoriais, autorit\u00e1rias, n\u00f3s precisamos mesmo de ir buscar os melhores, aqueles que s\u00e3o bons e enfrentar aqueles que s\u00e3o menos bons&#8221;, classificou.<\/p><\/blockquote>\n<p style=\"text-align: start;\">Refor\u00e7ou ainda que &#8220;\u00e0 escala local e intermunicipal, h\u00e1 todas as condi\u00e7\u00f5es para que o n\u00edvel de compet\u00eancias possa ser refor\u00e7ado, evidentemente, com condi\u00e7\u00f5es financeiras pr\u00f3prias&#8221;.<\/p>\n<blockquote style=\"text-align: start;\"><p>&#8220;N\u00f3s temos mesmo de confiar nos autarcas. E n\u00f3s temos mesmo de tirar burocracia, simplificar os procedimentos \u00e0 luz da confian\u00e7a&#8221; com o &#8220;reverso da medalha&#8221; de &#8220;penalizar mais quem violar esse princ\u00edpio da confian\u00e7a&#8221;.<\/p><\/blockquote>\n<p style=\"text-align: start;\">Assim, comprometeu-se a rever o C\u00f3digo dos Contratos P\u00fablicos (CCP) e &#8220;simplificar licenciamentos&#8221;, bem como agilizar pareceres e rever prazos para pron\u00fancias.<\/p>\n","protected":false},"excerpt":{"rendered":"Economia O primeiro-ministro disse este s\u00e1bado n\u00e3o querer &#8220;que o sal\u00e1rio m\u00e9dio chegue aos 1.600 ou 1.700&#8221;, mas&hellip;\n","protected":false},"author":2,"featured_media":178086,"comment_status":"","ping_status":"","sticky":false,"template":"","format":"standard","meta":{"footnotes":""},"categories":[10],"tags":[27,28,15,16,14,25,26,21,22,12,13,19,20,32,23,24,33,17,18,29,30,31],"class_list":{"0":"post-178085","1":"post","2":"type-post","3":"status-publish","4":"format-standard","5":"has-post-thumbnail","7":"category-portugal","8":"tag-breaking-news","9":"tag-breakingnews","10":"tag-featured-news","11":"tag-featurednews","12":"tag-headlines","13":"tag-latest-news","14":"tag-latestnews","15":"tag-main-news","16":"tag-mainnews","17":"tag-news","18":"tag-noticias","19":"tag-noticias-principais","20":"tag-noticiasprincipais","21":"tag-portugal","22":"tag-principais-noticias","23":"tag-principaisnoticias","24":"tag-pt","25":"tag-top-stories","26":"tag-topstories","27":"tag-ultimas","28":"tag-ultimas-noticias","29":"tag-ultimasnoticias"},"share_on_mastodon":{"url":"https:\/\/pubeurope.com\/@pt\/115674734145278741","error":""},"_links":{"self":[{"href":"https:\/\/www.europesays.com\/pt\/wp-json\/wp\/v2\/posts\/178085","targetHints":{"allow":["GET"]}}],"collection":[{"href":"https:\/\/www.europesays.com\/pt\/wp-json\/wp\/v2\/posts"}],"about":[{"href":"https:\/\/www.europesays.com\/pt\/wp-json\/wp\/v2\/types\/post"}],"author":[{"embeddable":true,"href":"https:\/\/www.europesays.com\/pt\/wp-json\/wp\/v2\/users\/2"}],"replies":[{"embeddable":true,"href":"https:\/\/www.europesays.com\/pt\/wp-json\/wp\/v2\/comments?post=178085"}],"version-history":[{"count":0,"href":"https:\/\/www.europesays.com\/pt\/wp-json\/wp\/v2\/posts\/178085\/revisions"}],"wp:featuredmedia":[{"embeddable":true,"href":"https:\/\/www.europesays.com\/pt\/wp-json\/wp\/v2\/media\/178086"}],"wp:attachment":[{"href":"https:\/\/www.europesays.com\/pt\/wp-json\/wp\/v2\/media?parent=178085"}],"wp:term":[{"taxonomy":"category","embeddable":true,"href":"https:\/\/www.europesays.com\/pt\/wp-json\/wp\/v2\/categories?post=178085"},{"taxonomy":"post_tag","embeddable":true,"href":"https:\/\/www.europesays.com\/pt\/wp-json\/wp\/v2\/tags?post=178085"}],"curies":[{"name":"wp","href":"https:\/\/api.w.org\/{rel}","templated":true}]}}