{"id":178087,"date":"2025-12-06T21:25:10","date_gmt":"2025-12-06T21:25:10","guid":{"rendered":"https:\/\/www.europesays.com\/pt\/178087\/"},"modified":"2025-12-06T21:25:10","modified_gmt":"2025-12-06T21:25:10","slug":"um-morto-e-dois-feridos-graves-apos-queda-de-10-o-adar-observador","status":"publish","type":"post","link":"https:\/\/www.europesays.com\/pt\/178087\/","title":{"rendered":"Um morto e dois feridos graves ap\u00f3s queda de 10.\u00ba adar \u2013 Observador"},"content":{"rendered":"<p>Um mulher de 48 anos morreu e os dois filhos, de tr\u00eas anos, ficaram gravemente feridos depois de terem ca\u00eddo do 10.\u00ba andar de um pr\u00e9dio em Madrid, noticiou o <a href=\"https:\/\/www.elconfidencial.com\/espana\/2025-12-06\/mujer-muerta-hijos-madrid-1tna-1tps_4261754\/\" rel=\"nofollow noopener\" target=\"_blank\">El Confidencial<\/a>.<\/p>\n<p>O incidente ocorreu cerca das 9h da manh\u00e3 deste s\u00e1bado (8h em Lisboa), tendo o alerta sido dado \u00e0s autoridades por vizinhos. Quando os servi\u00e7os de emerg\u00eancias chegaram ao local, na bairro de Ciudad Lineal, j\u00e1 nada puderam fazer para salvar a mulher.<\/p>\n<p>Os funcion\u00e1rios da Samur \u2014 a Defesa Civil\u00a0 \u2014 confirmaram o \u00f3bito da m\u00e3e das crian\u00e7as, uma cidad\u00e3 espanhola, e prestaram socorro aos dois filhos, ambos de 3 anos, que foram estabilizados e transferidos em estado grave para dois hospitais da capital espanhola.<\/p>\n<p>A investiga\u00e7\u00e3o do incidente est\u00e1 agora entregue \u00e0 Pol\u00edcia Nacional, que, com a colabora\u00e7\u00e3o da pol\u00edcia municipal de Madrid e do Corpo de Bombeiros da C\u00e2mara Municipal, vai tentar perceber as circunst\u00e2ncias em que se deu a queda. No entanto, segundo fontes pr\u00f3ximas da investiga\u00e7\u00e3o, ouvidas pelo <a href=\"https:\/\/elpais.com\/espana\/madrid\/2025-12-06\/fallece-una-mujer-en-madrid-tras-precipitarse-de-un-decimo-piso-con-sus-dos-hijos-en-estado-grave.html\" rel=\"nofollow noopener\" target=\"_blank\">El Pa\u00eds<\/a>, est\u00e1 descartada\u00a0 a hip\u00f3tese de viol\u00eancia dom\u00e9stica. As mesmas fontes sugerem que a mulher ter\u00e1 cometido suic\u00eddio.<\/p>\n","protected":false},"excerpt":{"rendered":"Um mulher de 48 anos morreu e os dois filhos, de tr\u00eas anos, ficaram gravemente feridos depois de&hellip;\n","protected":false},"author":2,"featured_media":178088,"comment_status":"","ping_status":"","sticky":false,"template":"","format":"standard","meta":{"footnotes":""},"categories":[8],"tags":[27,28,640,445,15,16,14,25,26,6312,21,22,62,12,13,19,20,32,23,24,33,58,14441,17,18,29,30,31],"class_list":{"0":"post-178087","1":"post","2":"type-post","3":"status-publish","4":"format-standard","5":"has-post-thumbnail","7":"category-principais-noticias","8":"tag-breaking-news","9":"tag-breakingnews","10":"tag-espanha","11":"tag-europa","12":"tag-featured-news","13":"tag-featurednews","14":"tag-headlines","15":"tag-latest-news","16":"tag-latestnews","17":"tag-madrid","18":"tag-main-news","19":"tag-mainnews","20":"tag-mundo","21":"tag-news","22":"tag-noticias","23":"tag-noticias-principais","24":"tag-noticiasprincipais","25":"tag-portugal","26":"tag-principais-noticias","27":"tag-principaisnoticias","28":"tag-pt","29":"tag-sociedade","30":"tag-suicu00eddio","31":"tag-top-stories","32":"tag-topstories","33":"tag-ultimas","34":"tag-ultimas-noticias","35":"tag-ultimasnoticias"},"share_on_mastodon":{"url":"https:\/\/pubeurope.com\/@pt\/115674737868697711","error":""},"_links":{"self":[{"href":"https:\/\/www.europesays.com\/pt\/wp-json\/wp\/v2\/posts\/178087","targetHints":{"allow":["GET"]}}],"collection":[{"href":"https:\/\/www.europesays.com\/pt\/wp-json\/wp\/v2\/posts"}],"about":[{"href":"https:\/\/www.europesays.com\/pt\/wp-json\/wp\/v2\/types\/post"}],"author":[{"embeddable":true,"href":"https:\/\/www.europesays.com\/pt\/wp-json\/wp\/v2\/users\/2"}],"replies":[{"embeddable":true,"href":"https:\/\/www.europesays.com\/pt\/wp-json\/wp\/v2\/comments?post=178087"}],"version-history":[{"count":0,"href":"https:\/\/www.europesays.com\/pt\/wp-json\/wp\/v2\/posts\/178087\/revisions"}],"wp:featuredmedia":[{"embeddable":true,"href":"https:\/\/www.europesays.com\/pt\/wp-json\/wp\/v2\/media\/178088"}],"wp:attachment":[{"href":"https:\/\/www.europesays.com\/pt\/wp-json\/wp\/v2\/media?parent=178087"}],"wp:term":[{"taxonomy":"category","embeddable":true,"href":"https:\/\/www.europesays.com\/pt\/wp-json\/wp\/v2\/categories?post=178087"},{"taxonomy":"post_tag","embeddable":true,"href":"https:\/\/www.europesays.com\/pt\/wp-json\/wp\/v2\/tags?post=178087"}],"curies":[{"name":"wp","href":"https:\/\/api.w.org\/{rel}","templated":true}]}}