{"id":178112,"date":"2025-12-06T21:46:14","date_gmt":"2025-12-06T21:46:14","guid":{"rendered":"https:\/\/www.europesays.com\/pt\/178112\/"},"modified":"2025-12-06T21:46:14","modified_gmt":"2025-12-06T21:46:14","slug":"radio-educadora-90-3-fm-galvao-bueno-faz-estreia-historica-no-sbt-durante-sorteio-da-copa-de-2026","status":"publish","type":"post","link":"https:\/\/www.europesays.com\/pt\/178112\/","title":{"rendered":"R\u00e1dio Educadora 90.3 FM \u00bb Galv\u00e3o Bueno faz estreia hist\u00f3rica no SBT durante sorteio da Copa de 2026"},"content":{"rendered":"<p>                                <a href=\"\" title=\"Galv\u00e3o Bueno faz estreia hist\u00f3rica no SBT durante sorteio da Copa de 2026\">&#13;<br \/>\n                                    <img decoding=\"async\" alt=\"Foto: Reprodu\u00e7\u00e3o \/ SBT\" title=\"Galv\u00e3o Bueno faz estreia hist\u00f3rica no SBT durante sorteio da Copa de 2026\" src=\"https:\/\/www.europesays.com\/pt\/wp-content\/uploads\/2025\/12\/587814617_18159379861399817_427897833891160493_n.jpg\" class=\"size-full\"\/>&#13;<br \/>\n                                <\/a><\/p>\n<p class=\"wp-caption-text\">Foto: Reprodu\u00e7\u00e3o \/ SBT<\/p>\n<p>Em um momento que j\u00e1 entrou para a hist\u00f3ria da televis\u00e3o brasileira, Galv\u00e3o Bueno fez sua estreia no SBT nesta sexta-feira (5) durante a transmiss\u00e3o do<a href=\"https:\/\/www.portaleducadora.com\/esporte\/brasil-conhece-seus-adversarios-na-fase-de-grupos-da-copa-do-mundo-2026\/\" rel=\"nofollow noopener\" target=\"_blank\"> sorteio dos grupos da Copa do Mundo de 2026<\/a>. Ainda contratado da Band, o narrador foi liberado excepcionalmente para participar do evento \u2014 e acabou protagonizando uma tarde marcada por nostalgia, reencontros e muita emo\u00e7\u00e3o.<\/p>\n<p>\u00a0<\/p>\n<p>Logo ao chegar ao palco, Galv\u00e3o foi recebido com entusiasmo por Tiago Leifert, seu ex-parceiro de transmiss\u00f5es na Globo. O apresentador abriu espa\u00e7o para uma homenagem pessoal, revelando o impacto que o narrador teve em sua trajet\u00f3ria profissional.<\/p>\n<p>\u00a0<\/p>\n<p>\u201cDecidi trabalhar na TV por causa da Copa de 1994. A voz dele s\u00f3 me traz boas recorda\u00e7\u00f5es. Me lembra imediatamente da Sele\u00e7\u00e3o Brasileira. N\u00e3o consigo ver futebol sem pensar nos bord\u00f5es dele\u201d, afirmou Leifert antes de anunciar a entrada do veterano.<\/p>\n<p>\u00a0<\/p>\n<p>A recep\u00e7\u00e3o ganhou ainda mais leveza quando Wallace Neguer\u00ea entrou no clima nost\u00e1lgico e saudou Galv\u00e3o cantarolando a m\u00fasica do ic\u00f4nico Show de Calouros, cl\u00e1ssico de Silvio Santos. O narrador n\u00e3o conteve a emo\u00e7\u00e3o: abra\u00e7ou Leifert, cumprimentou Wallace e Mauro Beting e declarou-se pronto para a 14\u00aa cobertura de Copa do Mundo de sua carreira.<\/p>\n<p>\u00a0<\/p>\n<p><img decoding=\"async\" loading=\"lazy\" src=\"https:\/\/www.europesays.com\/pt\/wp-content\/uploads\/2025\/12\/galvao-bueno-no-sbt-860x484.webp.webp\" alt=\"V\u00cdDEO: Galv\u00e3o Bueno estreia no SBT com frase hist\u00f3rica na cobertura da Copa\" width=\"553\" height=\"311\"\/><\/p>\n<p class=\"wp-caption-text\">Foto: Reprodu\u00e7\u00e3o \/ SBT<\/p>\n<p>\u00a0<\/p>\n<p>Mesmo evitando um discurso longo sobre sua chegada ao SBT, Galv\u00e3o fez quest\u00e3o de agradecer publicamente \u00e0 Band pela libera\u00e7\u00e3o especial para o evento.<\/p>\n<p>\u00a0<\/p>\n<p>\u201cEu j\u00e1 perdi a conta de quantos sorteios acompanhei. Toda vez d\u00e1 um frio na barriga, ainda mais hoje, com essa felicidade de estrear no SBT. Primeiro agradecer \u00e0 Band e ao meu amigo Johnny Saad, porque eu tenho contrato l\u00e1 at\u00e9 31 de dezembro. A partir de 1\u00ba de janeiro estaremos oficialmente juntos aqui no SBT. Mas se me perguntar se estou nervoso, digo que estou com frio na barriga e com as pernas tremendo\u201d, declarou.<\/p>\n<p>\u00a0<\/p>\n<p>A presen\u00e7a do narrador no SBT rapidamente repercutiu nas redes sociais. O nome de Galv\u00e3o ficou entre os assuntos mais comentados do X (antigo Twitter), impulsionado pela surpresa e emo\u00e7\u00e3o dos f\u00e3s diante da cena improv\u00e1vel.<\/p>\n<p>\u00a0<\/p>\n<p>A estreia marcou n\u00e3o apenas um momento simb\u00f3lico para Galv\u00e3o, mas tamb\u00e9m uma virada na cobertura esportiva da TV aberta, inaugurando uma nova fase para o SBT \u00e0s v\u00e9speras da maior competi\u00e7\u00e3o do futebol mundial.<\/p>\n<p>\u00a0<\/p>\n<p>                Fonte: portaleducadora.com                 <\/p>\n","protected":false},"excerpt":{"rendered":"&#13; &#13; Foto: Reprodu\u00e7\u00e3o \/ SBT Em um momento que j\u00e1 entrou para a hist\u00f3ria da televis\u00e3o brasileira,&hellip;\n","protected":false},"author":2,"featured_media":178113,"comment_status":"","ping_status":"","sticky":false,"template":"","format":"standard","meta":{"footnotes":""},"categories":[141],"tags":[114,115,149,150,32,33],"class_list":{"0":"post-178112","1":"post","2":"type-post","3":"status-publish","4":"format-standard","5":"has-post-thumbnail","7":"category-musica","8":"tag-entertainment","9":"tag-entretenimento","10":"tag-music","11":"tag-musica","12":"tag-portugal","13":"tag-pt"},"share_on_mastodon":{"url":"https:\/\/pubeurope.com\/@pt\/115674820871482980","error":""},"_links":{"self":[{"href":"https:\/\/www.europesays.com\/pt\/wp-json\/wp\/v2\/posts\/178112","targetHints":{"allow":["GET"]}}],"collection":[{"href":"https:\/\/www.europesays.com\/pt\/wp-json\/wp\/v2\/posts"}],"about":[{"href":"https:\/\/www.europesays.com\/pt\/wp-json\/wp\/v2\/types\/post"}],"author":[{"embeddable":true,"href":"https:\/\/www.europesays.com\/pt\/wp-json\/wp\/v2\/users\/2"}],"replies":[{"embeddable":true,"href":"https:\/\/www.europesays.com\/pt\/wp-json\/wp\/v2\/comments?post=178112"}],"version-history":[{"count":0,"href":"https:\/\/www.europesays.com\/pt\/wp-json\/wp\/v2\/posts\/178112\/revisions"}],"wp:featuredmedia":[{"embeddable":true,"href":"https:\/\/www.europesays.com\/pt\/wp-json\/wp\/v2\/media\/178113"}],"wp:attachment":[{"href":"https:\/\/www.europesays.com\/pt\/wp-json\/wp\/v2\/media?parent=178112"}],"wp:term":[{"taxonomy":"category","embeddable":true,"href":"https:\/\/www.europesays.com\/pt\/wp-json\/wp\/v2\/categories?post=178112"},{"taxonomy":"post_tag","embeddable":true,"href":"https:\/\/www.europesays.com\/pt\/wp-json\/wp\/v2\/tags?post=178112"}],"curies":[{"name":"wp","href":"https:\/\/api.w.org\/{rel}","templated":true}]}}