{"id":178130,"date":"2025-12-06T22:00:11","date_gmt":"2025-12-06T22:00:11","guid":{"rendered":"https:\/\/www.europesays.com\/pt\/178130\/"},"modified":"2025-12-06T22:00:11","modified_gmt":"2025-12-06T22:00:11","slug":"comportamento-de-um-ex-membro-impede-dave-mustaine-de-promover-reuniao-do-megadeth","status":"publish","type":"post","link":"https:\/\/www.europesays.com\/pt\/178130\/","title":{"rendered":"&#8220;Comportamento de um ex-membro&#8221; impede Dave Mustaine de promover reuni\u00e3o do Megadeth"},"content":{"rendered":"<p>A turn\u00ea de despedida do <a href=\"https:\/\/whiplash.net\/bandas\/m\/megadeth.html\" class=\"hotwords\" rel=\"nofollow noopener\" target=\"_blank\">Megadeth<\/a> n\u00e3o tem data para acabar, mas <a href=\"https:\/\/whiplash.net\/bandas\/d\/davemustaine.html\" class=\"hotwords\" rel=\"nofollow noopener\" target=\"_blank\">Dave Mustaine<\/a> j\u00e1 conta com uma convic\u00e7\u00e3o: a de n\u00e3o chamar todos os antigos membros vivos para o \u00faltimo show. O assunto veio \u00e0 tona durante entrevista ao Trunk Nation, do radialista Eddie Trunk. Questionado sobre a possibilidade, o frontman a descartou veementemente.<\/p>\n<p>&#8220;Bem, eu realmente n\u00e3o posso fazer isso, por causa do comportamento de um dos membros da banda no passado. Simplesmente n\u00e3o posso. Em primeiro lugar, seria injusto com os outros se n\u00e3o tocasse com eles tamb\u00e9m. O que fizemos com <a href=\"https:\/\/whiplash.net\/bandas\/m\/martyfriedman.html\" class=\"hotwords\" rel=\"nofollow noopener\" target=\"_blank\">Marty Friedman<\/a> no Jap\u00e3o, foi uma decis\u00e3o \u00f3bvia. Foi brilhante. E eu adoro o Marty. Tivemos nossa separa\u00e7\u00e3o, ele seguiu o caminho dele e n\u00f3s seguimos o nosso. Mas foi uma rela\u00e7\u00e3o muito, muito intensa, a primeira que tive com um guitarrista. Meu relacionamento com Chris Poland era \u00f3timo, mas n\u00e3o t\u00e3o bom quanto com o Marty. Com Jeff Young foi bom, mas tamb\u00e9m nem pr\u00f3ximo. Provavelmente n\u00e3o teria problema em tocar com nenhum dos outros, exceto pelo fato de que Gar (Samuelson, baterista) j\u00e1 faleceu. Ent\u00e3o, simplesmente n\u00e3o vou fazer nada que possa parecer injusto.&#8221;<\/p>\n<p><a href=\"https:\/\/whiplash.net\/bandas\/m\/megadeth.html\" class=\"linkBotao\" rel=\"nofollow noopener\" target=\"_blank\">Megadeth &#8211; Mais Novidades<\/a><\/p>\n<p>CONTINUA DEPOIS DA PUBLICIDADE &#8211; CLI<\/p>\n<p>&#13;<br \/>\n&#13;<br \/>\n&#13;<br \/>\n&#13;<br \/>\n&#13;<br \/>\n&#13;<br \/>\n&#13;<br \/>\n&#13;<br \/>\n<a href=\"https:\/\/whiplash.net\/materias\/whiplash\/027002.html\" rel=\"nofollow noopener\" target=\"_blank\"><img decoding=\"async\" src=\"https:\/\/www.europesays.com\/pt\/wp-content\/uploads\/2025\/11\/anunciar_diabo_336x280.gif\" loading=\"lazy\" width=\"336\" height=\"280\" class=\"widthConstrained\" style=\"background-color:#000000;display:block;\" alt=\"Anunciar bandas e shows de Rock e Heavy Metal\"\/><\/a>&#13;<\/p>\n<p><a target=\"_blank\" href=\"https:\/\/www.europesays.com\/pt\/wp-content\/uploads\/2025\/08\/megadeth_dave_mustaine_por_travis_shinn.jpg\"><img loading=\"lazy\" decoding=\"async\" src=\"https:\/\/www.europesays.com\/pt\/wp-content\/uploads\/2025\/08\/megadeth_dave_mustaine_por_travis_shinn.jpg\" class=\"widthConstrained\" width=\"700\" height=\"424\" alt=\"Foto: Travis Shinn\"\/><\/a>Foto: Travis Shinn<\/p>\n<p>Apesar de n\u00e3o ter mencionado nomes, tudo leva a crer que Mustaine estava falando do baixista <a href=\"https:\/\/whiplash.net\/bandas\/d\/davidellefson.html\" class=\"hotwords\" rel=\"nofollow noopener\" target=\"_blank\">David Ellefson<\/a>. Segundo membro mais longevo do grupo, o m\u00fasico foi mandado embora em 2021 ap\u00f3s v\u00eddeos \u00edntimos enviados a uma f\u00e3 terem vazado online. Sua passagem original pela banda se deu entre 1983 e 2000, com o retorno acontecendo em 2010.<\/p>\n<p>Questionado se acha que o \u00faltimo show ser\u00e1 anunciado como o derradeiro ou se encerrar\u00e1 &#8220;discretamente&#8221; sua carreira de turn\u00eas sem um an\u00fancio oficial de uma apresenta\u00e7\u00e3o final, Dave respondeu: &#8220;N\u00e3o sei. Eu estava brincando com a nossa equipe e disse: &#8216;Voc\u00eas provavelmente deveriam marcar algumas datas falsas no final da turn\u00ea, das quais eu n\u00e3o saiba, para que eu n\u00e3o suba ao palco no \u00faltimo show e fique chorando feito um covarde.'&#8221;<\/p>\n<p>CONTINUA DEPOIS DA PUBLICIDADE &#8211; GOO<\/p>\n<p>&#13;<br \/>\n&#13;<br \/>\n&#13;<br \/>\n&#13;<br \/>\n<a href=\"https:\/\/whiplash.net\/materias\/whiplash\/027002.html\" rel=\"nofollow noopener\" target=\"_blank\"><img decoding=\"async\" src=\"https:\/\/www.europesays.com\/pt\/wp-content\/uploads\/2025\/11\/anunciar_diabo_336x280.gif\" loading=\"lazy\" width=\"336\" height=\"280\" alt=\"Anunciar no Whiplash.Net\"\/><\/a>&#13;<br \/>\n&#13;<br \/>\n&#13;<br \/>\n&#13;<br \/>\n&#13;<br \/>\n&#13;<br \/>\n<a href=\"https:\/\/whiplash.net\/materias\/whiplash\/027002.html\" rel=\"nofollow noopener\" target=\"_blank\"><img decoding=\"async\" src=\"https:\/\/www.europesays.com\/pt\/wp-content\/uploads\/2025\/11\/anunciar_diabo_336x280.gif\" loading=\"lazy\" width=\"336\" height=\"280\" class=\"widthConstrained\" style=\"background-color:#000000;display:block;\" alt=\"Anunciar bandas e shows de Rock e Heavy Metal\"\/><\/a>&#13;<\/p>\n<p>O <a href=\"https:\/\/whiplash.net\/bandas\/m\/megadeth.html\" class=\"hotwords\" rel=\"nofollow noopener\" target=\"_blank\">Megadeth<\/a> lan\u00e7a o \u00e1lbum que leva o nome da banda dia 23 de janeiro. A seguir, dar\u00e1 in\u00edcio \u00e0 turn\u00ea de despedida. O Brasil est\u00e1 na rota com um show em S\u00e3o Paulo. Confira detalhes completos no link abaixo.<\/p>\n<p>CONTINUA DEPOIS DA PUBLICIDADE &#8211; CLI<\/p>\n<p>&#13;<br \/>\n&#13;<br \/>\n&#13;<br \/>\n&#13;<br \/>\n&#13;<br \/>\n&#13;<br \/>\n&#13;<br \/>\n&#13;<br \/>\n<a href=\"https:\/\/whiplash.net\/materias\/whiplash\/027002.html\" rel=\"nofollow noopener\" target=\"_blank\"><img decoding=\"async\" src=\"https:\/\/www.europesays.com\/pt\/wp-content\/uploads\/2025\/11\/anunciar_diabo_336x280.gif\" loading=\"lazy\" width=\"336\" height=\"280\" class=\"widthConstrained\" style=\"background-color:#000000;display:block;\" alt=\"Anunciar bandas e shows de Rock e Heavy Metal\"\/><\/a>&#13;<\/p>\n","protected":false},"excerpt":{"rendered":"A turn\u00ea de despedida do Megadeth n\u00e3o tem data para acabar, mas Dave Mustaine j\u00e1 conta com uma&hellip;\n","protected":false},"author":2,"featured_media":33729,"comment_status":"","ping_status":"","sticky":false,"template":"","format":"standard","meta":{"footnotes":""},"categories":[141],"tags":[114,115,149,150,32,33],"class_list":{"0":"post-178130","1":"post","2":"type-post","3":"status-publish","4":"format-standard","5":"has-post-thumbnail","7":"category-musica","8":"tag-entertainment","9":"tag-entretenimento","10":"tag-music","11":"tag-musica","12":"tag-portugal","13":"tag-pt"},"share_on_mastodon":{"url":"https:\/\/pubeurope.com\/@pt\/115674876600856664","error":""},"_links":{"self":[{"href":"https:\/\/www.europesays.com\/pt\/wp-json\/wp\/v2\/posts\/178130","targetHints":{"allow":["GET"]}}],"collection":[{"href":"https:\/\/www.europesays.com\/pt\/wp-json\/wp\/v2\/posts"}],"about":[{"href":"https:\/\/www.europesays.com\/pt\/wp-json\/wp\/v2\/types\/post"}],"author":[{"embeddable":true,"href":"https:\/\/www.europesays.com\/pt\/wp-json\/wp\/v2\/users\/2"}],"replies":[{"embeddable":true,"href":"https:\/\/www.europesays.com\/pt\/wp-json\/wp\/v2\/comments?post=178130"}],"version-history":[{"count":0,"href":"https:\/\/www.europesays.com\/pt\/wp-json\/wp\/v2\/posts\/178130\/revisions"}],"wp:featuredmedia":[{"embeddable":true,"href":"https:\/\/www.europesays.com\/pt\/wp-json\/wp\/v2\/media\/33729"}],"wp:attachment":[{"href":"https:\/\/www.europesays.com\/pt\/wp-json\/wp\/v2\/media?parent=178130"}],"wp:term":[{"taxonomy":"category","embeddable":true,"href":"https:\/\/www.europesays.com\/pt\/wp-json\/wp\/v2\/categories?post=178130"},{"taxonomy":"post_tag","embeddable":true,"href":"https:\/\/www.europesays.com\/pt\/wp-json\/wp\/v2\/tags?post=178130"}],"curies":[{"name":"wp","href":"https:\/\/api.w.org\/{rel}","templated":true}]}}