{"id":17821,"date":"2025-08-06T01:20:18","date_gmt":"2025-08-06T01:20:18","guid":{"rendered":"https:\/\/www.europesays.com\/pt\/17821\/"},"modified":"2025-08-06T01:20:18","modified_gmt":"2025-08-06T01:20:18","slug":"dona-de-mim-nao-sera-a-mesma-sem-tony-ramos-e-tera-que-provar-que-pode-se-reerguer","status":"publish","type":"post","link":"https:\/\/www.europesays.com\/pt\/17821\/","title":{"rendered":"Dona de Mim n\u00e3o ser\u00e1 a mesma sem Tony Ramos e ter\u00e1 que provar que pode se reerguer"},"content":{"rendered":"<p>                        <a href=\"https:\/\/img.nsctotal.com.br\/wp-content\/uploads\/2025\/07\/Festa-dos-60-anos-da-Boaz-em-Dona-de-Mim-7.jpg\" data-caption=\"(Foto: Divulga\u00e7\u00e3o, Globo)\" aria-label=\"(Foto: Divulga\u00e7\u00e3o, Globo)\" rel=\"nofollow noopener\" target=\"_blank\"><img width=\"944\" height=\"531\" src=\"https:\/\/www.europesays.com\/pt\/wp-content\/uploads\/2025\/08\/Festa-dos-60-anos-da-Boaz-em-Dona-de-Mim-7-944x531.jpg\" class=\"attachment-custom-large size-custom-large article-featured-image\" alt=\"Festa dos 60 anos da Boaz em Dona de Mim (7)\" fetchpriority=\"high\" decoding=\"async\"  \/><\/a><\/p>\n<p>Tony Ramos sai de Dona de Mim e emociona telespectadores (Foto: Divulga\u00e7\u00e3o, Globo)<\/p>\n<p>Ter Tony Ramos em um elenco \u00e9 sinal de que o autor da novela \u00e9 prestigiado e assim aconteceu com Rosane Svartman em Dona de Mim. A autora costuma reservar papeis especiais para medalh\u00f5es da Globo. <\/p>\n<p>Continua depois da publicidade<\/p>\n<p>Foi assim com Gloria Menezes em Totalmente Demais, Ant\u00f4nio Fagundes em Bom Sucesso, Renata Sorrah em Vai na F\u00e9 e agora Tony Ramos, como o Abel de Dona de Mim. No cap\u00edtulo desta ter\u00e7a-feira (5), o ator se despediu da novela, depois que o empres\u00e1rio sofreu um acidente e ser\u00e1 dado como morto.<\/p>\n<p>Voltando ou n\u00e3o para a novela, Tony Ramos foi fundamental para esses primeiros 80 cap\u00edtulos de Dona de Mim. \u00c9 poss\u00edvel afirmar que a novela que come\u00e7ou prometendo e depois perdeu for\u00e7a e viu sua audi\u00eancia empacar, s\u00f3 n\u00e3o foi pior porque tinha Tony Ramos.<\/p>\n<p>Voc\u00ea sabe quem est\u00e1 no elenco de Dona de Mim?<a href=\"https:\/\/www.europesays.com\/pt\/wp-content\/uploads\/2025\/08\/Elenco-Dona-de-Mim.jpg\"><a href=\"https:\/\/www.europesays.com\/pt\/wp-content\/uploads\/2025\/08\/Elenco-Dona-de-Mim.jpg\" aria-label=\"Imagem da Galeria\"><img loading=\"lazy\" decoding=\"async\" width=\"1200\" height=\"675\" data-id=\"7560361\" src=\"https:\/\/www.europesays.com\/pt\/wp-content\/uploads\/2025\/08\/Elenco-Dona-de-Mim.jpg\" alt=\"elenco dona de mim\" class=\"wp-image-7560361\"  \/><\/a><\/p>\n<p>Fam\u00edlia Boaz (Foto: Divulga\u00e7\u00e3o, Globo)<\/p>\n<p><a href=\"https:\/\/www.europesays.com\/pt\/wp-content\/uploads\/2025\/08\/Elenco-Dona-de-Mim-26.jpg\"><a href=\"https:\/\/www.europesays.com\/pt\/wp-content\/uploads\/2025\/08\/Elenco-Dona-de-Mim-26.jpg\" aria-label=\"Imagem da Galeria\"><img loading=\"lazy\" decoding=\"async\" width=\"1200\" height=\"675\" data-id=\"7560334\" src=\"https:\/\/www.europesays.com\/pt\/wp-content\/uploads\/2025\/08\/Elenco-Dona-de-Mim-26.jpg\" alt=\"\" class=\"wp-image-7560334\"  \/><\/a><\/p>\n<p>Leo \u2013 Clara Moneke (Foto: Divulga\u00e7\u00e3o, Globo)<\/p>\n<p><a href=\"https:\/\/www.europesays.com\/pt\/wp-content\/uploads\/2025\/08\/Elenco-Dona-de-Mim-29.jpg\"><a href=\"https:\/\/www.europesays.com\/pt\/wp-content\/uploads\/2025\/08\/Elenco-Dona-de-Mim-29.jpg\" aria-label=\"Imagem da Galeria\"><img loading=\"lazy\" decoding=\"async\" width=\"1200\" height=\"675\" data-id=\"7560329\" src=\"https:\/\/www.europesays.com\/pt\/wp-content\/uploads\/2025\/08\/Elenco-Dona-de-Mim-29.jpg\" alt=\"elenco dona de mim\" class=\"wp-image-7560329\"  \/><\/a><\/p>\n<p>Sofia \u2013 Elis Cabral (Foto: Divulga\u00e7\u00e3o, Globo)<\/p>\n<p><a href=\"https:\/\/www.europesays.com\/pt\/wp-content\/uploads\/2025\/08\/Elenco-Dona-de-Mim-24.jpg\"><a href=\"https:\/\/www.europesays.com\/pt\/wp-content\/uploads\/2025\/08\/Elenco-Dona-de-Mim-24.jpg\" aria-label=\"Imagem da Galeria\"><img loading=\"lazy\" decoding=\"async\" width=\"1200\" height=\"675\" data-id=\"7560331\" src=\"https:\/\/www.europesays.com\/pt\/wp-content\/uploads\/2025\/08\/Elenco-Dona-de-Mim-24.jpg\" alt=\"\" class=\"wp-image-7560331\"  \/><\/a><\/p>\n<p>Abel \u2013 Tony Ramos (Foto: Divulga\u00e7\u00e3o, Globo)<\/p>\n<p><a href=\"https:\/\/www.europesays.com\/pt\/wp-content\/uploads\/2025\/08\/Elenco-Dona-de-Mim-32.jpg\"><a href=\"https:\/\/www.europesays.com\/pt\/wp-content\/uploads\/2025\/08\/Elenco-Dona-de-Mim-32.jpg\" aria-label=\"Imagem da Galeria\"><img loading=\"lazy\" decoding=\"async\" width=\"1200\" height=\"675\" data-id=\"7560326\" src=\"https:\/\/www.europesays.com\/pt\/wp-content\/uploads\/2025\/08\/Elenco-Dona-de-Mim-32.jpg\" alt=\"elenco dona de mim\" class=\"wp-image-7560326\"  \/><\/a><\/p>\n<p>Filipa \u2013 Cl\u00e1udia Abreu (Foto: Divulga\u00e7\u00e3o, Globo)<\/p>\n<p><a href=\"https:\/\/www.europesays.com\/pt\/wp-content\/uploads\/2025\/08\/Elenco-Dona-de-Mim-23.jpg\"><a href=\"https:\/\/www.europesays.com\/pt\/wp-content\/uploads\/2025\/08\/Elenco-Dona-de-Mim-23.jpg\" aria-label=\"Imagem da Galeria\"><img loading=\"lazy\" decoding=\"async\" width=\"1200\" height=\"675\" data-id=\"7560330\" src=\"https:\/\/www.europesays.com\/pt\/wp-content\/uploads\/2025\/08\/Elenco-Dona-de-Mim-23.jpg\" alt=\"\" class=\"wp-image-7560330\"  \/><\/a><\/p>\n<p>Samuel \u2013 Juan Paiva (Foto: Divulga\u00e7\u00e3o, Globo)<\/p>\n<p><a href=\"https:\/\/www.europesays.com\/pt\/wp-content\/uploads\/2025\/08\/Elenco-Dona-de-Mim-4.jpg\"><a href=\"https:\/\/www.europesays.com\/pt\/wp-content\/uploads\/2025\/08\/Elenco-Dona-de-Mim-4.jpg\" aria-label=\"Imagem da Galeria\"><img loading=\"lazy\" decoding=\"async\" width=\"1200\" height=\"675\" data-id=\"7560357\" src=\"https:\/\/www.europesays.com\/pt\/wp-content\/uploads\/2025\/08\/Elenco-Dona-de-Mim-4.jpg\" alt=\"elenco dona de mim\" class=\"wp-image-7560357\"  \/><\/a><\/p>\n<p>Davi \u2013 Raffa Vitti (Foto: Divulga\u00e7\u00e3o, Globo)<\/p>\n<p><a href=\"https:\/\/www.europesays.com\/pt\/wp-content\/uploads\/2025\/08\/Elenco-Dona-de-Mim-9.jpg\"><a href=\"https:\/\/www.europesays.com\/pt\/wp-content\/uploads\/2025\/08\/Elenco-Dona-de-Mim-9.jpg\" aria-label=\"Imagem da Galeria\"><img loading=\"lazy\" decoding=\"async\" width=\"1200\" height=\"675\" data-id=\"7560345\" src=\"https:\/\/www.europesays.com\/pt\/wp-content\/uploads\/2025\/08\/Elenco-Dona-de-Mim-9.jpg\" alt=\"\" class=\"wp-image-7560345\"  \/><\/a><\/p>\n<p>Kami \u2013 Giovanna Lancellotti (Foto: Divulga\u00e7\u00e3o, Globo)<\/p>\n<p><a href=\"https:\/\/www.europesays.com\/pt\/wp-content\/uploads\/2025\/08\/Elenco-Dona-de-Mim-7.jpg\"><a href=\"https:\/\/www.europesays.com\/pt\/wp-content\/uploads\/2025\/08\/Elenco-Dona-de-Mim-7.jpg\" aria-label=\"Imagem da Galeria\"><img loading=\"lazy\" decoding=\"async\" width=\"1200\" height=\"675\" data-id=\"7560360\" src=\"https:\/\/www.europesays.com\/pt\/wp-content\/uploads\/2025\/08\/Elenco-Dona-de-Mim-7.jpg\" alt=\"\" class=\"wp-image-7560360\"  \/><\/a><\/p>\n<p>Marlon \u2013 Humberto Moraes (Foto: Divulga\u00e7\u00e3o, Globo)<\/p>\n<p><a href=\"https:\/\/www.europesays.com\/pt\/wp-content\/uploads\/2025\/08\/Elenco-Dona-de-Mim-19.jpg\"><a href=\"https:\/\/www.europesays.com\/pt\/wp-content\/uploads\/2025\/08\/Elenco-Dona-de-Mim-19.jpg\" aria-label=\"Imagem da Galeria\"><img loading=\"lazy\" decoding=\"async\" width=\"1200\" height=\"675\" data-id=\"7560340\" src=\"https:\/\/www.europesays.com\/pt\/wp-content\/uploads\/2025\/08\/Elenco-Dona-de-Mim-19.jpg\" alt=\"elenco dona de mim\" class=\"wp-image-7560340\"  \/><\/a><\/p>\n<p>Jaques \u2013 Marcello Novaes (Foto: Divulga\u00e7\u00e3o, Globo)<\/p>\n<p><a href=\"https:\/\/www.europesays.com\/pt\/wp-content\/uploads\/2025\/08\/Elenco-Dona-de-Mim-22.jpg\"><a href=\"https:\/\/www.europesays.com\/pt\/wp-content\/uploads\/2025\/08\/Elenco-Dona-de-Mim-22.jpg\" aria-label=\"Imagem da Galeria\"><img loading=\"lazy\" decoding=\"async\" width=\"1200\" height=\"675\" data-id=\"7560343\" src=\"https:\/\/www.europesays.com\/pt\/wp-content\/uploads\/2025\/08\/Elenco-Dona-de-Mim-22.jpg\" alt=\"\" class=\"wp-image-7560343\"  \/><\/a><\/p>\n<p>Vanderson \u2013 Armando Babaioff (Foto: Divulga\u00e7\u00e3o, Globo)<\/p>\n<p><a href=\"https:\/\/www.europesays.com\/pt\/wp-content\/uploads\/2025\/08\/Elenco-Dona-de-Mim-20.jpg\"><a href=\"https:\/\/www.europesays.com\/pt\/wp-content\/uploads\/2025\/08\/Elenco-Dona-de-Mim-20.jpg\" aria-label=\"Imagem da Galeria\"><img loading=\"lazy\" decoding=\"async\" width=\"1200\" height=\"675\" data-id=\"7560342\" src=\"https:\/\/www.europesays.com\/pt\/wp-content\/uploads\/2025\/08\/Elenco-Dona-de-Mim-20.jpg\" alt=\"elenco dona de mim\" class=\"wp-image-7560342\"  \/><\/a><\/p>\n<p>Danilo \u2013 Felipe Simas (Foto: Divulga\u00e7\u00e3o, Globo)<\/p>\n<p><a href=\"https:\/\/www.europesays.com\/pt\/wp-content\/uploads\/2025\/08\/Elenco-Dona-de-Mim-28.jpg\"><a href=\"https:\/\/www.europesays.com\/pt\/wp-content\/uploads\/2025\/08\/Elenco-Dona-de-Mim-28.jpg\" aria-label=\"Imagem da Galeria\"><img loading=\"lazy\" decoding=\"async\" width=\"1200\" height=\"675\" data-id=\"7560336\" src=\"https:\/\/www.europesays.com\/pt\/wp-content\/uploads\/2025\/08\/Elenco-Dona-de-Mim-28.jpg\" alt=\"\" class=\"wp-image-7560336\"  \/><\/a><\/p>\n<p>Rosa \u2013 Suely Franco (Foto: Divulga\u00e7\u00e3o, Globo)<\/p>\n<p><a href=\"https:\/\/www.europesays.com\/pt\/wp-content\/uploads\/2025\/08\/Elenco-Dona-de-Mim-18.jpg\"><a href=\"https:\/\/www.europesays.com\/pt\/wp-content\/uploads\/2025\/08\/Elenco-Dona-de-Mim-18.jpg\" aria-label=\"Imagem da Galeria\"><img loading=\"lazy\" decoding=\"async\" width=\"1200\" height=\"675\" data-id=\"7560339\" src=\"https:\/\/www.europesays.com\/pt\/wp-content\/uploads\/2025\/08\/Elenco-Dona-de-Mim-18.jpg\" alt=\"elenco dona de mim\" class=\"wp-image-7560339\"  \/><\/a><\/p>\n<p>T\u00e2nia \u2013 Aline Borges (Foto: Divulga\u00e7\u00e3o, Globo)<\/p>\n<p><a href=\"https:\/\/www.europesays.com\/pt\/wp-content\/uploads\/2025\/08\/Elenco-Dona-de-Mim-34.jpg\"><a href=\"https:\/\/www.europesays.com\/pt\/wp-content\/uploads\/2025\/08\/Elenco-Dona-de-Mim-34.jpg\" aria-label=\"Imagem da Galeria\"><img loading=\"lazy\" decoding=\"async\" width=\"1200\" height=\"675\" data-id=\"7560328\" src=\"https:\/\/www.europesays.com\/pt\/wp-content\/uploads\/2025\/08\/Elenco-Dona-de-Mim-34.jpg\" alt=\"\" class=\"wp-image-7560328\"  \/><\/a><\/p>\n<p>Jussara \u2013 Vilma Melo (Foto: Divulga\u00e7\u00e3o, Globo)<\/p>\n<p><a href=\"https:\/\/www.europesays.com\/pt\/wp-content\/uploads\/2025\/08\/Elenco-Dona-de-Mim-33.jpg\"><a href=\"https:\/\/www.europesays.com\/pt\/wp-content\/uploads\/2025\/08\/Elenco-Dona-de-Mim-33.jpg\" aria-label=\"Imagem da Galeria\"><img loading=\"lazy\" decoding=\"async\" width=\"1200\" height=\"675\" data-id=\"7560327\" src=\"https:\/\/www.europesays.com\/pt\/wp-content\/uploads\/2025\/08\/Elenco-Dona-de-Mim-33.jpg\" alt=\"elenco dona de mim\" class=\"wp-image-7560327\"  \/><\/a><\/p>\n<p>Pam \u2013 Haon\u00ea Thinar (Foto: Divulga\u00e7\u00e3o, Globo)<\/p>\n<p><a href=\"https:\/\/www.europesays.com\/pt\/wp-content\/uploads\/2025\/08\/Elenco-Dona-de-Mim-25.jpg\"><a href=\"https:\/\/www.europesays.com\/pt\/wp-content\/uploads\/2025\/08\/Elenco-Dona-de-Mim-25.jpg\" aria-label=\"Imagem da Galeria\"><img loading=\"lazy\" decoding=\"async\" width=\"1200\" height=\"675\" data-id=\"7560332\" src=\"https:\/\/www.europesays.com\/pt\/wp-content\/uploads\/2025\/08\/Elenco-Dona-de-Mim-25.jpg\" alt=\"\" class=\"wp-image-7560332\"  \/><\/a><\/p>\n<p>Ryan \u2013 L7 (Foto: Divulga\u00e7\u00e3o, Globo)<\/p>\n<p><a href=\"https:\/\/www.europesays.com\/pt\/wp-content\/uploads\/2025\/08\/Elenco-Dona-de-Mim-36.jpg\"><a href=\"https:\/\/www.europesays.com\/pt\/wp-content\/uploads\/2025\/08\/Elenco-Dona-de-Mim-36.jpg\" aria-label=\"Imagem da Galeria\"><img loading=\"lazy\" decoding=\"async\" width=\"1200\" height=\"675\" data-id=\"7560324\" src=\"https:\/\/www.europesays.com\/pt\/wp-content\/uploads\/2025\/08\/Elenco-Dona-de-Mim-36.jpg\" alt=\"elenco dona de mim\" class=\"wp-image-7560324\"  \/><\/a><\/p>\n<p>Lucas \u2013 Pedro Henrique Ferreira (Foto: Divulga\u00e7\u00e3o, Globo)<\/p>\n<p><a href=\"https:\/\/www.europesays.com\/pt\/wp-content\/uploads\/2025\/08\/Elenco-Dona-de-Mim-5.jpg\"><a href=\"https:\/\/www.europesays.com\/pt\/wp-content\/uploads\/2025\/08\/Elenco-Dona-de-Mim-5.jpg\" aria-label=\"Imagem da Galeria\"><img loading=\"lazy\" decoding=\"async\" width=\"1200\" height=\"675\" data-id=\"7560358\" src=\"https:\/\/www.europesays.com\/pt\/wp-content\/uploads\/2025\/08\/Elenco-Dona-de-Mim-5.jpg\" alt=\"\" class=\"wp-image-7560358\"  \/><\/a><\/p>\n<p>(Foto: Divulga\u00e7\u00e3o, Globo)<\/p>\n<p><a href=\"https:\/\/www.europesays.com\/pt\/wp-content\/uploads\/2025\/08\/Elenco-Dona-de-Mim-27.jpg\"><a href=\"https:\/\/www.europesays.com\/pt\/wp-content\/uploads\/2025\/08\/Elenco-Dona-de-Mim-27.jpg\" aria-label=\"Imagem da Galeria\"><img loading=\"lazy\" decoding=\"async\" width=\"1200\" height=\"675\" data-id=\"7560335\" src=\"https:\/\/www.europesays.com\/pt\/wp-content\/uploads\/2025\/08\/Elenco-Dona-de-Mim-27.jpg\" alt=\"elenco dona de mim\" class=\"wp-image-7560335\"  \/><\/a><\/p>\n<p>Stephany \u2013 Nikolly Fernandes (Foto: Divulga\u00e7\u00e3o, Globo)<\/p>\n<p><a href=\"https:\/\/www.europesays.com\/pt\/wp-content\/uploads\/2025\/08\/Elenco-Dona-de-Mim-16.jpg\"><a href=\"https:\/\/www.europesays.com\/pt\/wp-content\/uploads\/2025\/08\/Elenco-Dona-de-Mim-16.jpg\" aria-label=\"Imagem da Galeria\"><img loading=\"lazy\" decoding=\"async\" width=\"1200\" height=\"675\" data-id=\"7560337\" src=\"https:\/\/www.europesays.com\/pt\/wp-content\/uploads\/2025\/08\/Elenco-Dona-de-Mim-16.jpg\" alt=\"\" class=\"wp-image-7560337\"  \/><\/a><\/p>\n<p>Ricardo \u2013 Marcos Pasquim (Foto: Divulga\u00e7\u00e3o, Globo)<\/p>\n<p><a href=\"https:\/\/www.europesays.com\/pt\/wp-content\/uploads\/2025\/08\/Elenco-Dona-de-Mim-8.jpg\"><a href=\"https:\/\/www.europesays.com\/pt\/wp-content\/uploads\/2025\/08\/Elenco-Dona-de-Mim-8.jpg\" aria-label=\"Imagem da Galeria\"><img loading=\"lazy\" decoding=\"async\" width=\"1200\" height=\"675\" data-id=\"7560344\" src=\"https:\/\/www.europesays.com\/pt\/wp-content\/uploads\/2025\/08\/Elenco-Dona-de-Mim-8.jpg\" alt=\"elenco dona de mim\" class=\"wp-image-7560344\"  \/><\/a><\/p>\n<p>Yara \u2013 Cyda Moreno (Foto: Divulga\u00e7\u00e3o, Globo)<\/p>\n<p><a href=\"https:\/\/www.europesays.com\/pt\/wp-content\/uploads\/2025\/08\/Elenco-Dona-de-Mim-11.jpg\"><a href=\"https:\/\/www.europesays.com\/pt\/wp-content\/uploads\/2025\/08\/Elenco-Dona-de-Mim-11.jpg\" aria-label=\"Imagem da Galeria\"><img loading=\"lazy\" decoding=\"async\" width=\"1200\" height=\"675\" data-id=\"7560348\" src=\"https:\/\/www.europesays.com\/pt\/wp-content\/uploads\/2025\/08\/Elenco-Dona-de-Mim-11.jpg\" alt=\"\" class=\"wp-image-7560348\"  \/><\/a><\/p>\n<p>Dara \u2013 Cecilia Chancez (Foto: Divulga\u00e7\u00e3o, Globo)<\/p>\n<p><a href=\"https:\/\/www.europesays.com\/pt\/wp-content\/uploads\/2025\/08\/Elenco-Dona-de-Mim-13.jpg\"><a href=\"https:\/\/www.europesays.com\/pt\/wp-content\/uploads\/2025\/08\/Elenco-Dona-de-Mim-13.jpg\" aria-label=\"Imagem da Galeria\"><img loading=\"lazy\" decoding=\"async\" width=\"1200\" height=\"675\" data-id=\"7560350\" src=\"https:\/\/www.europesays.com\/pt\/wp-content\/uploads\/2025\/08\/Elenco-Dona-de-Mim-13.jpg\" alt=\"elenco dona de mim\" class=\"wp-image-7560350\"  \/><\/a><\/p>\n<p>Peter \u2013 Pedro Fernandes (Foto: Divulga\u00e7\u00e3o, Globo)<\/p>\n<p><a href=\"https:\/\/www.europesays.com\/pt\/wp-content\/uploads\/2025\/08\/Elenco-Dona-de-Mim-15.jpg\"><a href=\"https:\/\/www.europesays.com\/pt\/wp-content\/uploads\/2025\/08\/Elenco-Dona-de-Mim-15.jpg\" aria-label=\"Imagem da Galeria\"><img loading=\"lazy\" decoding=\"async\" width=\"1200\" height=\"675\" data-id=\"7560352\" src=\"https:\/\/www.europesays.com\/pt\/wp-content\/uploads\/2025\/08\/Elenco-Dona-de-Mim-15.jpg\" alt=\"\" class=\"wp-image-7560352\"  \/><\/a><\/p>\n<p>Manoel \u2013 Ernani Moraes (Foto: Divulga\u00e7\u00e3o, Globo)<\/p>\n<p><a href=\"https:\/\/www.europesays.com\/pt\/wp-content\/uploads\/2025\/08\/Elenco-Dona-de-Mim-2.jpg\"><a href=\"https:\/\/www.europesays.com\/pt\/wp-content\/uploads\/2025\/08\/Elenco-Dona-de-Mim-2.jpg\" aria-label=\"Imagem da Galeria\"><img loading=\"lazy\" decoding=\"async\" width=\"1200\" height=\"675\" data-id=\"7560354\" src=\"https:\/\/www.europesays.com\/pt\/wp-content\/uploads\/2025\/08\/Elenco-Dona-de-Mim-2.jpg\" alt=\"elenco dona de mim\" class=\"wp-image-7560354\"  \/><\/a><\/p>\n<p>Natara \u2013 Carol Marra (Foto: Divulga\u00e7\u00e3o, Globo)<\/p>\n<p><a href=\"https:\/\/www.europesays.com\/pt\/wp-content\/uploads\/2025\/08\/Elenco-Dona-de-Mim-12.jpg\"><a href=\"https:\/\/www.europesays.com\/pt\/wp-content\/uploads\/2025\/08\/Elenco-Dona-de-Mim-12.jpg\" aria-label=\"Imagem da Galeria\"><img loading=\"lazy\" decoding=\"async\" width=\"1200\" height=\"675\" data-id=\"7560349\" src=\"https:\/\/www.europesays.com\/pt\/wp-content\/uploads\/2025\/08\/Elenco-Dona-de-Mim-12.jpg\" alt=\"\" class=\"wp-image-7560349\"  \/><\/a><\/p>\n<p>Gisele \u2013 Luana Tanaka (Foto: Divulga\u00e7\u00e3o, Globo)<\/p>\n<p><a href=\"https:\/\/www.europesays.com\/pt\/wp-content\/uploads\/2025\/08\/Elenco-Dona-de-Mim-17.jpg\"><a href=\"https:\/\/www.europesays.com\/pt\/wp-content\/uploads\/2025\/08\/Elenco-Dona-de-Mim-17.jpg\" aria-label=\"Imagem da Galeria\"><img loading=\"lazy\" decoding=\"async\" width=\"1200\" height=\"675\" data-id=\"7560338\" src=\"https:\/\/www.europesays.com\/pt\/wp-content\/uploads\/2025\/08\/Elenco-Dona-de-Mim-17.jpg\" alt=\"elenco dona de mim\" class=\"wp-image-7560338\"  \/><\/a><\/p>\n<p>Denise \u2013 Cris Larin (Foto: Divulga\u00e7\u00e3o, Globo)<\/p>\n<p><a href=\"https:\/\/www.europesays.com\/pt\/wp-content\/uploads\/2025\/08\/Elenco-Dona-de-Mim-6.jpg\"><a href=\"https:\/\/www.europesays.com\/pt\/wp-content\/uploads\/2025\/08\/Elenco-Dona-de-Mim-6.jpg\" aria-label=\"Imagem da Galeria\"><img loading=\"lazy\" decoding=\"async\" width=\"1200\" height=\"675\" data-id=\"7560359\" src=\"https:\/\/www.europesays.com\/pt\/wp-content\/uploads\/2025\/08\/Elenco-Dona-de-Mim-6.jpg\" alt=\"\" class=\"wp-image-7560359\"  \/><\/a><\/p>\n<p>Breno \u2013 Gabriel Sanches (Foto: Divulga\u00e7\u00e3o, Globo)<\/p>\n<p>VoltarAvan\u00e7ar<\/p>\n<p>Continua depois da publicidade<\/p>\n<p>Abel \u00e9 um personagem mais do que central. Conecta n\u00facleos, tem rela\u00e7\u00e3o intensa com v\u00e1rios personagens principais. A interpreta\u00e7\u00e3o de Tony Ramos garantiu cenas incr\u00edveis e emocionantes desde o primeiro cap\u00edtulo, com Camila Pitanga.<\/p>\n<p>De l\u00e1 para c\u00e1, ele teve grandes momentos com Suely Franco, Clara Moneke, Juan Paiva, Raffa Vitti, Marcello Novaes e Claudia Abreu. Por\u00e9m, nada se compara \u00e0 qu\u00edmica entre Abel e Sofia.  Nas redes sociais, as cenas do veterano com a atriz mirim Elis Cabral sempre foram as mais comentadas.<\/p>\n<p>Com os grandes nomes da televis\u00e3o brasileira cada vez mais raros em novelas, Tony Ramos \u00e9 um ponto fora da curva. Estava em Terra e Paix\u00e3o h\u00e1 menos de dois anos. Frequente em novelas de Manoel Carlos e Silvio de Abreu, Tony j\u00e1 foi disputado e <a href=\"https:\/\/memoriaglobo.globo.com\/perfil\/tony-ramos\/noticia\/tony-ramos.ghtml\" rel=\"nofollow noopener\" target=\"_blank\"><strong>passeou por v\u00e1rios autores<\/strong><\/a>, como Gl\u00f3ria Perez, Benedito Ruy Barbosa, Gilberto Braga, Walcyr Carrasco, Jo\u00e3o Emanuel Carneiro e mais.<\/p>\n<p>Continua depois da publicidade<\/p>\n<p>Nos \u00faltimos anos ficou cada vez mais comum ver Tony Ramos dando depoimentos sempre que algum ator ou atriz morria. Querido por todos, sempre teve uma palavra af\u00e1vel para falar dos colegas. O ator tamb\u00e9m passou por um problema de sa\u00fade, logo depois de Terra e Paix\u00e3o. Recuperado, segue firme, foi jurado no The Masked Singer Brasil e aceitou o papel de Abel.<\/p>\n<p>Escalado para uma novela das sete, escolhida a dedo para preencher o hor\u00e1rio no ano em que a Globo completa 60 anos, Tony Ramos mais uma vez cumpriu seu papel. Sai de cena, deixando possibilidades para a novela deslanchar.<\/p>\n<p>Mesmo assim, \u00e9 uma baixa e tanto para Dona de Mim. \u00c0 Rosane Svartman, dire\u00e7\u00e3o e elenco da novela das sete cabe fazer valer a pena a honra de ter Tony Ramos no elenco e toda sua entrega em um dos melhores papeis dos \u00faltimos anos da carreira dele. Obrigado, Tony!<\/p>\n<p>Continua depois da publicidade<\/p>\n<p><strong><a href=\"https:\/\/www.nsctotal.com.br\/noticias\/abel-reaparece-pela-primeira-vez-depois-de-morrer-em-dona-de-mim\" target=\"_blank\" rel=\"noreferrer noopener nofollow\">Abel reaparece pela primeira vez depois de morrer em Dona de Mim<\/a> <\/strong>e <a href=\"https:\/\/www.nsctotal.com.br\/noticias\/dona-de-mim-novela-tem-um-erro-que-vai-na-fe-nunca-cometeu\" rel=\"nofollow noopener\" target=\"_blank\"><strong>Dona de Mim: novela tem um erro que Vai na F\u00e9 nunca cometeu<\/strong><\/a><\/p>\n","protected":false},"excerpt":{"rendered":"Tony Ramos sai de Dona de Mim e emociona telespectadores (Foto: Divulga\u00e7\u00e3o, Globo) Ter Tony Ramos em um&hellip;\n","protected":false},"author":2,"featured_media":17822,"comment_status":"","ping_status":"","sticky":false,"template":"","format":"standard","meta":{"footnotes":""},"categories":[142],"tags":[114,115,32,33,151,543],"class_list":{"0":"post-17821","1":"post","2":"type-post","3":"status-publish","4":"format-standard","5":"has-post-thumbnail","7":"category-tv","8":"tag-entertainment","9":"tag-entretenimento","10":"tag-portugal","11":"tag-pt","12":"tag-tv","13":"tag-ver-ouvir-ler"},"share_on_mastodon":{"url":"","error":""},"_links":{"self":[{"href":"https:\/\/www.europesays.com\/pt\/wp-json\/wp\/v2\/posts\/17821","targetHints":{"allow":["GET"]}}],"collection":[{"href":"https:\/\/www.europesays.com\/pt\/wp-json\/wp\/v2\/posts"}],"about":[{"href":"https:\/\/www.europesays.com\/pt\/wp-json\/wp\/v2\/types\/post"}],"author":[{"embeddable":true,"href":"https:\/\/www.europesays.com\/pt\/wp-json\/wp\/v2\/users\/2"}],"replies":[{"embeddable":true,"href":"https:\/\/www.europesays.com\/pt\/wp-json\/wp\/v2\/comments?post=17821"}],"version-history":[{"count":0,"href":"https:\/\/www.europesays.com\/pt\/wp-json\/wp\/v2\/posts\/17821\/revisions"}],"wp:featuredmedia":[{"embeddable":true,"href":"https:\/\/www.europesays.com\/pt\/wp-json\/wp\/v2\/media\/17822"}],"wp:attachment":[{"href":"https:\/\/www.europesays.com\/pt\/wp-json\/wp\/v2\/media?parent=17821"}],"wp:term":[{"taxonomy":"category","embeddable":true,"href":"https:\/\/www.europesays.com\/pt\/wp-json\/wp\/v2\/categories?post=17821"},{"taxonomy":"post_tag","embeddable":true,"href":"https:\/\/www.europesays.com\/pt\/wp-json\/wp\/v2\/tags?post=17821"}],"curies":[{"name":"wp","href":"https:\/\/api.w.org\/{rel}","templated":true}]}}