{"id":178214,"date":"2025-12-06T23:21:13","date_gmt":"2025-12-06T23:21:13","guid":{"rendered":"https:\/\/www.europesays.com\/pt\/178214\/"},"modified":"2025-12-06T23:21:13","modified_gmt":"2025-12-06T23:21:13","slug":"borboleta-gigante-se-forma-no-universo-e-impressiona-cientistas-gazeta-de-sao-paulo","status":"publish","type":"post","link":"https:\/\/www.europesays.com\/pt\/178214\/","title":{"rendered":"&#039;Borboleta gigante&#039; se forma no universo e impressiona cientistas &#8211; Gazeta de S\u00e3o Paulo"},"content":{"rendered":"<ol>\n<li><a href=\"https:\/\/news.google.com\/rss\/articles\/CBMirwFBVV95cUxPN1h5Z1huZ2FVRzFPSEJUcUwzbkpCWDRXTFZXVTBobWR4ZXFDM0MtOVpKaUNWbXF6TTRvQmZ4R2NtaUhiT1Z4eFhEZGl1Sk53QldvT3dfdVdicVZuSlJkb1VCRmthcHdrbkdVZ0syYUg4clZzMTBNejI3bmJ6TDdhcmZndDB4d2pyYmRJbDk0WURtdUtxbHFiZGI2QkFKM3E0Q2J2bEJJRGhqYkdsZGRZ?oc=5\" target=\"_blank\" rel=\"nofollow noopener\">&#8216;Borboleta gigante&#8217; se forma no universo e impressiona cientistas<\/a>&nbsp;&nbsp;Gazeta de S\u00e3o Paulo<\/li>\n<li><a href=\"https:\/\/news.google.com\/rss\/articles\/CBMilwFBVV95cUxPN2lMY1MzWE50VUV1emVRaDZLLWNfQWNJMzJYUXdUUU5CNGFXRVNVeG8taElWbUIyUmJtRTcwODc3NDhoSXhYUTZjRGZma2VvTTRmZ3o4dU9ETHctSFViVkNUZ2k0Q1I0UnRNMFlNMEhSS1pLVU05NF9mTDZsSVROc1piQWQ3b3NfZDJrTkRTR3JiRHhTNEc4?oc=5\" target=\"_blank\" rel=\"nofollow noopener\">Imagem in\u00e9dita de &#8220;borboleta c\u00f3smica&#8221; \u00e9 registrada por telesc\u00f3pio no Chile; veja<\/a>&nbsp;&nbsp;Exame<\/li>\n<li><a href=\"https:\/\/news.google.com\/rss\/articles\/CBMitAFBVV95cUxQUmplY0xCdXdVVVpOeEZhLVJvRHFrcjhaVEE0OHBkNkJReHhET3A2T2FXV280bnpRQUxxaXFJQzlxQUs0Z2VBYWRLNkZzcGRidUIzYk9mNFF5MkJhYjZBMDcwcDZxaHE4dHVRRUhOb1hWODlhYmhKU19FWVdIa3dQS1NFbFNlUjZ0c1BmUXFzVWJMOFU1UVZHbXNUazR3QlFKV01CSjduczVJd0ppOEZ2MWU0am4?oc=5\" target=\"_blank\" rel=\"nofollow noopener\">Nebulosa da Borboleta aparece em detalhes nunca vistos em nova imagem<\/a>&nbsp;&nbsp;UOL<\/li>\n<li><a href=\"https:\/\/news.google.com\/rss\/articles\/CBMizwFBVV95cUxPVFFqMndpUGVFRWZSS0JXVV95UXVScE1xVWVnUUFwVFVmNXNvTUVFYV95RmotbHNEeGZic1lqZzNYQ09qNnV2bmtmNzB2VUpMcXo4OUdqNkpicWVyX3lzeGx6Y2lLR0VJaXg1T2UtRDdjWV9vTFQ0Qjd0YmZNWUlFQjA1NURXVjFaUUppVmRSd0otRndCZVhBcnRoczgxWjhwT1hINmFLVDlsMmp2eEFCOE5uZnhka05DcG1FYVB5emFHWFk1ZDB6TjBfQXRmMUXSAd4BQVVfeXFMT2JvVkYxS3NTSFVWU1QwVzNjNFhKSXFnMEFQbVctUXVWNXZ4MTdRR0p2aEs5OFlRSWRjbFBmYTJuWWJsaE9fY2ZFVGdXZzd4NnhRbERIa3VKQktRbVYwUXp0TlVhLWpoOWYwZjlXWTZhZ29zU3JIU2l1ckZGMGNWd05sUkhsRDRMcmFZUVQyazhyNWNibnZSeWd3Qm50Nl9KMVd0X1NmVU9SWGFQcTdkdklpazhfUjVUVS1STDFsYkZGcGNxdFhJbHQ0Yzg5M1ZDNGktVTJfdDRaeGZxaTlR?oc=5\" target=\"_blank\" rel=\"nofollow noopener\">Telesc\u00f3pio no Chile captura imagem impressionante e in\u00e9dita de &#8216;borboleta c\u00f3smica&#8217;<\/a>&nbsp;&nbsp;G1<\/li>\n<li><a href=\"https:\/\/news.google.com\/rss\/articles\/CBMipwFBVV95cUxONzJaZ0pkM2pNTlI1bXZBeDlnaTZNNS00NXNNNFNUdWc1R2R3TzRvbjJCN19mVmU1cFBIVlhPMkFOa19BYW16LV9pRFRjdm04RWlXeW9pbm5HejRKN2pIcDEzM3VhRkJIQkdjSFJhbnBSdTZNX1BoaVlwUWJaZG92bGc4V2FNMFZPRnJtejh0RURVNHo3OHBDSDM4MmtNX09jcExYVXk4VQ?oc=5\" target=\"_blank\" rel=\"nofollow noopener\">Nebulosa da Borboleta \u00e9 registrada por telesc\u00f3pio no Chile; veja<\/a>&nbsp;&nbsp;CNN Brasil<\/li>\n<\/ol>\n","protected":false},"excerpt":{"rendered":"&#8216;Borboleta gigante&#8217; se forma no universo e impressiona cientistas&nbsp;&nbsp;Gazeta de S\u00e3o Paulo Imagem in\u00e9dita de &#8220;borboleta c\u00f3smica&#8221; \u00e9&hellip;\n","protected":false},"author":2,"featured_media":178215,"comment_status":"","ping_status":"","sticky":false,"template":"","format":"standard","meta":{"footnotes":""},"categories":[84],"tags":[109,107,108,32,33,105,103,104,106,110,2077],"class_list":{"0":"post-178214","1":"post","2":"type-post","3":"status-publish","4":"format-standard","5":"has-post-thumbnail","7":"category-ciencia-e-tecnologia","8":"tag-ciencia","9":"tag-ciencia-e-tecnologia","10":"tag-cienciaetecnologia","11":"tag-portugal","12":"tag-pt","13":"tag-science","14":"tag-science-and-technology","15":"tag-scienceandtechnology","16":"tag-technology","17":"tag-tecnologia","18":"tag-universo"},"share_on_mastodon":{"url":"https:\/\/pubeurope.com\/@pt\/115675193882622969","error":""},"_links":{"self":[{"href":"https:\/\/www.europesays.com\/pt\/wp-json\/wp\/v2\/posts\/178214","targetHints":{"allow":["GET"]}}],"collection":[{"href":"https:\/\/www.europesays.com\/pt\/wp-json\/wp\/v2\/posts"}],"about":[{"href":"https:\/\/www.europesays.com\/pt\/wp-json\/wp\/v2\/types\/post"}],"author":[{"embeddable":true,"href":"https:\/\/www.europesays.com\/pt\/wp-json\/wp\/v2\/users\/2"}],"replies":[{"embeddable":true,"href":"https:\/\/www.europesays.com\/pt\/wp-json\/wp\/v2\/comments?post=178214"}],"version-history":[{"count":0,"href":"https:\/\/www.europesays.com\/pt\/wp-json\/wp\/v2\/posts\/178214\/revisions"}],"wp:featuredmedia":[{"embeddable":true,"href":"https:\/\/www.europesays.com\/pt\/wp-json\/wp\/v2\/media\/178215"}],"wp:attachment":[{"href":"https:\/\/www.europesays.com\/pt\/wp-json\/wp\/v2\/media?parent=178214"}],"wp:term":[{"taxonomy":"category","embeddable":true,"href":"https:\/\/www.europesays.com\/pt\/wp-json\/wp\/v2\/categories?post=178214"},{"taxonomy":"post_tag","embeddable":true,"href":"https:\/\/www.europesays.com\/pt\/wp-json\/wp\/v2\/tags?post=178214"}],"curies":[{"name":"wp","href":"https:\/\/api.w.org\/{rel}","templated":true}]}}