{"id":178216,"date":"2025-12-06T23:23:08","date_gmt":"2025-12-06T23:23:08","guid":{"rendered":"https:\/\/www.europesays.com\/pt\/178216\/"},"modified":"2025-12-06T23:23:08","modified_gmt":"2025-12-06T23:23:08","slug":"zelensky-conversa-com-negociadores-e-prepara-deslocacao-a-londres","status":"publish","type":"post","link":"https:\/\/www.europesays.com\/pt\/178216\/","title":{"rendered":"Zelensky conversa com negociadores e prepara desloca\u00e7\u00e3o a Londres"},"content":{"rendered":"<p>&#13;<br \/>\nVolodymyr Zelensky disse ao final da tarde ter mantido uma &#8220;longa e substancial&#8221; conversa telef\u00f3nica com os enviados norte-americanos e os negociadores de Kiev que se reuniram na Florida para discutir o fim do conflito na Ucr\u00e2nia.&#13;<br \/>\nDe acordo com Zelensky, a sua conversa por telefone &#13;<br \/>\ninclui os enviados norte-americanos, segundo Volodymyr Zelensky, &#13;<br \/>\nestiveram reunidos na Florida Steve Witkoff e Jared Kushner, da parte &#13;<br \/>\namericana, e Rustem Umerov, secret\u00e1rio da Seguran\u00e7a Interna e Defesa, e &#13;<br \/>\nAndriy Hnatov, chefe do Estado-Maior General, da parte da Ucr\u00e2nia.&#13;\n<\/p>\n<p>&#13;<br \/>\n&#8220;A Ucr\u00e2nia est\u00e1 determinada a continuar a trabalhar de boa-f\u00e9 com o lado americano para alcan\u00e7ar a verdadeira paz&#8221;, declarou Zelensky numa publica\u00e7\u00e3o no X, acrescentando que Kiev concorda &#8220;com os pr\u00f3ximos passos e formatos para as negocia\u00e7\u00f5es com os Estados Unidos&#8221;.&#13;\n<\/p>\n<p>&#13;<br \/>\n\u00a0&#13;\n<\/p>\n<blockquote class=\"twitter-tweet\"><p>&#13;<\/p>\n<p dir=\"ltr\" lang=\"en\">&#13;<br \/>\n\tI\u2019ve just had a long and substantive phone call with <a href=\"https:\/\/twitter.com\/SteveWitkoff?ref_src=twsrc%5Etfw\" rel=\"nofollow noopener\" target=\"_blank\">@SteveWitkoff<\/a> and <a href=\"https:\/\/twitter.com\/jaredkushner?ref_src=twsrc%5Etfw\" rel=\"nofollow noopener\" target=\"_blank\">@jaredkushner<\/a>, alongside Andrii Hnatov and <a href=\"https:\/\/twitter.com\/rustem_umerov?ref_src=twsrc%5Etfw\" rel=\"nofollow noopener\" target=\"_blank\">@rustem_umerov<\/a>. I am grateful for a very focused, constructive discussion.<\/p>\n<p>We covered many aspects and went through key points that could ensure an end to the\u2026 <a href=\"https:\/\/t.co\/ZOVhJZJRbW\" rel=\"nofollow\">pic.twitter.com\/ZOVhJZJRbW<\/a>&#13;\n\t<\/p>\n<p>&#13;<br \/>\n\t\u2014 Volodymyr Zelenskyy \/ \u0412\u043e\u043b\u043e\u0434\u0438\u043c\u0438\u0440 \u0417\u0435\u043b\u0435\u043d\u0441\u044c\u043a\u0438\u0439 (@ZelenskyyUa) <a href=\"https:\/\/twitter.com\/ZelenskyyUa\/status\/1997343470013292591?ref_src=twsrc%5Etfw\" rel=\"nofollow noopener\" target=\"_blank\">December 6, 2025<\/a>&#13;\n<\/p><\/blockquote>\n<p>&#13;<br \/>\n\u00a0&#13;\n<\/p>\n<p>&#13;<br \/>\nO presidente ucraniano sublinhou que se tratou de uma conversa focada e com vista a &#8220;eliminar a amea\u00e7a de uma nova invas\u00e3o russa&#8221;, sublinhando a determina\u00e7\u00e3o da Ucr\u00e2nia em continuar a &#8220;trabalhar de boa-f\u00e9 com o lado americano para alcan\u00e7ar a paz&#8221;.&#13;\n<\/p>\n<p>&#13;<br \/>\nZelensky agradeceu ainda ao presidente norte-americano, Donald Trump, pelo empenho que tem investido nestas negocia\u00e7\u00f5es com vista a p\u00f4r termo \u00e0 invas\u00e3o do territ\u00f3rio ucraniano por parte da R\u00fassia.&#13;\n<\/p>\n<p>&#13;<br \/>\nO presidente ucraniano acrescentou no tweet que agora aguarda um relat\u00f3rio detalhado da reuni\u00e3o, j\u00e1 que &#8220;nem tudo pode ser discutido por telefone&#8221;.Reuni\u00e3o na segunda em Londres&#13;\n<\/p>\n<p>&#13;<br \/>\nO presidente franc\u00eas, Emmanuel Macron, anunciou j\u00e1 hoje que participar\u00e1 segunda-feira numa reuni\u00e3o em Londres com Zelensky, o primeiro-ministro brit\u00e2nico, Keir Starmer, e o chanceler alem\u00e3o, Friedrich Merz, sobre a media\u00e7\u00e3o norte-americana na Ucr\u00e2nia.&#13;\n<\/p>\n<p>&#13;<br \/>\n&#8220;A Ucr\u00e2nia pode contar com o nosso apoio incondicional. \u00c9 por isso que estamos a envidar esfor\u00e7os no \u00e2mbito da Coliga\u00e7\u00e3o de Volunt\u00e1rios&#8221;, escreveu Macron numa mensagem na sua conta do X.&#13;\n<\/p>\n<p>&#13;<br \/>\n\u00a0&#13;\n<\/p>\n<blockquote class=\"twitter-tweet\"><p>&#13;<\/p>\n<p dir=\"ltr\" lang=\"en\">&#13;<br \/>\n\tRussia is locking itself into an escalatory path and is not seeking peace.<\/p>\n<p>I firmly condemn the massive strikes that targeted Ukraine last night, particularly its energy and railway infrastructure.<\/p>\n<p>We must continue to exert pressure on Russia to compel it to choose peace.\u2026&#13;\n\t<\/p>\n<p>&#13;<br \/>\n\t\u2014 Emmanuel Macron (@EmmanuelMacron) <a href=\"https:\/\/twitter.com\/EmmanuelMacron\/status\/1997330211134689473?ref_src=twsrc%5Etfw\" rel=\"nofollow noopener\" target=\"_blank\">December 6, 2025<\/a>&#13;\n<\/p><\/blockquote>\n<p>&#13;<br \/>\n\u00a0&#13;\n<\/p>\n<p>&#13;<br \/>\nMacron deixou esta nota num post em que condena os \u00faltimos ataques russos contra territ\u00f3rio ucraniano, em que foram particularmente visadas infraestruturas energ\u00e9ticas: Moscovo est\u00e1 a entrar numa din\u00e2mica de escalada e &#8220;n\u00e3o procura a paz&#8221;, apontou o presidente franc\u00eas.&#13;\n<\/p>\n<p>&#13;<br \/>\nc\/ Lusa&#13;<br \/>\n&#13;\n<\/p>\n<p>            <script async src=\"https:\/\/platform.twitter.com\/widgets.js\" charset=\"utf-8\"><\/script><\/p>\n","protected":false},"excerpt":{"rendered":"&#13; Volodymyr Zelensky disse ao final da tarde ter mantido uma &#8220;longa e substancial&#8221; conversa telef\u00f3nica com os&hellip;\n","protected":false},"author":2,"featured_media":178217,"comment_status":"","ping_status":"","sticky":false,"template":"","format":"standard","meta":{"footnotes":""},"categories":[50],"tags":[27,28,36755,15,16,14,25,26,21,22,9961,62,12,13,19,20,23,24,17,18,840,29,30,31,63,64,65],"class_list":{"0":"post-178216","1":"post","2":"type-post","3":"status-publish","4":"format-standard","5":"has-post-thumbnail","7":"category-mundo","8":"tag-breaking-news","9":"tag-breakingnews","10":"tag-coligacao-voluntarios","11":"tag-featured-news","12":"tag-featurednews","13":"tag-headlines","14":"tag-latest-news","15":"tag-latestnews","16":"tag-main-news","17":"tag-mainnews","18":"tag-miami","19":"tag-mundo","20":"tag-news","21":"tag-noticias","22":"tag-noticias-principais","23":"tag-noticiasprincipais","24":"tag-principais-noticias","25":"tag-principaisnoticias","26":"tag-top-stories","27":"tag-topstories","28":"tag-ucrania","29":"tag-ultimas","30":"tag-ultimas-noticias","31":"tag-ultimasnoticias","32":"tag-world","33":"tag-world-news","34":"tag-worldnews"},"share_on_mastodon":{"url":"https:\/\/pubeurope.com\/@pt\/115675201754380493","error":""},"_links":{"self":[{"href":"https:\/\/www.europesays.com\/pt\/wp-json\/wp\/v2\/posts\/178216","targetHints":{"allow":["GET"]}}],"collection":[{"href":"https:\/\/www.europesays.com\/pt\/wp-json\/wp\/v2\/posts"}],"about":[{"href":"https:\/\/www.europesays.com\/pt\/wp-json\/wp\/v2\/types\/post"}],"author":[{"embeddable":true,"href":"https:\/\/www.europesays.com\/pt\/wp-json\/wp\/v2\/users\/2"}],"replies":[{"embeddable":true,"href":"https:\/\/www.europesays.com\/pt\/wp-json\/wp\/v2\/comments?post=178216"}],"version-history":[{"count":0,"href":"https:\/\/www.europesays.com\/pt\/wp-json\/wp\/v2\/posts\/178216\/revisions"}],"wp:featuredmedia":[{"embeddable":true,"href":"https:\/\/www.europesays.com\/pt\/wp-json\/wp\/v2\/media\/178217"}],"wp:attachment":[{"href":"https:\/\/www.europesays.com\/pt\/wp-json\/wp\/v2\/media?parent=178216"}],"wp:term":[{"taxonomy":"category","embeddable":true,"href":"https:\/\/www.europesays.com\/pt\/wp-json\/wp\/v2\/categories?post=178216"},{"taxonomy":"post_tag","embeddable":true,"href":"https:\/\/www.europesays.com\/pt\/wp-json\/wp\/v2\/tags?post=178216"}],"curies":[{"name":"wp","href":"https:\/\/api.w.org\/{rel}","templated":true}]}}