{"id":178218,"date":"2025-12-06T23:26:14","date_gmt":"2025-12-06T23:26:14","guid":{"rendered":"https:\/\/www.europesays.com\/pt\/178218\/"},"modified":"2025-12-06T23:26:14","modified_gmt":"2025-12-06T23:26:14","slug":"foi-dia-de-casamento-para-ana-guiomar-2","status":"publish","type":"post","link":"https:\/\/www.europesays.com\/pt\/178218\/","title":{"rendered":"Foi dia de casamento para Ana Guiomar!"},"content":{"rendered":"<p>Este s\u00e1bado, dia 6, \u00e9 de festa para <a href=\"https:\/\/selfie.iol.pt\/famosos\/ana-guiomar\/em-comovente-partilha-ana-guiomar-recorda-avo-e-quase-natal\/20251127\/69282727d34e2bd5c6d47b6e\" target=\"_blank\" rel=\"nofollow noopener\">Ana Guiomar<\/a>,\u00a0que marca presen\u00e7a no casamento de Roberto Pereira e Eva Jesus Gon\u00e7alves, autores da novela &#8220;Festa \u00e9 Festa&#8221;, que foi emitida pela <a href=\"https:\/\/tvi.iol.pt\/\" target=\"_blank\" rel=\"nofollow noopener\">TVI<\/a>. Ali\u00e1s, a atriz \u00e9 uma das madrinhas do casamento.<\/p>\n<p>No Instagram, Ana Guiomar fez quest\u00e3o de partilhar algumas imagens da cerim\u00f3nia &#8211; que decorre em Cabo Verde -, incluindo um registo no qual os noivos surgem no altar.<\/p>\n<p>Manuel Marques, Diogo Valsassina, <a href=\"https:\/\/selfie.iol.pt\/famosos\/pedro-teixeira\/em-fotos-raras-filho-de-pedro-teixeira-e-sara-matos-conquista-tudo-e-todos-o-manuel-e-lindo\/20250824\/68ab62b5d34e3f0baea1efcb\" target=\"_blank\" rel=\"nofollow noopener\">Pedro Teixeira<\/a> e S\u00edlvia Rizzo s\u00e3o outras figuras p\u00fablicas que tamb\u00e9m marcam presen\u00e7a neste casamento.<\/p>\n<p>Veja, agora, as imagens do casamento na galeria de fotografias que prepar\u00e1mos para si.<\/p>\n","protected":false},"excerpt":{"rendered":"Este s\u00e1bado, dia 6, \u00e9 de festa para Ana Guiomar,\u00a0que marca presen\u00e7a no casamento de Roberto Pereira e&hellip;\n","protected":false},"author":2,"featured_media":178219,"comment_status":"","ping_status":"","sticky":false,"template":"","format":"standard","meta":{"footnotes":""},"categories":[145],"tags":[160,813,211,210,32206,114,115,980,157,1015,619,161,32,33,1012,162],"class_list":{"0":"post-178218","1":"post","2":"type-post","3":"status-publish","4":"format-standard","5":"has-post-thumbnail","7":"category-celebridades","8":"tag-ana-guiomar","9":"tag-atriz","10":"tag-celebridades","11":"tag-celebrities","12":"tag-diogo-valsassina","13":"tag-entertainment","14":"tag-entretenimento","15":"tag-famosos","16":"tag-festa-e-festa","17":"tag-instagram","18":"tag-nacional","19":"tag-novelas","20":"tag-portugal","21":"tag-pt","22":"tag-selfie","23":"tag-tvi"},"share_on_mastodon":{"url":"https:\/\/pubeurope.com\/@pt\/115675213521375491","error":""},"_links":{"self":[{"href":"https:\/\/www.europesays.com\/pt\/wp-json\/wp\/v2\/posts\/178218","targetHints":{"allow":["GET"]}}],"collection":[{"href":"https:\/\/www.europesays.com\/pt\/wp-json\/wp\/v2\/posts"}],"about":[{"href":"https:\/\/www.europesays.com\/pt\/wp-json\/wp\/v2\/types\/post"}],"author":[{"embeddable":true,"href":"https:\/\/www.europesays.com\/pt\/wp-json\/wp\/v2\/users\/2"}],"replies":[{"embeddable":true,"href":"https:\/\/www.europesays.com\/pt\/wp-json\/wp\/v2\/comments?post=178218"}],"version-history":[{"count":0,"href":"https:\/\/www.europesays.com\/pt\/wp-json\/wp\/v2\/posts\/178218\/revisions"}],"wp:featuredmedia":[{"embeddable":true,"href":"https:\/\/www.europesays.com\/pt\/wp-json\/wp\/v2\/media\/178219"}],"wp:attachment":[{"href":"https:\/\/www.europesays.com\/pt\/wp-json\/wp\/v2\/media?parent=178218"}],"wp:term":[{"taxonomy":"category","embeddable":true,"href":"https:\/\/www.europesays.com\/pt\/wp-json\/wp\/v2\/categories?post=178218"},{"taxonomy":"post_tag","embeddable":true,"href":"https:\/\/www.europesays.com\/pt\/wp-json\/wp\/v2\/tags?post=178218"}],"curies":[{"name":"wp","href":"https:\/\/api.w.org\/{rel}","templated":true}]}}