{"id":178224,"date":"2025-12-06T23:32:11","date_gmt":"2025-12-06T23:32:11","guid":{"rendered":"https:\/\/www.europesays.com\/pt\/178224\/"},"modified":"2025-12-06T23:32:11","modified_gmt":"2025-12-06T23:32:11","slug":"portugal-joga-fase-de-grupos-do-mundial-2026-nos-eua-e-estreia-se-em-houston-futebol","status":"publish","type":"post","link":"https:\/\/www.europesays.com\/pt\/178224\/","title":{"rendered":"Portugal joga fase de grupos do Mundial 2026 nos EUA e estreia-se em Houston | Futebol"},"content":{"rendered":"<p>Portugal vai disputar o Grupo K do <a href=\"https:\/\/www.publico.pt\/mundial-2026\" rel=\"nofollow noopener\" target=\"_blank\">Mundial 2026<\/a> nos Estados Unidos e evita desloca\u00e7\u00f5es ao M\u00e9xico e Canad\u00e1, estreando-se em Houston, em 17 de Junho, pelas 13h locais (18h horas de Lisboa), anunciou neste s\u00e1bado a FIFA.<\/p>\n<p>Um dia depois de ter <a href=\"https:\/\/www.publico.pt\/2025\/12\/05\/desporto\/noticia\/portugal-comeca-mundial-2026-incognita-pensar-uzbequistao-colombia-2157217\" rel=\"nofollow noopener\" target=\"_blank\">conhecido os opoentes<\/a> da &#8220;poule&#8221; K, a equipa das &#8220;quinas&#8221; ficou agora a saber os hor\u00e1rios e os locais onde vai disputar a competi\u00e7\u00e3o pela nona vez, s\u00e9tima consecutiva.<\/p>\n<p>Houston vai acolher a estreia da selec\u00e7\u00e3o comandada por Roberto Mart\u00ednez, frente ao vencedor do caminho 1 do play-off intercontinental, que conta com Jamaica, Nova Caled\u00f3nia e Rep\u00fablica Democr\u00e1tica do Congo, e tamb\u00e9m o desafio da segunda ronda, diante do estreante em Mundiais <a href=\"https:\/\/www.publico.pt\/2025\/12\/05\/desporto\/noticia\/uzbequistao-perigo-desconhecido-asia-central-2157246\" rel=\"nofollow noopener\" target=\"_blank\">Uzbequist\u00e3o<\/a>, com ambos os in\u00edcios agendados para as 13h locais (18h horas de Lisboa), nos dias 17 e 23 de Junho, respectivamente.<\/p>\n<p>            &#13;<br \/>\n                &#13;<br \/>\n                &#13;<br \/>\n                &#13;<br \/>\n                &#13;<\/p>\n<p>O derradeiro desafio da &#8220;poule&#8221;, diante da <a href=\"https:\/\/www.publico.pt\/2025\/12\/05\/desporto\/noticia\/adversario-portugal-colombia-conta-talento-velhos-conhecidos-2157236\" rel=\"nofollow noopener\" target=\"_blank\">Col\u00f4mbia<\/a>, o opoente mais complicado na teoria, ser\u00e1 disputado em Miami, pelas 19h30 (00h30), no dia 27.<\/p>\n<p>Desta forma, Portugal, que tem como melhor resultado o terceiro lugar conseguido em 1966, na sua estreia, evita deslocar-se a solo mexicano e canadiano, ao contr\u00e1rio dos oponentes Uzbequist\u00e3o e Col\u00f4mbia, que se enfrentam na ronda um na Cidade do M\u00e9xico, no mesmo dia, \u00e0s 17h (22h).<\/p>\n<p>        &#13;<\/p>\n<p>&#13;<br \/>\n                &#13;\n            <\/p>\n<p>&#13;<\/p>\n<p>Os colombianos permanecem no M\u00e9xico para a jornada seguinte, mas rumam \u00e0 cidade de Guadalajara para medir for\u00e7as com Jamaica, Nova Caled\u00f3nia e Rep\u00fablica Democr\u00e1tica do Congo, com uma destas tr\u00eas selec\u00e7\u00f5es a defrontar os uzbeques em Atlanta, Estados Unidos, no fecho do grupo, \u00e0s 19h30 (00h30).<\/p>\n<p>Apesar de jogar a primeira fase nos Estados Unidos, a selec\u00e7\u00e3o portuguesa ter\u00e1 de saber lidar com o forte calor no estado do Texas, com as temperaturas a variarem entre os 31 e os 34 graus celcius naquela altura do ano.<\/p>\n<p>Contudo, o est\u00e1dio em Houston, com capacidade para cerca de 70.000 espectadores, disp\u00f5e de cobertura amov\u00edvel, o que poder\u00e1 atenuar os efeitos de forte calor esperados \u00e0 hora dos jogos.<\/p>\n<p>O jogo de abertura no dia 11 de Junho, entre o M\u00e9xico e a \u00c1frica do Sul, referente ao Grupo A, acontecer\u00e1 na Cidade do M\u00e9xico, a partir das 15h (20h), \u00e0 mesma hora do in\u00edcio da grande final do torneio, agendada para 19 de Julho, em Nova Jersey.<\/p>\n<p>Cabo Verde, que vai participar pela primeira vez numa fase final, est\u00e1 inserido no Grupo H e enfrenta a Espanha, campe\u00e3 mundial em 2010, na primeira jornada, as 12h (17h), em Atlanta, no dia 15 de Junho.<\/p>\n<p>Portugal \u00e9 uma das 42 selec\u00e7\u00f5es j\u00e1 com presen\u00e7a garantida na prova, disputada pela primeira vez em tr\u00eas pa\u00edses, depois de vencer o Grupo F da qualifica\u00e7\u00e3o europeia, com as restantes seis vagas a sa\u00edrem dos play-off europeu (quatro) e intercontinental (duas).<\/p>\n<p>        &#13;<\/p>\n<p>&#13;<br \/>\n                &#13;\n            <\/p>\n<p>&#13;<\/p>\n<p>Caso ven\u00e7a o agrupamento, a selec\u00e7\u00e3o nacional defronta um dos melhores terceiros classificados nos 16 avos-de-final, enquanto se ficar em segundo apanha pela frente o tamb\u00e9m segundo posicionado do Grupo L, que tem Inglaterra, Cro\u00e1cia, Gana e Panam\u00e1.<\/p>\n<p>Se passar como um dos melhores terceiros classificados, Portugal defronta um dos primeiros posicionados dos grupos.<\/p>\n<p>No \u00faltimo Mundial, disputado no Qatar, em 2022, Portugal foi eliminado nos quartos-de-final por Marrocos (1-0), numa competi\u00e7\u00e3o que foi arrebatada pela Argentina, que bateu a Fran\u00e7a na final.<\/p>\n","protected":false},"excerpt":{"rendered":"Portugal vai disputar o Grupo K do Mundial 2026 nos Estados Unidos e evita desloca\u00e7\u00f5es ao M\u00e9xico e&hellip;\n","protected":false},"author":2,"featured_media":178225,"comment_status":"","ping_status":"","sticky":false,"template":"","format":"standard","meta":{"footnotes":""},"categories":[87],"tags":[135,524,138,12632,32,33,17019,10301,134],"class_list":{"0":"post-178224","1":"post","2":"type-post","3":"status-publish","4":"format-standard","5":"has-post-thumbnail","7":"category-desporto","8":"tag-desporto","9":"tag-futebol","10":"tag-futebol-internacional","11":"tag-mundial-2026","12":"tag-portugal","13":"tag-pt","14":"tag-seleccao","15":"tag-seleccao-nacional","16":"tag-sports"},"share_on_mastodon":{"url":"https:\/\/pubeurope.com\/@pt\/115675237097288567","error":""},"_links":{"self":[{"href":"https:\/\/www.europesays.com\/pt\/wp-json\/wp\/v2\/posts\/178224","targetHints":{"allow":["GET"]}}],"collection":[{"href":"https:\/\/www.europesays.com\/pt\/wp-json\/wp\/v2\/posts"}],"about":[{"href":"https:\/\/www.europesays.com\/pt\/wp-json\/wp\/v2\/types\/post"}],"author":[{"embeddable":true,"href":"https:\/\/www.europesays.com\/pt\/wp-json\/wp\/v2\/users\/2"}],"replies":[{"embeddable":true,"href":"https:\/\/www.europesays.com\/pt\/wp-json\/wp\/v2\/comments?post=178224"}],"version-history":[{"count":0,"href":"https:\/\/www.europesays.com\/pt\/wp-json\/wp\/v2\/posts\/178224\/revisions"}],"wp:featuredmedia":[{"embeddable":true,"href":"https:\/\/www.europesays.com\/pt\/wp-json\/wp\/v2\/media\/178225"}],"wp:attachment":[{"href":"https:\/\/www.europesays.com\/pt\/wp-json\/wp\/v2\/media?parent=178224"}],"wp:term":[{"taxonomy":"category","embeddable":true,"href":"https:\/\/www.europesays.com\/pt\/wp-json\/wp\/v2\/categories?post=178224"},{"taxonomy":"post_tag","embeddable":true,"href":"https:\/\/www.europesays.com\/pt\/wp-json\/wp\/v2\/tags?post=178224"}],"curies":[{"name":"wp","href":"https:\/\/api.w.org\/{rel}","templated":true}]}}