{"id":178375,"date":"2025-12-07T03:05:17","date_gmt":"2025-12-07T03:05:17","guid":{"rendered":"https:\/\/www.europesays.com\/pt\/178375\/"},"modified":"2025-12-07T03:05:17","modified_gmt":"2025-12-07T03:05:17","slug":"russia-rescinde-acordos-militares-com-portugal-e-franca-observador","status":"publish","type":"post","link":"https:\/\/www.europesays.com\/pt\/178375\/","title":{"rendered":"R\u00fassia rescinde acordos militares com Portugal e Fran\u00e7a \u2013 Observador"},"content":{"rendered":"<p><a href=\"https:\/\/observador.pt\/liveblogs\/russia-rescinde-acordos-militares-com-portugal-canada-e-franca\/#liveblog-entry-741061\" rel=\"nofollow noopener\" target=\"_blank\">Siga aqui o liveblog sobre a guerra na Ucr\u00e2nia<\/a><\/p>\n<p>O Governo da R\u00fassia anunciou a rescis\u00e3o de tr\u00eas acordos de coopera\u00e7\u00e3o em mat\u00e9ria de defesa, assinados entre 1989 e 2000 com Portugal, Canad\u00e1 e Fran\u00e7a.<\/p>\n<p>A decis\u00e3o foi formalizada atrav\u00e9s de um decreto emitido pelo primeiro-ministro da R\u00fassia, <strong>Mikhail Mishustin<\/strong>, na sexta-feira, citado pela ag\u00eancia de not\u00edcias oficial russa TASS.<\/p>\n<p>O documento refere que a decis\u00e3o inclui o tratado entre a R\u00fassia e Portugal para a coopera\u00e7\u00e3o militar, assinado em 4 de agosto de 2000, assim como um pacto de 1989 entre a antiga Uni\u00e3o Sovi\u00e9tica e o Canad\u00e1 e um protocolo de 1994 com a Fran\u00e7a.<\/p>\n<p>O Governo defendeu que os tr\u00eas acordos<strong> carecem de relev\u00e2ncia estrat\u00e9gica no contexto atual<\/strong>, pelo que foram rescindidos em simult\u00e2neo, sem qualquer considera\u00e7\u00e3o de poss\u00edveis substitutos ou mecanismos alternativos de coopera\u00e7\u00e3o.<\/p>\n<p>A ordem governamental estipula ainda que o Minist\u00e9rio dos Neg\u00f3cios Estrangeiros russo \u00e9 respons\u00e1vel por notificar formalmente Portugal, Canad\u00e1 e Fran\u00e7a da decis\u00e3o, a fim de concluir o procedimento diplom\u00e1tico correspondente.<\/p>\n<p>Segundo o decreto, a notifica\u00e7\u00e3o constitui a etapa final necess\u00e1ria para o encerramento definitivo dos acordos. A revoga\u00e7\u00e3o dos pactos reflete o <strong>crescente afastamento da R\u00fassia<\/strong> em rela\u00e7\u00e3o ao Ocidente em mat\u00e9ria de seguran\u00e7a e coopera\u00e7\u00e3o t\u00e9cnica.<\/p>\n<p>Em julho, Mishustin j\u00e1 tinha rescindido um acordo de coopera\u00e7\u00e3o t\u00e9cnico-militar com a Alemanha, acusando Berlim de seguir uma \u201cpol\u00edtica abertamente hostil\u201d e uma \u201cpostura militarista cada vez mais agressiva\u201d.<\/p>\n<p>Portugal e Fran\u00e7a apoiam um plano apresentado pela Comiss\u00e3o Europeia para canalizar para Kiev receitas provenientes dos cerca de 235 mil milh\u00f5es de euros de <a href=\"https:\/\/observador.pt\/2025\/12\/03\/proposta-de-bruxelas-da-forma-legal-certa-para-usar-ativos-russos-diz-ministro-dos-negocios-estrangeiros\/\" rel=\"nofollow noopener\" target=\"_blank\">ativos russos congelados na Uni\u00e3o Europeia<\/a> (UE).<\/p>\n<p>Na sexta-feira, o embaixador russo na Alemanha, <a href=\"https:\/\/observador.pt\/2025\/12\/05\/russia-avisa-ue-para-consequencias-do-uso-dos-seus-ativos-congelados\/\" rel=\"nofollow noopener\" target=\"_blank\">Serguei Nechayev, avisou<\/a> que a utiliza\u00e7\u00e3o de ativos soberanos russos congelados na Europa para financiar a Ucr\u00e2nia ter\u00e1 \u201cconsequ\u00eancias consider\u00e1veis\u201d para a UE.<\/p>\n<blockquote class=\"wp-embedded-content\" data-secret=\"ow9FPbgV3z\">\n<p><a href=\"https:\/\/observador.pt\/2025\/12\/05\/russia-avisa-ue-para-consequencias-do-uso-dos-seus-ativos-congelados\/\" rel=\"nofollow noopener\" target=\"_blank\">R\u00fassia avisa UE para consequ\u00eancias do uso dos seus ativos congelados<\/a><\/p>\n<\/blockquote>\n<p>\u201cQualquer transa\u00e7\u00e3o com ativos soberanos da R\u00fassia sem o consentimento do pa\u00eds seria um roubo. E \u00e9 evidente que o roubo de fundos estatais russos ter\u00e1 consequ\u00eancias de longo alcance\u201d, afirmou Nechayev.<\/p>\n<p>A Ucr\u00e2nia tem contado com ajuda financeira e em armamento dos aliados ocidentais desde que a R\u00fassia invadiu o pa\u00eds, em 24 de fevereiro de 2022. Os aliados de Kiev tamb\u00e9m t\u00eam decretado san\u00e7\u00f5es contra setores-chave da economia russa para tentar diminuir a capacidade de Moscovo de financiar o esfor\u00e7o de guerra na Ucr\u00e2nia.<\/p>\n<p>A ofensiva militar russa no territ\u00f3rio ucraniano mergulhou a Europa naquela que \u00e9 considerada a crise de seguran\u00e7a mais grave desde a Segunda Guerra Mundial (1939-1945).<\/p>\n","protected":false},"excerpt":{"rendered":"Siga aqui o liveblog sobre a guerra na Ucr\u00e2nia O Governo da R\u00fassia anunciou a rescis\u00e3o de tr\u00eas&hellip;\n","protected":false},"author":2,"featured_media":178376,"comment_status":"","ping_status":"","sticky":false,"template":"","format":"standard","meta":{"footnotes":""},"categories":[50],"tags":[624,27,28,28757,2537,445,15,16,2104,1123,14,25,26,21,22,62,12,13,19,20,23,24,3879,58,17,18,1124,29,30,31,63,64,65],"class_list":{"0":"post-178375","1":"post","2":"type-post","3":"status-publish","4":"format-standard","5":"has-post-thumbnail","7":"category-mundo","8":"tag-amu00e9rica","9":"tag-breaking-news","10":"tag-breakingnews","11":"tag-canadu00e1","12":"tag-defesa","13":"tag-europa","14":"tag-featured-news","15":"tag-featurednews","16":"tag-franu00e7a","17":"tag-guerra-na-ucru00e2nia","18":"tag-headlines","19":"tag-latest-news","20":"tag-latestnews","21":"tag-main-news","22":"tag-mainnews","23":"tag-mundo","24":"tag-news","25":"tag-noticias","26":"tag-noticias-principais","27":"tag-noticiasprincipais","28":"tag-principais-noticias","29":"tag-principaisnoticias","30":"tag-ru00fassia","31":"tag-sociedade","32":"tag-top-stories","33":"tag-topstories","34":"tag-ucru00e2nia","35":"tag-ultimas","36":"tag-ultimas-noticias","37":"tag-ultimasnoticias","38":"tag-world","39":"tag-world-news","40":"tag-worldnews"},"share_on_mastodon":{"url":"","error":"Validation failed: Text character limit of 500 exceeded"},"_links":{"self":[{"href":"https:\/\/www.europesays.com\/pt\/wp-json\/wp\/v2\/posts\/178375","targetHints":{"allow":["GET"]}}],"collection":[{"href":"https:\/\/www.europesays.com\/pt\/wp-json\/wp\/v2\/posts"}],"about":[{"href":"https:\/\/www.europesays.com\/pt\/wp-json\/wp\/v2\/types\/post"}],"author":[{"embeddable":true,"href":"https:\/\/www.europesays.com\/pt\/wp-json\/wp\/v2\/users\/2"}],"replies":[{"embeddable":true,"href":"https:\/\/www.europesays.com\/pt\/wp-json\/wp\/v2\/comments?post=178375"}],"version-history":[{"count":0,"href":"https:\/\/www.europesays.com\/pt\/wp-json\/wp\/v2\/posts\/178375\/revisions"}],"wp:featuredmedia":[{"embeddable":true,"href":"https:\/\/www.europesays.com\/pt\/wp-json\/wp\/v2\/media\/178376"}],"wp:attachment":[{"href":"https:\/\/www.europesays.com\/pt\/wp-json\/wp\/v2\/media?parent=178375"}],"wp:term":[{"taxonomy":"category","embeddable":true,"href":"https:\/\/www.europesays.com\/pt\/wp-json\/wp\/v2\/categories?post=178375"},{"taxonomy":"post_tag","embeddable":true,"href":"https:\/\/www.europesays.com\/pt\/wp-json\/wp\/v2\/tags?post=178375"}],"curies":[{"name":"wp","href":"https:\/\/api.w.org\/{rel}","templated":true}]}}