{"id":178411,"date":"2025-12-07T05:05:08","date_gmt":"2025-12-07T05:05:08","guid":{"rendered":"https:\/\/www.europesays.com\/pt\/178411\/"},"modified":"2025-12-07T05:05:08","modified_gmt":"2025-12-07T05:05:08","slug":"sp-covilha-contrata-tomas-pimenta-radio-cova-da-beira","status":"publish","type":"post","link":"https:\/\/www.europesays.com\/pt\/178411\/","title":{"rendered":"Sp. Covilh\u00e3 contrata Tom\u00e1s Pimenta \u2013 R\u00e1dio Cova da Beira"},"content":{"rendered":"<p>A\u00ed est\u00e1 o primeiro refor\u00e7o de inverno dos Le\u00f5es da Serra. Ainda sem qualquer jogo realizado na presente \u00e9poca pelo Lusitano de \u00c9vora, o defesa direito j\u00e1 se encontra na Covilh\u00e3.<\/p>\n<p>Natural de P\u00f3voa de Varzim, o jogador de 24 anos, representou na temporada 2024-25, o SC Coimbr\u00f5es, onde disputou 25 jogos e marcou 4 golos.<\/p>\n<p>Recorde-se que o treinador serrano, Rui Mota, j\u00e1 tinha avan\u00e7ado na passada semana \u00e0 RCB, que a equipa t\u00e9cnica e director desportivo do clube, estavam \u00e0 procura de refor\u00e7os para o plantel, independentemente de algu\u00e9m poder sair, tamb\u00e9m.<\/p>\n<p>Tom\u00e1s Pimenta, junta-se a C\u00e2ndido Santos e Miguel Silva, como lateral direito no Sporting da Covilh\u00e3.<\/p>\n","protected":false},"excerpt":{"rendered":"A\u00ed est\u00e1 o primeiro refor\u00e7o de inverno dos Le\u00f5es da Serra. Ainda sem qualquer jogo realizado na presente&hellip;\n","protected":false},"author":2,"featured_media":178412,"comment_status":"","ping_status":"","sticky":false,"template":"","format":"standard","meta":{"footnotes":""},"categories":[141],"tags":[114,115,149,150,32,33],"class_list":{"0":"post-178411","1":"post","2":"type-post","3":"status-publish","4":"format-standard","5":"has-post-thumbnail","7":"category-musica","8":"tag-entertainment","9":"tag-entretenimento","10":"tag-music","11":"tag-musica","12":"tag-portugal","13":"tag-pt"},"share_on_mastodon":{"url":"https:\/\/pubeurope.com\/@pt\/115676546532759907","error":""},"_links":{"self":[{"href":"https:\/\/www.europesays.com\/pt\/wp-json\/wp\/v2\/posts\/178411","targetHints":{"allow":["GET"]}}],"collection":[{"href":"https:\/\/www.europesays.com\/pt\/wp-json\/wp\/v2\/posts"}],"about":[{"href":"https:\/\/www.europesays.com\/pt\/wp-json\/wp\/v2\/types\/post"}],"author":[{"embeddable":true,"href":"https:\/\/www.europesays.com\/pt\/wp-json\/wp\/v2\/users\/2"}],"replies":[{"embeddable":true,"href":"https:\/\/www.europesays.com\/pt\/wp-json\/wp\/v2\/comments?post=178411"}],"version-history":[{"count":0,"href":"https:\/\/www.europesays.com\/pt\/wp-json\/wp\/v2\/posts\/178411\/revisions"}],"wp:featuredmedia":[{"embeddable":true,"href":"https:\/\/www.europesays.com\/pt\/wp-json\/wp\/v2\/media\/178412"}],"wp:attachment":[{"href":"https:\/\/www.europesays.com\/pt\/wp-json\/wp\/v2\/media?parent=178411"}],"wp:term":[{"taxonomy":"category","embeddable":true,"href":"https:\/\/www.europesays.com\/pt\/wp-json\/wp\/v2\/categories?post=178411"},{"taxonomy":"post_tag","embeddable":true,"href":"https:\/\/www.europesays.com\/pt\/wp-json\/wp\/v2\/tags?post=178411"}],"curies":[{"name":"wp","href":"https:\/\/api.w.org\/{rel}","templated":true}]}}