{"id":178417,"date":"2025-12-07T05:32:08","date_gmt":"2025-12-07T05:32:08","guid":{"rendered":"https:\/\/www.europesays.com\/pt\/178417\/"},"modified":"2025-12-07T05:32:08","modified_gmt":"2025-12-07T05:32:08","slug":"trump-homenageia-artistas-iconicos-na-casa-branca-com-medalhas","status":"publish","type":"post","link":"https:\/\/www.europesays.com\/pt\/178417\/","title":{"rendered":"Trump homenageia artistas ic\u00f4nicos na Casa Branca com medalhas"},"content":{"rendered":"<p>&#8220;Voc\u00eas estabeleceram um novo padr\u00e3o&#8221;, afirmou o presidente dos EUA, Donald Trump, ao entregar as medalhas aos\u00a0 homenageados do Kennedy Center de 2025, no Sal\u00e3o Oval da Casa Branca neste s\u00e1bado (6). Entre os que receberam a honraria estavam o ator Sylvester Stallone, os cantores Gloria Gaynor e George Strait, a banda de rock Kiss e o ator Michael Crawford.<\/p>\n<p>Em seu discurso logo ap\u00f3s a entrega das medalhas, Trump disse que ali estavam alguns dos maiores artistas, atores e performers de sua gera\u00e7\u00e3o. &#8220;Cada um de voc\u00eas deixou uma marca indel\u00e9vel na vida americana e, juntos, definiram g\u00eaneros inteiros e estabeleceram novos padr\u00f5es para as artes perform\u00e1ticas&#8221;.<\/p>\n<p>O Kennedy Center \u00e9 uma honraria, institu\u00edda em 1978 e que homenageia cinco artistas de diferentes categorias todos os anos pela contribui\u00e7\u00e3o para a cultura do pa\u00eds.<\/p>\n","protected":false},"excerpt":{"rendered":"&#8220;Voc\u00eas estabeleceram um novo padr\u00e3o&#8221;, afirmou o presidente dos EUA, Donald Trump, ao entregar as medalhas aos\u00a0 homenageados&hellip;\n","protected":false},"author":2,"featured_media":178418,"comment_status":"","ping_status":"","sticky":false,"template":"","format":"standard","meta":{"footnotes":""},"categories":[145],"tags":[211,210,92,114,115,11290,32,33],"class_list":{"0":"post-178417","1":"post","2":"type-post","3":"status-publish","4":"format-standard","5":"has-post-thumbnail","7":"category-celebridades","8":"tag-celebridades","9":"tag-celebrities","10":"tag-donald-trump","11":"tag-entertainment","12":"tag-entretenimento","13":"tag-kiss","14":"tag-portugal","15":"tag-pt"},"share_on_mastodon":{"url":"https:\/\/pubeurope.com\/@pt\/115676652739381364","error":""},"_links":{"self":[{"href":"https:\/\/www.europesays.com\/pt\/wp-json\/wp\/v2\/posts\/178417","targetHints":{"allow":["GET"]}}],"collection":[{"href":"https:\/\/www.europesays.com\/pt\/wp-json\/wp\/v2\/posts"}],"about":[{"href":"https:\/\/www.europesays.com\/pt\/wp-json\/wp\/v2\/types\/post"}],"author":[{"embeddable":true,"href":"https:\/\/www.europesays.com\/pt\/wp-json\/wp\/v2\/users\/2"}],"replies":[{"embeddable":true,"href":"https:\/\/www.europesays.com\/pt\/wp-json\/wp\/v2\/comments?post=178417"}],"version-history":[{"count":0,"href":"https:\/\/www.europesays.com\/pt\/wp-json\/wp\/v2\/posts\/178417\/revisions"}],"wp:featuredmedia":[{"embeddable":true,"href":"https:\/\/www.europesays.com\/pt\/wp-json\/wp\/v2\/media\/178418"}],"wp:attachment":[{"href":"https:\/\/www.europesays.com\/pt\/wp-json\/wp\/v2\/media?parent=178417"}],"wp:term":[{"taxonomy":"category","embeddable":true,"href":"https:\/\/www.europesays.com\/pt\/wp-json\/wp\/v2\/categories?post=178417"},{"taxonomy":"post_tag","embeddable":true,"href":"https:\/\/www.europesays.com\/pt\/wp-json\/wp\/v2\/tags?post=178417"}],"curies":[{"name":"wp","href":"https:\/\/api.w.org\/{rel}","templated":true}]}}