{"id":178425,"date":"2025-12-07T06:28:21","date_gmt":"2025-12-07T06:28:21","guid":{"rendered":"https:\/\/www.europesays.com\/pt\/178425\/"},"modified":"2025-12-07T06:28:21","modified_gmt":"2025-12-07T06:28:21","slug":"fernanda-paes-leme-exibe-fisico-escultural-na-praia-apos-mais-de-um-ano-do-nascimento-da-filha","status":"publish","type":"post","link":"https:\/\/www.europesays.com\/pt\/178425\/","title":{"rendered":"Fernanda Paes Leme exibe f\u00edsico escultural na praia ap\u00f3s mais de um ano do nascimento da filha"},"content":{"rendered":"<p>A apresentadora <a href=\"https:\/\/caras.com.br\/tags\/fernanda-paes-leme\" target=\"_blank\" rel=\"noopener nofollow\"><strong>Fernanda Paes Leme<\/strong><\/a> aproveitou o dia de folga neste s\u00e1bado, 06, para ir \u00e0 praia da Barra da Tijuca, no Rio de Janeiro, com alguns amigos do Dan\u00e7a dos Famosos. Durante sua apari\u00e7\u00e3o na areia, a famosa esbanjou beleza e mostrou como est\u00e1 seu f\u00edsico ap\u00f3s a maternidade.<\/p>\n<p>M\u00e3e de <strong>Pilar<\/strong>, de um ano e sete meses, a atriz esbanjou suas curvas esculturais em um biqu\u00edni tom estampa de flores. De \u00f3culos escuros, a artista esbanjou estilo e simpatia ao surgir curtindo o momento com seus amigos com bastante leveza.<\/p>\n<p> Veja as fotos de Fernanda Paes Leme na praia: <img loading=\"lazy\" decoding=\"async\" class=\"size-full wp-image-1040589 img-fluid lazy\" alt=\"Fernanda Paes Leme na praia\" width=\"1366\" height=\"2048\" src=\"https:\/\/www.europesays.com\/pt\/wp-content\/uploads\/2025\/12\/Fe-Pas-Leme-08.jpg\"  \/>Fernanda Paes Leme na praia \u2013 Foto: Dilson Silva\/Agnews <img loading=\"lazy\" decoding=\"async\" class=\"size-full wp-image-1040590 img-fluid lazy\" alt=\"Fernanda Paes Leme na praia - Foto: Dilson Silva\/Agnews\" width=\"1366\" height=\"2048\" src=\"https:\/\/www.europesays.com\/pt\/wp-content\/uploads\/2025\/12\/Fe-Pas-Leme-09.jpg\"  \/>Fernanda Paes Leme na praia \u2013 Foto: Dilson Silva\/Agnews <img loading=\"lazy\" decoding=\"async\" class=\"size-full wp-image-1040591 img-fluid lazy\" alt=\"Fernanda Paes Leme na praia - Foto: Dilson Silva\/Agnews\" width=\"1366\" height=\"2048\" src=\"https:\/\/www.europesays.com\/pt\/wp-content\/uploads\/2025\/12\/Fe-Pas-Leme-10.jpg\"  \/>Fernanda Paes Leme na praia \u2013 Foto: Dilson Silva\/Agnews <img loading=\"lazy\" decoding=\"async\" class=\"size-full wp-image-1040592 img-fluid lazy\" alt=\"Fernanda Paes Leme na praia - Foto: Dilson Silva\/Agnews\" width=\"1367\" height=\"2048\" src=\"https:\/\/www.europesays.com\/pt\/wp-content\/uploads\/2025\/12\/Fe-Pas-Leme-13.jpg\"  \/>Fernanda Paes Leme na praia \u2013 Foto: Dilson Silva\/Agnews Fernanda Paes Leme est\u00e1 alugando sua casa na Bahia <\/p>\n<p>Fernanda Paes Leme disponibilizou <a href=\"https:\/\/caras.com.br\/casa-dos-famosos\/fernanda-paes-leme-coloca-casa-para-aluguel-veja-decoracao.phtml\" rel=\"nofollow noopener\" target=\"_blank\">sua casa em Santo Ant\u00f4nio Al\u00e9m do Carmo, em Salvador, na Bahia, para aluguel de temporada.<\/a> O im\u00f3vel, chamado de Casa da Figa, \u00e9 um casar\u00e3o hist\u00f3rico que foi reformado recentemente pela famosa e conta com vista para a Ba\u00eda de Todos os Santos.<\/p>\n<p>O local com estilo \u00fanico pode ser alugado por no m\u00ednimo duas di\u00e1rias pelo Airbnb. A di\u00e1ria custa a partir de R$ 6 mil. J\u00e1 o valor para passar o Natal na propriedade chega a aproximadamente R$ 18 mil, incluindo as taxas. Duas noites no R\u00e9veillon saem por um pre\u00e7o semelhante. <a href=\"https:\/\/caras.com.br\/casa-dos-famosos\/casarao-de-fernanda-paes-leme-na-bahia-esta-disponivel-para-aluguel-veja-fotos-e-precos.phtml\" rel=\"nofollow noopener\" target=\"_blank\">Saiba mais aqui<\/a>!<\/p>\n<p>\t O retorno ao trabalho de Fernanda Paes Leme ap\u00f3s se tornar m\u00e3e <\/p>\n<p>Ao passar dez dias longe da filha por conta de grava\u00e7\u00f5es no Doming\u00e3o Com o Huck, Fernanda Paes Leme contou ao Gshow como est\u00e1 lidando com o trabalho e maternidade.<\/p>\n<p>\u201cEla tamb\u00e9m est\u00e1 aprendendo a lidar com essa falta, com uma rotina de uma m\u00e3e que trabalha, que \u00e9 produtiva. Ela precisa acostumar, pra ela me admirar tamb\u00e9m\u201d, explicou.<\/p>\n<p>\u201cDepois que eu tive a Pilar, a agenda muda. O cansa\u00e7o tamb\u00e9m. Esse final de semana ela ficou com o pai dela e eu aproveitei para vir curtir\u201d, contou sobre dividir os cuidados com o pai da menina, <strong>Victor Sampaio<\/strong>.<\/p>\n<p>        <a href=\"https:\/\/caras.com.br\/autor\/nataly-paschoal\" rel=\"nofollow noopener\" target=\"_blank\">&#13;<br \/>\n          <img loading=\"lazy\" decoding=\"async\" alt=\"Nataly Paschoal\" src=\"https:\/\/www.europesays.com\/pt\/wp-content\/uploads\/2025\/11\/nataly-paschoal_sqmd.jpg\" class=\"avatar avatar-115 photo rounded-circle\" height=\"115\" width=\"115\"\/>        <\/a><\/p>\n<p><b>Nataly Paschoal <\/b>\u00e9 rep\u00f3rter de conte\u00fado do site CARAS. Formada em jornalismo pela Faculdade C\u00e1sper L\u00edbero, ela j\u00e1 passou por sites como Todateen, Sportlife e espnW. Escreve sobre celebridades, TV, reality show e novelas.<\/p>\n","protected":false},"excerpt":{"rendered":"A apresentadora Fernanda Paes Leme aproveitou o dia de folga neste s\u00e1bado, 06, para ir \u00e0 praia da&hellip;\n","protected":false},"author":2,"featured_media":178426,"comment_status":"","ping_status":"","sticky":false,"template":"","format":"standard","meta":{"footnotes":""},"categories":[145],"tags":[211,210,114,115,6351,36782,34698,32,33],"class_list":{"0":"post-178425","1":"post","2":"type-post","3":"status-publish","4":"format-standard","5":"has-post-thumbnail","7":"category-celebridades","8":"tag-celebridades","9":"tag-celebrities","10":"tag-entertainment","11":"tag-entretenimento","12":"tag-fernanda-paes-leme","13":"tag-filha-de-fernanda-paes-leme","14":"tag-pilar","15":"tag-portugal","16":"tag-pt"},"share_on_mastodon":{"url":"https:\/\/pubeurope.com\/@pt\/115676873463525829","error":""},"_links":{"self":[{"href":"https:\/\/www.europesays.com\/pt\/wp-json\/wp\/v2\/posts\/178425","targetHints":{"allow":["GET"]}}],"collection":[{"href":"https:\/\/www.europesays.com\/pt\/wp-json\/wp\/v2\/posts"}],"about":[{"href":"https:\/\/www.europesays.com\/pt\/wp-json\/wp\/v2\/types\/post"}],"author":[{"embeddable":true,"href":"https:\/\/www.europesays.com\/pt\/wp-json\/wp\/v2\/users\/2"}],"replies":[{"embeddable":true,"href":"https:\/\/www.europesays.com\/pt\/wp-json\/wp\/v2\/comments?post=178425"}],"version-history":[{"count":0,"href":"https:\/\/www.europesays.com\/pt\/wp-json\/wp\/v2\/posts\/178425\/revisions"}],"wp:featuredmedia":[{"embeddable":true,"href":"https:\/\/www.europesays.com\/pt\/wp-json\/wp\/v2\/media\/178426"}],"wp:attachment":[{"href":"https:\/\/www.europesays.com\/pt\/wp-json\/wp\/v2\/media?parent=178425"}],"wp:term":[{"taxonomy":"category","embeddable":true,"href":"https:\/\/www.europesays.com\/pt\/wp-json\/wp\/v2\/categories?post=178425"},{"taxonomy":"post_tag","embeddable":true,"href":"https:\/\/www.europesays.com\/pt\/wp-json\/wp\/v2\/tags?post=178425"}],"curies":[{"name":"wp","href":"https:\/\/api.w.org\/{rel}","templated":true}]}}