{"id":178427,"date":"2025-12-07T06:32:08","date_gmt":"2025-12-07T06:32:08","guid":{"rendered":"https:\/\/www.europesays.com\/pt\/178427\/"},"modified":"2025-12-07T06:32:08","modified_gmt":"2025-12-07T06:32:08","slug":"max-cavalera-tentou-se-reunir-com-o-sepultura-em-2010-mas-planos-deram-errado","status":"publish","type":"post","link":"https:\/\/www.europesays.com\/pt\/178427\/","title":{"rendered":"Max Cavalera tentou se reunir com o Sepultura em 2010, mas planos deram errado"},"content":{"rendered":"<p>Se existe uma novela intermin\u00e1vel no mundo do heavy metal, \u00e9 a que envolve a separa\u00e7\u00e3o entre <a href=\"https:\/\/whiplash.net\/bandas\/m\/maxcavalera.html\" class=\"hotwords\" rel=\"nofollow noopener\" target=\"_blank\">Max Cavalera<\/a> e o <a href=\"https:\/\/whiplash.net\/bandas\/s\/sepultura.html\" class=\"hotwords\" rel=\"nofollow noopener\" target=\"_blank\">Sepultura<\/a>. A &#8220;trama&#8221; come\u00e7ou em dezembro de 1996, quando o lend\u00e1rio guitarrista e vocalista decidiu deixar o grupo que havia fundado em 1984 ao lado do irm\u00e3o, o baterista Iggor.<\/p>\n<p>Como \u00e9 de conhecimento geral, o rompimento passou longe de ser amig\u00e1vel. Irritado com a demiss\u00e3o da empres\u00e1ria Gloria &#8211; sua esposa -, Max &#8220;puxou o carro&#8221; e encerrou sua rela\u00e7\u00e3o com os demais integrantes do <a href=\"https:\/\/whiplash.net\/bandas\/s\/sepultura.html\" class=\"hotwords\" rel=\"nofollow noopener\" target=\"_blank\">Sepultura<\/a> (\u00e0 \u00e9poca, Iggor, o baixista Paulo Xisto e o guitarrista Andreas Kisser).<\/p>\n<p><a href=\"https:\/\/whiplash.net\/bandas\/s\/sepultura.html\" class=\"linkBotao\" rel=\"nofollow noopener\" target=\"_blank\">Sepultura &#8211; Mais Novidades<\/a><\/p>\n<p>CONTINUA DEPOIS DA PUBLICIDADE &#8211; CLI<\/p>\n<p>&#13;<br \/>\n&#13;<br \/>\n&#13;<br \/>\n&#13;<br \/>\n&#13;<br \/>\n&#13;<br \/>\n&#13;<br \/>\n&#13;<br \/>\n<a href=\"https:\/\/whiplash.net\/materias\/whiplash\/027002.html\" rel=\"nofollow noopener\" target=\"_blank\"><img decoding=\"async\" src=\"https:\/\/www.europesays.com\/pt\/wp-content\/uploads\/2025\/11\/anunciar_diabo_336x280.gif\" loading=\"lazy\" width=\"336\" height=\"280\" class=\"widthConstrained\" style=\"background-color:#000000;display:block;\" alt=\"Anunciar bandas e shows de Rock e Heavy Metal\"\/><\/a>&#13;<\/p>\n<p><a target=\"_blank\" href=\"https:\/\/www.europesays.com\/pt\/wp-content\/uploads\/2025\/09\/sepultura_clipe_slave_new_world.jpg\"><img loading=\"lazy\" decoding=\"async\" src=\"https:\/\/www.europesays.com\/pt\/wp-content\/uploads\/2025\/09\/sepultura_clipe_slave_new_world.jpg\" class=\"widthConstrained\" width=\"700\" height=\"405\" alt=\"Foto: Reprodu\u00e7\u00e3o - Slave New World\"\/><\/a>Foto: Reprodu\u00e7\u00e3o &#8211; Slave New World<\/p>\n<p>Desde 1996, Max e <a href=\"https:\/\/whiplash.net\/bandas\/s\/sepultura.html\" class=\"hotwords\" rel=\"nofollow noopener\" target=\"_blank\">Sepultura<\/a> seguiram caminhos completamente distintos. Ainda assim, a cis\u00e3o permanece como assunto recorrente nas entrevistas concedidas por ambas as partes.<\/p>\n<p>Uma reuni\u00e3o entre o vocalista e sua antiga banda sempre pareceu improv\u00e1vel &#8211; <a href=\"https:\/\/whiplash.net\/materias\/news_910\/041727-sepultura.html\" rel=\"nofollow noopener\" target=\"_blank\">especialmente ap\u00f3s Iggor deixar o Sepultura em 2006 e se reconciliar com o irm\u00e3o<\/a>. Ainda assim, em 2010, Max tentou uma reaproxima\u00e7\u00e3o, conforme aponta mat\u00e9ria especial publicada pela <a href=\"https:\/\/www.loudersound.com\/features\/1995-the-year-that-broke-sepultura\" rel=\"nofollow noopener\" target=\"_blank\">Metal Hammer<\/a>.<\/p>\n<p>CONTINUA DEPOIS DA PUBLICIDADE &#8211; GOO<\/p>\n<p>&#13;<br \/>\n&#13;<br \/>\n&#13;<br \/>\n&#13;<br \/>\n<a href=\"https:\/\/whiplash.net\/materias\/whiplash\/027002.html\" rel=\"nofollow noopener\" target=\"_blank\"><img decoding=\"async\" src=\"https:\/\/www.europesays.com\/pt\/wp-content\/uploads\/2025\/11\/anunciar_diabo_336x280.gif\" loading=\"lazy\" width=\"336\" height=\"280\" alt=\"Anunciar no Whiplash.Net\"\/><\/a>&#13;<br \/>\n&#13;<br \/>\n&#13;<br \/>\n&#13;<br \/>\n&#13;<br \/>\n&#13;<br \/>\n<a href=\"https:\/\/whiplash.net\/materias\/whiplash\/027002.html\" rel=\"nofollow noopener\" target=\"_blank\"><img decoding=\"async\" src=\"https:\/\/www.europesays.com\/pt\/wp-content\/uploads\/2025\/11\/anunciar_diabo_336x280.gif\" loading=\"lazy\" width=\"336\" height=\"280\" class=\"widthConstrained\" style=\"background-color:#000000;display:block;\" alt=\"Anunciar bandas e shows de Rock e Heavy Metal\"\/><\/a>&#13;<\/p>\n<p>Segundo o m\u00fasico, a volta do <a href=\"https:\/\/whiplash.net\/bandas\/f\/faithnomore.html\" class=\"hotwords\" rel=\"nofollow noopener\" target=\"_blank\">Faith No More<\/a> o inspirou a cogitar um retorno. Ele chegou a procurar <a href=\"https:\/\/whiplash.net\/bandas\/a\/andreaskisser.html\" class=\"hotwords\" rel=\"nofollow noopener\" target=\"_blank\">Andreas Kisser<\/a>, mas a ideia n\u00e3o avan\u00e7ou.<\/p>\n<p>&#8220;Eu estava tentando. Achei que seria muito legal. Principalmente depois de ver o Faith No More voltar. Pensei: &#8216;Por que n\u00e3o podemos fazer o mesmo?&#8217;. Cheguei a conversar com o Andreas por telefone sobre isso, tipo: &#8216;Vamos l\u00e1, cara, vamos fazer isso. Vamos nessa. O mundo inteiro quer. Seria \u00f3timo&#8217;. E ele concordou comigo, mas algumas semanas depois tudo voltou a dar errado. Ent\u00e3o eu pensei: &#8216;Quer saber? N\u00e3o vou tentar mais&#8217;.&#8221;<\/p>\n<p>Andreas, que tamb\u00e9m deu seu depoimento \u00e0 Metal Hammer, contou que foi procurado em outras oportunidades. O guitarrista tamb\u00e9m relatou um breve encontro com o casal Cavalera.<\/p>\n<p>CONTINUA DEPOIS DA PUBLICIDADE &#8211; CLI<\/p>\n<p>&#13;<br \/>\n&#13;<br \/>\n&#13;<br \/>\n&#13;<br \/>\n&#13;<br \/>\n&#13;<br \/>\n&#13;<br \/>\n&#13;<br \/>\n<a href=\"https:\/\/whiplash.net\/materias\/whiplash\/027002.html\" rel=\"nofollow noopener\" target=\"_blank\"><img decoding=\"async\" src=\"https:\/\/www.europesays.com\/pt\/wp-content\/uploads\/2025\/11\/anunciar_diabo_336x280.gif\" loading=\"lazy\" width=\"336\" height=\"280\" class=\"widthConstrained\" style=\"background-color:#000000;display:block;\" alt=\"Anunciar bandas e shows de Rock e Heavy Metal\"\/><\/a>&#13;<\/p>\n<p>&#8220;Houve muitas conversas sobre reuni\u00e3o, principalmente com a Gloria. S\u00e3o sempre eles que nos procuram.<\/p>\n<p>N\u00f3s dois tocamos em um festival na Alemanha [em 2009], Sepultura e Soulfly, pela primeira vez. Nosso \u00f4nibus estava estacionado e o deles estava estacionado a poucos metros de dist\u00e2ncia. Eu fui at\u00e9 l\u00e1, Gloria estava l\u00e1. Eu a abracei [e perguntei]: &#8216;E a\u00ed, tudo bem? Como vai?&#8217;. E, a partir dali, ela ficou tipo: &#8216;OK, talvez a gente possa deixar todas essas coisas ruins para tr\u00e1s e tentar de novo&#8217;.<\/p>\n<p>N\u00e3o avan\u00e7ou, porque \u00e9 algo completamente fora da realidade. N\u00e3o faz parte do que somos. Esse Sepultura que eles t\u00eam em mente n\u00e3o somos n\u00f3s.&#8221;<\/p>\n<p>O tempo passou, a reuni\u00e3o n\u00e3o se concretizou e o <a href=\"https:\/\/whiplash.net\/bandas\/s\/sepultura.html\" class=\"hotwords\" rel=\"nofollow noopener\" target=\"_blank\">Sepultura<\/a> est\u00e1 prestes a encerrar suas atividades. H\u00e1 quem ainda sonhe com a participa\u00e7\u00e3o de Max e Iggor no \u00faltimo concerto do grupo, mas, diante dos acontecimentos recentes, esse reencontro parece cada vez mais distante. Leia mais a seguir.<\/p>\n<p>CONTINUA DEPOIS DA PUBLICIDADE &#8211; GOO<\/p>\n<p>&#13;<br \/>\n&#13;<br \/>\n&#13;<br \/>\n&#13;<br \/>\n<a href=\"https:\/\/whiplash.net\/materias\/whiplash\/027002.html\" rel=\"nofollow noopener\" target=\"_blank\"><img decoding=\"async\" src=\"https:\/\/www.europesays.com\/pt\/wp-content\/uploads\/2025\/11\/anunciar_diabo_336x280.gif\" loading=\"lazy\" width=\"336\" height=\"280\" alt=\"Anunciar no Whiplash.Net\"\/><\/a>&#13;<br \/>\n&#13;<br \/>\n&#13;<br \/>\n&#13;<br \/>\n&#13;<br \/>\n&#13;<br \/>\n<a href=\"https:\/\/whiplash.net\/materias\/whiplash\/027002.html\" rel=\"nofollow noopener\" target=\"_blank\"><img decoding=\"async\" src=\"https:\/\/www.europesays.com\/pt\/wp-content\/uploads\/2025\/11\/anunciar_diabo_336x280.gif\" loading=\"lazy\" width=\"336\" height=\"280\" class=\"widthConstrained\" style=\"background-color:#000000;display:block;\" alt=\"Anunciar bandas e shows de Rock e Heavy Metal\"\/><\/a>&#13;<\/p>\n","protected":false},"excerpt":{"rendered":"Se existe uma novela intermin\u00e1vel no mundo do heavy metal, \u00e9 a que envolve a separa\u00e7\u00e3o entre Max&hellip;\n","protected":false},"author":2,"featured_media":78482,"comment_status":"","ping_status":"","sticky":false,"template":"","format":"standard","meta":{"footnotes":""},"categories":[141],"tags":[114,115,149,150,32,33],"class_list":{"0":"post-178427","1":"post","2":"type-post","3":"status-publish","4":"format-standard","5":"has-post-thumbnail","7":"category-musica","8":"tag-entertainment","9":"tag-entretenimento","10":"tag-music","11":"tag-musica","12":"tag-portugal","13":"tag-pt"},"share_on_mastodon":{"url":"https:\/\/pubeurope.com\/@pt\/115676889458003195","error":""},"_links":{"self":[{"href":"https:\/\/www.europesays.com\/pt\/wp-json\/wp\/v2\/posts\/178427","targetHints":{"allow":["GET"]}}],"collection":[{"href":"https:\/\/www.europesays.com\/pt\/wp-json\/wp\/v2\/posts"}],"about":[{"href":"https:\/\/www.europesays.com\/pt\/wp-json\/wp\/v2\/types\/post"}],"author":[{"embeddable":true,"href":"https:\/\/www.europesays.com\/pt\/wp-json\/wp\/v2\/users\/2"}],"replies":[{"embeddable":true,"href":"https:\/\/www.europesays.com\/pt\/wp-json\/wp\/v2\/comments?post=178427"}],"version-history":[{"count":0,"href":"https:\/\/www.europesays.com\/pt\/wp-json\/wp\/v2\/posts\/178427\/revisions"}],"wp:featuredmedia":[{"embeddable":true,"href":"https:\/\/www.europesays.com\/pt\/wp-json\/wp\/v2\/media\/78482"}],"wp:attachment":[{"href":"https:\/\/www.europesays.com\/pt\/wp-json\/wp\/v2\/media?parent=178427"}],"wp:term":[{"taxonomy":"category","embeddable":true,"href":"https:\/\/www.europesays.com\/pt\/wp-json\/wp\/v2\/categories?post=178427"},{"taxonomy":"post_tag","embeddable":true,"href":"https:\/\/www.europesays.com\/pt\/wp-json\/wp\/v2\/tags?post=178427"}],"curies":[{"name":"wp","href":"https:\/\/api.w.org\/{rel}","templated":true}]}}