{"id":178521,"date":"2025-12-07T09:39:10","date_gmt":"2025-12-07T09:39:10","guid":{"rendered":"https:\/\/www.europesays.com\/pt\/178521\/"},"modified":"2025-12-07T09:39:10","modified_gmt":"2025-12-07T09:39:10","slug":"opositor-venezuelano-alfredo-diaz-morreu-na-prisao","status":"publish","type":"post","link":"https:\/\/www.europesays.com\/pt\/178521\/","title":{"rendered":"Opositor venezuelano Alfredo D\u00edaz morreu na pris\u00e3o"},"content":{"rendered":"<p data-remotead-prev-elm=\"true\" data-remotead-elm-id=\"inread\">A den\u00fancia foi feita atrav\u00e9s das redes sociais, numa mensagem em que o Foro Penal (FP) anuncia a morte de Alfredo D\u00edaz, encarcerado h\u00e1 mais de um ano e em isolamento, recordando que &#8220;17 presos pol\u00edticos morreram na Venezuela, desde 2014&#8221;.<\/p>\n<p>&#8220;Alfredo D\u00edaz, ex-governador de Nueva Esparta, outro preso pol\u00edtico que morre nas pris\u00f5es venezuelanas. Estava preso h\u00e1 um ano, em isolamento. S\u00f3 permitiram uma visita da sua filha. Tinha 55 anos. \u00c9 revoltante! O Estado \u00e9 respons\u00e1vel pela sa\u00fade das pessoas sob sua cust\u00f3dia&#8221;, denuncia o presidente do FP, Alfredo Romero, na rede social X.<\/p>\n<p>Na mesma rede, o vice-presidente do FP, Gonzalo Himiob, adiantou que os familiares de D\u00edaz j\u00e1 foram informados da morte do pol\u00edtico e est\u00e3o a caminho de Caracas, precisando que a v\u00edtima estava presa em El Helicoide, um conhecido c\u00e1rcere do Servi\u00e7o Bolivariano de Intelig\u00eancia Nacional (SEBIN, servi\u00e7os de informa\u00e7\u00f5es).<\/p>\n<p data-remotead-prev-elm=\"true\" data-remotead-elm-id=\"centro1\">&#8220;De acordo com o Protocolo de Minnesota (2016), trata-se de uma morte potencialmente il\u00edcita que deve ser investigada de forma objetiva e imparcial&#8221;, sublinha Gonzalo Himiob, na sua mensagem.<\/p>\n<p>A ONG Encontro, Justi\u00e7a e Perd\u00e3o (EJP), por seu lado, lamentou, tamb\u00e9m na X, a morte de Alfredo D\u00edaz, precisando que na sexta-feira sofreu um ataque card\u00edaco.<\/p>\n<p>&#8220;Alfredo esteve isolado e incomunicado por mais de um ano. Durante todo esse tempo, os funcion\u00e1rios respons\u00e1veis pela sua cust\u00f3dia negaram-lhe qualquer contacto com os seus familiares, alegando ordens superiores (&#8230;). A sua deten\u00e7\u00e3o arbitr\u00e1ria ocorreu em novembro de 2024, foi acusado, sem provas, de incita\u00e7\u00e3o ao \u00f3dio e terrorismo; acusa\u00e7\u00f5es frequentemente utilizadas nos tribunais para justificar penas m\u00e1ximas contra dissidentes e vozes da oposi\u00e7\u00e3o&#8221;, denuncia a EJP.<\/p>\n<p data-remotead-prev-elm=\"true\" data-remotead-elm-id=\"centro2\">A EJP diz ainda acompanhar a mulher e familiares de D\u00edaz na exig\u00eancia de uma investiga\u00e7\u00e3o independente, s\u00e9ria e transparente que esclare\u00e7a os factos que conduziram \u00e0 morte do opositor pol\u00edtico e identifique os respons\u00e1veis por a\u00e7\u00e3o ou omiss\u00e3o, durante o seu encarceramento.<\/p>\n<p>&#8220;A morte de Alfredo lembra-nos, mais uma vez, a urg\u00eancia de p\u00f4r fim \u00e0 repress\u00e3o, libertar todos os presos pol\u00edticos e garantir o pleno respeito pelos direitos humanos na Venezuela. Convocamos o pa\u00eds e a comunidade internacional a condenar este facto que enlutou mais uma fam\u00edlia venezuelana e que se soma \u00e0s lament\u00e1veis e repudi\u00e1veis consequ\u00eancias do mais atroz ataque das for\u00e7as de seguran\u00e7a do Estado contra uma popula\u00e7\u00e3o desamparada e empobrecida, cujo \u00fanico anseio continua a ser um pa\u00eds democr\u00e1tico onde a paz seja express\u00e3o da verdade, da liberdade, da justi\u00e7a e do desenvolvimento econ\u00f3mico&#8221;, afirma ainda a EJP.<\/p>\n<p>O partido opositor Vontade Popular declarou que &#8220;este n\u00e3o \u00e9 um caso isolado&#8221;, mas sim &#8220;a consequ\u00eancia direta de um sistema que persegue, encarcera e destr\u00f3i vidas para se manter no poder&#8221;.<\/p>\n<p data-remotead-prev-elm=\"true\" data-remotead-elm-id=\"centro3\">&#8220;Alfredo D\u00edaz morreu sem liberdade, sem justi\u00e7a e sem garantias m\u00ednimas, numa pris\u00e3o onde o regime decide quem vive e quem morre&#8221;, denunciou na X aquele partido da oposi\u00e7\u00e3o.<\/p>\n<p>Tamb\u00e9m a Plataforma Unit\u00e1ria Democr\u00e1tica (PUD), que re\u00fane os principais partidos da oposi\u00e7\u00e3o venezuelana, lamentou a morte de Alfredo D\u00edaz, referindo-se \u00e0 sua deten\u00e7\u00e3o como &#8220;um sequestro&#8221;.<\/p>\n<p>Nas redes sociais locais, v\u00e1rios pol\u00edticos venezuelanos acusam o Estado venezuelano de ter negado a assist\u00eancia m\u00e9dica que a v\u00edtima tinha solicitado, durante meses.<\/p>\n<p data-remotead-prev-elm=\"true\" data-remotead-elm-id=\"centro4\">Na plataforma Instagram, Leynys Malav\u00e9, mulher de Alfredo Di\u00e1z, questiona o Estado venezuelano sobre a morte do marido.<\/p>\n<p>&#8220;Exijo uma resposta sobre o que aconteceu com o meu marido. Mataram-no?&#8221;, interroga.<\/p>\n<p>Segundo o F\u00f3rum Penal, a Venezuela tem 887 pessoas presas por motivos pol\u00edticos, 770 homens e 117 mulheres, dos quais 713 s\u00e3o civis e 174 militares, incluindo quatro adolescentes.<\/p>\n<p data-remotead-prev-elm=\"true\" data-remotead-elm-id=\"centro5\">Segundo a organiza\u00e7\u00e3o, entre os presos contam-se 85 cidad\u00e3os estrangeiros.<\/p>\n<p>O Foro Penal desconhece o paradeiro de 60 presos pol\u00edticos.<\/p>\n","protected":false},"excerpt":{"rendered":"A den\u00fancia foi feita atrav\u00e9s das redes sociais, numa mensagem em que o Foro Penal (FP) anuncia a&hellip;\n","protected":false},"author":2,"featured_media":178522,"comment_status":"","ping_status":"","sticky":false,"template":"","format":"standard","meta":{"footnotes":""},"categories":[8],"tags":[27,28,15,16,14,25,26,21,22,62,12,13,19,20,32,23,24,33,17,18,29,30,31,3023],"class_list":{"0":"post-178521","1":"post","2":"type-post","3":"status-publish","4":"format-standard","5":"has-post-thumbnail","7":"category-principais-noticias","8":"tag-breaking-news","9":"tag-breakingnews","10":"tag-featured-news","11":"tag-featurednews","12":"tag-headlines","13":"tag-latest-news","14":"tag-latestnews","15":"tag-main-news","16":"tag-mainnews","17":"tag-mundo","18":"tag-news","19":"tag-noticias","20":"tag-noticias-principais","21":"tag-noticiasprincipais","22":"tag-portugal","23":"tag-principais-noticias","24":"tag-principaisnoticias","25":"tag-pt","26":"tag-top-stories","27":"tag-topstories","28":"tag-ultimas","29":"tag-ultimas-noticias","30":"tag-ultimasnoticias","31":"tag-venezuela"},"share_on_mastodon":{"url":"https:\/\/pubeurope.com\/@pt\/115677624059546667","error":""},"_links":{"self":[{"href":"https:\/\/www.europesays.com\/pt\/wp-json\/wp\/v2\/posts\/178521","targetHints":{"allow":["GET"]}}],"collection":[{"href":"https:\/\/www.europesays.com\/pt\/wp-json\/wp\/v2\/posts"}],"about":[{"href":"https:\/\/www.europesays.com\/pt\/wp-json\/wp\/v2\/types\/post"}],"author":[{"embeddable":true,"href":"https:\/\/www.europesays.com\/pt\/wp-json\/wp\/v2\/users\/2"}],"replies":[{"embeddable":true,"href":"https:\/\/www.europesays.com\/pt\/wp-json\/wp\/v2\/comments?post=178521"}],"version-history":[{"count":0,"href":"https:\/\/www.europesays.com\/pt\/wp-json\/wp\/v2\/posts\/178521\/revisions"}],"wp:featuredmedia":[{"embeddable":true,"href":"https:\/\/www.europesays.com\/pt\/wp-json\/wp\/v2\/media\/178522"}],"wp:attachment":[{"href":"https:\/\/www.europesays.com\/pt\/wp-json\/wp\/v2\/media?parent=178521"}],"wp:term":[{"taxonomy":"category","embeddable":true,"href":"https:\/\/www.europesays.com\/pt\/wp-json\/wp\/v2\/categories?post=178521"},{"taxonomy":"post_tag","embeddable":true,"href":"https:\/\/www.europesays.com\/pt\/wp-json\/wp\/v2\/tags?post=178521"}],"curies":[{"name":"wp","href":"https:\/\/api.w.org\/{rel}","templated":true}]}}