{"id":178542,"date":"2025-12-07T10:02:13","date_gmt":"2025-12-07T10:02:13","guid":{"rendered":"https:\/\/www.europesays.com\/pt\/178542\/"},"modified":"2025-12-07T10:02:13","modified_gmt":"2025-12-07T10:02:13","slug":"farioli-o-zoom-a-gestao-do-plantel-do-f-c-porto-e-o-canal-27-que-nao-funcionou","status":"publish","type":"post","link":"https:\/\/www.europesays.com\/pt\/178542\/","title":{"rendered":"Farioli, o &#8220;zoom&#8221; \u00e0 gest\u00e3o do plantel do F. C. Porto e o canal 27 que n\u00e3o funcionou"},"content":{"rendered":"<p data-remotead-prev-elm=\"true\" data-remotead-elm-id=\"inread\">O empate entre Benfica e Sporting deixou o F. C. Porto com hip\u00f3teses de alargar a vantagem sobre os rivais na luta pelo t\u00edtulo e Francesco Farioli admite a import\u00e2ncia de ganhar em Tondela, embora diga que nenhum t\u00edtulo se decide nesta fase da \u00e9poca.<\/p>\n<p>&#8220;N\u00e3o estamos cegos, sabemos o que se passa \u00e0 nossa volta, mas no fim o que pode influenciar \u00e9 o que vamos fazer. \u00c9 uma grande oportunidade para n\u00f3s, mas o campeonato n\u00e3o vai ficar decidido no in\u00edcio de dezembro&#8221;, afirmou o t\u00e9cnico italiano, acrescentando que n\u00e3o conseguiu ver o d\u00e9rbi lisboeta.<\/p>\n<p>&#8220;Acreditem ou n\u00e3o, tive o desejo de ver o jogo, mas foi incr\u00edvel. O canal 26 e o 28 estavam a funcionar, mas o 27 n\u00e3o estava. N\u00e3o consegui registar-me para ver, pelo que n\u00e3o posso acrescentar mais nada&#8221;, disse, acrescentando que est\u00e1 \u00e0 espera de uma boa resposta dos drag\u00f5es \u00e0 derrota com o V. Guimar\u00e3es na Ta\u00e7a da Liga, a primeira da \u00e9poca nas provas nacionais.<\/p>\n<p data-remotead-prev-elm=\"true\" data-remotead-elm-id=\"centro1\">&#8220;Claro que \u00e9 importante ter uma rea\u00e7\u00e3o apropriada. Quando o jogo acabou, olh\u00e1mos logo para o pr\u00f3ximo cap\u00edtulo, contra um clube que mudou recentemente de treinador. Ser\u00e1 o primeiro d\u00e9rbi italiano na hist\u00f3ria [da Liga portuguesa], com Cristiano Bacci&#8221;, referiu Farioli, assumindo a gest\u00e3o que fez do plantel na partida da passada quinta-feira.<\/p>\n<p>&#8220;Acredito muito na ideia de ver o quadro todo e n\u00e3o apenas uma parte, de fazer &#8216;zoom in&#8217; e &#8216;zoom out&#8217;. Ser treinador do F. C. Porto significa que todos os jogos s\u00e3o para ganhar. Temos de ser inteligentes na forma de gerir o plantel, os jogadores em termos f\u00edsicos, por vezes os cart\u00f5es. Coloquei uma equipa para tentar ganhar o jogo. Est\u00e1vamos com algumas les\u00f5es. N\u00e3o arrisc\u00e1mos o Deniz Gul, estava a 50\/50 e entendi esperar mais uns dias. Tent\u00e1mos o nosso melhor, mas foi imposs\u00edvel&#8221;, refor\u00e7ou.<\/p>\n<p>&#8220;Houve sinais positivos, pois mantivemos a nossa identidade, mesmo com as mudan\u00e7as. Perdemos com dois pen\u00e1ltis. Por outro lado, vamos ter mais tempo para nos prepararmos e treinarmos melhor [em janeiro]&#8221;, sublinhou, revelando que Gul ser\u00e1 op\u00e7\u00e3o para Tondela e que Gabri Veiga ainda vai fazer um teste no domingo para ver se est\u00e1 apto da les\u00e3o no tornozelo direito sofrida frente ao Vit\u00f3ria, existindo otimismo relativamente \u00e0 recupera\u00e7\u00e3o do m\u00e9dio espanhol.<\/p>\n","protected":false},"excerpt":{"rendered":"O empate entre Benfica e Sporting deixou o F. C. Porto com hip\u00f3teses de alargar a vantagem sobre&hellip;\n","protected":false},"author":2,"featured_media":178543,"comment_status":"","ping_status":"","sticky":false,"template":"","format":"standard","meta":{"footnotes":""},"categories":[87],"tags":[135,20558,1011,524,32,33,134],"class_list":{"0":"post-178542","1":"post","2":"type-post","3":"status-publish","4":"format-standard","5":"has-post-thumbnail","7":"category-desporto","8":"tag-desporto","9":"tag-f-c-porto","10":"tag-francesco-farioli","11":"tag-futebol","12":"tag-portugal","13":"tag-pt","14":"tag-sports"},"share_on_mastodon":{"url":"https:\/\/pubeurope.com\/@pt\/115677714486588744","error":""},"_links":{"self":[{"href":"https:\/\/www.europesays.com\/pt\/wp-json\/wp\/v2\/posts\/178542","targetHints":{"allow":["GET"]}}],"collection":[{"href":"https:\/\/www.europesays.com\/pt\/wp-json\/wp\/v2\/posts"}],"about":[{"href":"https:\/\/www.europesays.com\/pt\/wp-json\/wp\/v2\/types\/post"}],"author":[{"embeddable":true,"href":"https:\/\/www.europesays.com\/pt\/wp-json\/wp\/v2\/users\/2"}],"replies":[{"embeddable":true,"href":"https:\/\/www.europesays.com\/pt\/wp-json\/wp\/v2\/comments?post=178542"}],"version-history":[{"count":0,"href":"https:\/\/www.europesays.com\/pt\/wp-json\/wp\/v2\/posts\/178542\/revisions"}],"wp:featuredmedia":[{"embeddable":true,"href":"https:\/\/www.europesays.com\/pt\/wp-json\/wp\/v2\/media\/178543"}],"wp:attachment":[{"href":"https:\/\/www.europesays.com\/pt\/wp-json\/wp\/v2\/media?parent=178542"}],"wp:term":[{"taxonomy":"category","embeddable":true,"href":"https:\/\/www.europesays.com\/pt\/wp-json\/wp\/v2\/categories?post=178542"},{"taxonomy":"post_tag","embeddable":true,"href":"https:\/\/www.europesays.com\/pt\/wp-json\/wp\/v2\/tags?post=178542"}],"curies":[{"name":"wp","href":"https:\/\/api.w.org\/{rel}","templated":true}]}}