{"id":178544,"date":"2025-12-07T10:03:08","date_gmt":"2025-12-07T10:03:08","guid":{"rendered":"https:\/\/www.europesays.com\/pt\/178544\/"},"modified":"2025-12-07T10:03:08","modified_gmt":"2025-12-07T10:03:08","slug":"o-que-os-pais-devem-saber-sobre-autismo-e-vacinas-cnn-portugal","status":"publish","type":"post","link":"https:\/\/www.europesays.com\/pt\/178544\/","title":{"rendered":"O que os pais devem saber sobre autismo e vacinas &#8211; CNN Portugal"},"content":{"rendered":"<ol>\n<li><a href=\"https:\/\/news.google.com\/rss\/articles\/CBMixgFBVV95cUxQQ1Z3WUlsdl94Q0VGMjF5em9KQ00wdE1YUkxYOG9ZSExxbmpMeDRyZVp4QXN5eklGeFowbzVqVngwbzFXU2xJeEdVc3MwSGVkTDBNdnpMWXNRMnJmWG1DdVgxMEg2bW9vUS0wbFc5d21QSGQ3c3FMNE5CQVlEVjU4RlhnUWVnelFoYnptbGd4RlVzb3ZUZXMyZUVwQnJpdjRlS1c3TWdXQkc2OWtWZVQtTXhCWm9xWV9vckF4eUpNalh3cjdIYUE?oc=5\" target=\"_blank\" rel=\"nofollow noopener\">O que os pais devem saber sobre autismo e vacinas<\/a>&nbsp;&nbsp;CNN Portugal<\/li>\n<li><a href=\"https:\/\/news.google.com\/rss\/articles\/CBMi1gFBVV95cUxPMWtQVmItNjdQaVZQcF92NEg5SmhkZnl0akJMVTJSbHo2S1lYMXNybE5IcFNxanQ2WTFkX0gxamlaUUhnLXdOUmd5aTM3eUhEeGpLRHBJX0hIM29ZakxtbWN5ZUstc0g3RnpYMnZZOXE4Sk54SUMtZ1NuYUF5Yy1YU0l5R2FQaUgzd3ZmeUtRbmdKU2xvT3J6cnExSTJQY1k1c0hqdG1pbGZ5MGEtVmFvbEo5cGlmWkVuZXpJc0JjV19SbVNSc3dlXzlkRkYwUHFwT2hsWDFB?oc=5\" target=\"_blank\" rel=\"nofollow noopener\">Urge deslocar definitivamente o lugar dos Estados Unidos em nossa percep\u00e7\u00e3o sobre a sa\u00fade<\/a>&nbsp;&nbsp;Jornal da USP<\/li>\n<li><a href=\"https:\/\/news.google.com\/rss\/articles\/CBMirwFBVV95cUxQUTdRQ1UydC1vVC02WE5RUVBNTV9nYXVWUzMxdG5TT0VKdFFsc28xVkc2QlJXV0VCVHRZekxlTnNTZGpUQzNZU2FkTW1rdnVxSzBzdDNGR2lmYmplN1dJMTFGQWEzREZDdWY1cmJHYVd5YUtEWTlBRDdfLUd4WVVRRGl0UzBCcFNaX0p3bHc1NGtvN2tRLXZaVEYzOERiRTJFc2d2bllMV09GUVNYSVYw?oc=5\" target=\"_blank\" rel=\"nofollow noopener\">Ativismo antivacina captura ag\u00eancias de sa\u00fade nos EUA<\/a>&nbsp;&nbsp;Revista Quest\u00e3o de Ci\u00eancia<\/li>\n<li><a href=\"https:\/\/news.google.com\/rss\/articles\/CBMisAFBVV95cUxOQ3pUbWgxdGhiWmRVajFCdFltd3dTcko4dmpJbkVITnhkNTlFY3pVZ1M2dlpXVU9BM0dycXpSQVZCZUJ4UmFsWGRVZ2VRWGxleUcwNThjUW1Gd190S0Naek5ybl9GOXZMMU8xYU4wVXR0OG5iNmZTaVFkQm8xLVZxcV95RHNOSTRpMk9lb29ydjdESVJ4WkY4RDhyOFJsWFlpVmk2OVMzby1uVmJmeXZBUg?oc=5\" target=\"_blank\" rel=\"nofollow noopener\">Opini\u00e3o &#8211; Vidas At\u00edpicas: Que m\u00e3e eu seria sem a ci\u00eancia sobre o autismo?<\/a>&nbsp;&nbsp;Folha de S.Paulo<\/li>\n<li><a href=\"https:\/\/news.google.com\/rss\/articles\/CBMi1gFBVV95cUxNcU1jbWJPeENvNkJCZGFPd2NiRjVLV2U4ZTJmaEF3d0FQZnBsNnhJNXRUNHpTd3l1dFByOFQ1czZFODBMUGY4OWM4Q3FYWldYRnkwUzh2RTVhV2IxZlJLU080ODUxR3BuNjAzcXlBYk5Yak1JS2hOTHlYakRtY3JGTjY3Z0xJLTVSTjViRGNMbWZBcE9ZX0ZRUDlxN2N4bUhPcEYzbDgtc2gwWHBiN1ZRR0M1ODR4dDItYzJWekI2aUticWpMV2tUMno5VmVVMVZTcWFMU0Vn0gHbAUFVX3lxTE5RQVUwZFVQN1NKZk9ld1ZpRlZWVjc3Sk90WGNlSl8ybkFOWVNVLTlxRGc5cnRiLWgyOHUzTF9LVUxER2Y0czQwV0JTU25zbkk1c3lZZ1VoV0RjSXY3TEZuYW1UWVUyQTFrb1dYU05QdThPeko4bno1dXJFYjRCU1BJS0dKSFFYQjh4clp3bEFfQ1FtdUFDN3Q0eGlWRzNQelI3d0V1UURGUnZTU19hb2tMUFYwUWxQTDhXcWRib0kzbzVMcEcweDJka3ozcDZFeWlrRFJ0YUIxWnJFdw?oc=5\" target=\"_blank\" rel=\"nofollow noopener\">Trump \u2018desmantelou\u2019 ag\u00eancia refer\u00eancia em preven\u00e7\u00e3o de doen\u00e7as, diz infectologista<\/a>&nbsp;&nbsp;Estado de Minas<\/li>\n<\/ol>\n","protected":false},"excerpt":{"rendered":"O que os pais devem saber sobre autismo e vacinas&nbsp;&nbsp;CNN Portugal Urge deslocar definitivamente o lugar dos Estados&hellip;\n","protected":false},"author":2,"featured_media":178545,"comment_status":"","ping_status":"","sticky":false,"template":"","format":"standard","meta":{"footnotes":""},"categories":[86],"tags":[609,836,611,27,607,608,333,832,604,135,610,476,301,830,116,603,570,831,833,62,834,13,835,602,52,32,33,117,29],"class_list":{"0":"post-178544","1":"post","2":"type-post","3":"status-publish","4":"format-standard","5":"has-post-thumbnail","7":"category-saude","8":"tag-alerta","9":"tag-analise","10":"tag-ao-minuto","11":"tag-breaking-news","12":"tag-cnn","13":"tag-cnn-portugal","14":"tag-comentadores","15":"tag-costa","16":"tag-crime","17":"tag-desporto","18":"tag-direto","19":"tag-economia","20":"tag-governo","21":"tag-guerra","22":"tag-health","23":"tag-justica","24":"tag-live","25":"tag-mais-vistas","26":"tag-marcelo","27":"tag-mundo","28":"tag-negocios","29":"tag-noticias","30":"tag-opiniao","31":"tag-pais","32":"tag-politica","33":"tag-portugal","34":"tag-pt","35":"tag-saude","36":"tag-ultimas"},"share_on_mastodon":{"url":"https:\/\/pubeurope.com\/@pt\/115677718409860683","error":""},"_links":{"self":[{"href":"https:\/\/www.europesays.com\/pt\/wp-json\/wp\/v2\/posts\/178544","targetHints":{"allow":["GET"]}}],"collection":[{"href":"https:\/\/www.europesays.com\/pt\/wp-json\/wp\/v2\/posts"}],"about":[{"href":"https:\/\/www.europesays.com\/pt\/wp-json\/wp\/v2\/types\/post"}],"author":[{"embeddable":true,"href":"https:\/\/www.europesays.com\/pt\/wp-json\/wp\/v2\/users\/2"}],"replies":[{"embeddable":true,"href":"https:\/\/www.europesays.com\/pt\/wp-json\/wp\/v2\/comments?post=178544"}],"version-history":[{"count":0,"href":"https:\/\/www.europesays.com\/pt\/wp-json\/wp\/v2\/posts\/178544\/revisions"}],"wp:featuredmedia":[{"embeddable":true,"href":"https:\/\/www.europesays.com\/pt\/wp-json\/wp\/v2\/media\/178545"}],"wp:attachment":[{"href":"https:\/\/www.europesays.com\/pt\/wp-json\/wp\/v2\/media?parent=178544"}],"wp:term":[{"taxonomy":"category","embeddable":true,"href":"https:\/\/www.europesays.com\/pt\/wp-json\/wp\/v2\/categories?post=178544"},{"taxonomy":"post_tag","embeddable":true,"href":"https:\/\/www.europesays.com\/pt\/wp-json\/wp\/v2\/tags?post=178544"}],"curies":[{"name":"wp","href":"https:\/\/api.w.org\/{rel}","templated":true}]}}