{"id":178550,"date":"2025-12-07T10:07:18","date_gmt":"2025-12-07T10:07:18","guid":{"rendered":"https:\/\/www.europesays.com\/pt\/178550\/"},"modified":"2025-12-07T10:07:18","modified_gmt":"2025-12-07T10:07:18","slug":"opositor-venezuelano-alfredo-diaz-morreu-na-prisao-observador","status":"publish","type":"post","link":"https:\/\/www.europesays.com\/pt\/178550\/","title":{"rendered":"Opositor venezuelano Alfredo D\u00edaz morreu na pris\u00e3o \u2013 Observador"},"content":{"rendered":"<p>O Foro Penal, organiza\u00e7\u00e3o n\u00e3o governamental (ONG) que documenta deten\u00e7\u00f5es de presos pol\u00edticos na Venezuela, anunciou este s\u00e1bado a morte na pris\u00e3o, sob cust\u00f3dia do Estado, de mais um opositor pol\u00edtico, o ex-governador do estado de Nueva Esparta, Alfredo D\u00edaz.<\/p>\n<p>A den\u00fancia foi feita atrav\u00e9s das redes sociais, numa mensagem em que o Foro Penal (FP) anuncia a morte de Alfredo D\u00edaz, encarcerado h\u00e1 mais de um ano e em isolamento, recordando que <strong>\u201c17 presos pol\u00edticos morreram na Venezuela, desde 2014\u201d.<\/strong><\/p>\n<p>Ex-governador \u2014 ativista do partido opositor A\u00e7\u00e3o Democr\u00e1tica e tamb\u00e9m ex-vereador e ex-prefeito \u2014, D\u00edaz foi detido em novembro de 2024, num contexto de crise pol\u00edtica ap\u00f3s as elei\u00e7\u00f5es presidenciais daquele ano, nas quais a maior coliga\u00e7\u00e3o da oposi\u00e7\u00e3o denunciou como fraudulento o resultado que deu a reelei\u00e7\u00e3o ao Presidente Nicol\u00e1s Maduro.<\/p>\n<p>D\u00edaz questionou a falta de publica\u00e7\u00e3o dos resultados detalhados das elei\u00e7\u00f5es presidenciais e denunciou, dias antes de sua deten\u00e7\u00e3o, a crise el\u00e9trica que Nova Esparta viveu em novembro, que o governo atribuiu a ataques da oposi\u00e7\u00e3o.<\/p>\n<p>\u201cAlfredo D\u00edaz, ex-governador de Nueva Esparta, outro preso pol\u00edtico que morre nas pris\u00f5es venezuelanas. Estava preso h\u00e1 um ano, em isolamento. S\u00f3 permitiram uma visita da sua filha. Tinha 55 anos. \u00c9 revoltante! O Estado \u00e9 respons\u00e1vel pela sa\u00fade das pessoas sob sua cust\u00f3dia\u201d, denuncia o presidente do FP, Alfredo Romero, na rede social X.<\/p>\n<p>Na mesma rede, o vice-presidente do FP, Gonzalo Himiob, adiantou que os familiares de D\u00edaz j\u00e1 foram informados da morte do pol\u00edtico e est\u00e3o a caminho de Caracas, precisando que a v\u00edtima estava presa em El Helicoide, um conhecido c\u00e1rcere do Servi\u00e7o Bolivariano de Intelig\u00eancia Nacional (SEBIN, servi\u00e7os de informa\u00e7\u00f5es).<\/p>\n<p>\u201cDe acordo com o Protocolo de Minnesota (2016), trata-se de uma morte potencialmente il\u00edcita que deve ser investigada de forma objetiva e imparcial\u201d, sublinha Gonzalo Himiob, na sua mensagem.<\/p>\n<p>A ONG Encontro, Justi\u00e7a e Perd\u00e3o (EJP), por seu lado, lamentou, tamb\u00e9m na X, a morte de Alfredo D\u00edaz, precisando que na sexta-feira sofreu um ataque card\u00edaco.<\/p>\n<p>\u201cAlfredo esteve isolado e incomunicado por mais de um ano. Durante todo esse tempo, os funcion\u00e1rios respons\u00e1veis pela sua cust\u00f3dia negaram-lhe qualquer contacto com os seus familiares, alegando ordens superiores (\u2026). A sua deten\u00e7\u00e3o arbitr\u00e1ria ocorreu em novembro de 2024, foi acusado, sem provas, de incita\u00e7\u00e3o ao \u00f3dio e terrorismo; acusa\u00e7\u00f5es frequentemente utilizadas nos tribunais para justificar penas m\u00e1ximas contra dissidentes e vozes da oposi\u00e7\u00e3o\u201d, denuncia a EJP.<\/p>\n<p>A EJP diz ainda acompanhar a mulher e familiares de D\u00edaz na exig\u00eancia de uma investiga\u00e7\u00e3o independente, s\u00e9ria e transparente que esclare\u00e7a os factos que conduziram \u00e0 morte do opositor pol\u00edtico e identifique os respons\u00e1veis por a\u00e7\u00e3o ou omiss\u00e3o, durante o seu encarceramento.<\/p>\n<p>\u201cA morte de Alfredo lembra-nos, mais uma vez, a urg\u00eancia de p\u00f4r fim \u00e0 repress\u00e3o, libertar todos os presos pol\u00edticos e garantir o pleno respeito pelos direitos humanos na Venezuela. Convocamos o pa\u00eds e a comunidade internacional a condenar este facto que enlutou mais uma fam\u00edlia venezuelana e que se soma \u00e0s lament\u00e1veis e repudi\u00e1veis consequ\u00eancias do mais atroz ataque das for\u00e7as de seguran\u00e7a do Estado contra uma popula\u00e7\u00e3o desamparada e empobrecida, cujo \u00fanico anseio continua a ser um pa\u00eds democr\u00e1tico onde a paz seja express\u00e3o da verdade, da liberdade, da justi\u00e7a e do desenvolvimento econ\u00f3mico\u201d, afirma ainda a EJP.<\/p>\n<p>O partido opositor Vontade Popular declarou que \u201ceste n\u00e3o \u00e9 um caso isolado\u201d, mas sim \u201ca consequ\u00eancia direta de um sistema que persegue, encarcera e destr\u00f3i vidas para se manter no poder\u201d.<\/p>\n<p>\u201cAlfredo D\u00edaz morreu sem liberdade, sem justi\u00e7a e sem garantias m\u00ednimas, numa pris\u00e3o onde o regime decide quem vive e quem morre\u201d, denunciou na X aquele partido da oposi\u00e7\u00e3o.<\/p>\n<p>Tamb\u00e9m a Plataforma Unit\u00e1ria Democr\u00e1tica (PUD), que re\u00fane os principais partidos da oposi\u00e7\u00e3o venezuelana, lamentou a morte de Alfredo D\u00edaz, referindo-se \u00e0 sua deten\u00e7\u00e3o como \u201cum sequestro\u201d.<\/p>\n<p>Nas redes sociais locais, v\u00e1rios pol\u00edticos venezuelanos acusam o Estado venezuelano de ter negado a assist\u00eancia m\u00e9dica que a v\u00edtima tinha solicitado, durante meses.<\/p>\n<p>Na plataforma Instagram, Leynys Malav\u00e9, mulher de Alfredo Di\u00e1z, questiona o Estado venezuelano sobre a morte do marido.<\/p>\n<p>\u201cExijo uma resposta sobre o que aconteceu com o meu marido. Mataram-no?\u201d, interroga.<\/p>\n<p>Segundo o F\u00f3rum Penal, a Venezuela tem 887 pessoas presas por motivos pol\u00edticos, 770 homens e 117 mulheres, dos quais 713 s\u00e3o civis e 174 militares, incluindo quatro adolescentes.<\/p>\n<p>Segundo a organiza\u00e7\u00e3o, entre os presos contam-se 85 cidad\u00e3os estrangeiros.<\/p>\n<p>O Foro Penal desconhece o paradeiro de 60 presos pol\u00edticos.<\/p>\n<p>O Governo venezuelano confirmou no s\u00e1bado que o ex-governador do estado de Nueva Esparta, Alfredo D\u00edaz, considerado prisioneiro pol\u00edtico pela oposi\u00e7\u00e3o, morreu na pris\u00e3o v\u00edtima de ataque card\u00edaco, como anunciado antes por v\u00e1rias ONGs e partidos pol\u00edticos.<\/p>\n<p>O Minist\u00e9rio do Servi\u00e7o Penitenci\u00e1rio da Venezuela emitiu um comunicado em que precisou que este s\u00e1bado, aproximadamente \u00e0s 06:33 hora local (10:33 TMG), D\u00edaz manifestou \u201csintomas compat\u00edveis com um enfarte do mioc\u00e1rdio\u201d, pelo que foi \u201cauxiliado pelos seus companheiros de recinto\u201d e \u201cimediatamente\u201d atendido na emerg\u00eancia, onde lhe prestaram \u201ccuidados m\u00e9dicos prim\u00e1rios\u201d.<\/p>\n<p>Devido ao seu estado, segundo o minist\u00e9rio, foi transferido para o Hospital Universit\u00e1rio de Caracas, onde foi internado e \u201cfaleceu minutos depois\u201d de tentarem estabiliz\u00e1-lo.<\/p>\n<p>D\u00edaz \u201cestava a ser processado, com plena garantia dos seus direitos, de acordo com o ordenamento jur\u00eddico e o respeito pelos direitos humanos e a sua defesa jur\u00eddica. Isso \u00e9 evidente atrav\u00e9s de v\u00eddeos e registos correspondentes\u201d, afirmou ainda o minist\u00e9rio.<\/p>\n<p>Antes desde comunicado, os l\u00edderes da oposi\u00e7\u00e3o Mar\u00eda Corina Machado e Edmundo Gonz\u00e1lez Urrutia sublinharam que esta morte revela um \u201cpadr\u00e3o sustentado de repress\u00e3o estatal\u201d e denunciaram que j\u00e1 s\u00e3o sete os presos pol\u00edticos que morreram na pris\u00e3o ap\u00f3s as elei\u00e7\u00f5es presidenciais de 28 de julho de 2024.<\/p>\n<p>Machado e Gonz\u00e1lez Urrutia precisaram num comunicado conjunto, partilhado nas redes sociais, que as \u201ccircunst\u00e2ncias\u201d destas sete mortes \u201cincluem a nega\u00e7\u00e3o de cuidados m\u00e9dicos, condi\u00e7\u00f5es desumanas, isolamento e torturas, tratamentos cru\u00e9is, desumanos e degradantes\u201d.<\/p>\n<p>Concretamente, em rela\u00e7\u00e3o a D\u00edaz, sublinharam que a sua integridade e vida eram \u201cresponsabilidade exclusiva daqueles que o mantinham arbitrariamente sequestrado\u201d em El Helicoide, como \u00e9 conhecida a sede do Servi\u00e7o Bolivariano de Intelig\u00eancia Nacional (Sebin) em Caracas, e, portanto, acrescentaram, \u201cn\u00e3o pode ser tratado como uma morte comum\u201d.<\/p>\n<p>Gonz\u00e1lez Urrutia sustentou ainda na rede social no X que D\u00edaz \u201cdeveria ter recebido os cuidados m\u00e9dicos de que necessitava, tal como tantos presos pol\u00edticos a quem \u00e9 negado um direito b\u00e1sico que deve ser garantido sem exce\u00e7\u00f5es\u201d.<\/p>\n<p>Texto atualizado \u00e0s 9h29 com rea\u00e7\u00e3o do Governo de Maduro<\/p>\n","protected":false},"excerpt":{"rendered":"O Foro Penal, organiza\u00e7\u00e3o n\u00e3o governamental (ONG) que documenta deten\u00e7\u00f5es de presos pol\u00edticos na Venezuela, anunciou este s\u00e1bado&hellip;\n","protected":false},"author":2,"featured_media":178551,"comment_status":"","ping_status":"","sticky":false,"template":"","format":"standard","meta":{"footnotes":""},"categories":[50],"tags":[27,28,15,16,14,25,26,21,22,62,12,13,19,20,302,36810,23,24,17,18,29,30,31,3023,63,64,65],"class_list":{"0":"post-178550","1":"post","2":"type-post","3":"status-publish","4":"format-standard","5":"has-post-thumbnail","7":"category-mundo","8":"tag-breaking-news","9":"tag-breakingnews","10":"tag-featured-news","11":"tag-featurednews","12":"tag-headlines","13":"tag-latest-news","14":"tag-latestnews","15":"tag-main-news","16":"tag-mainnews","17":"tag-mundo","18":"tag-news","19":"tag-noticias","20":"tag-noticias-principais","21":"tag-noticiasprincipais","22":"tag-polu00edtica","23":"tag-presos-polu00edticos","24":"tag-principais-noticias","25":"tag-principaisnoticias","26":"tag-top-stories","27":"tag-topstories","28":"tag-ultimas","29":"tag-ultimas-noticias","30":"tag-ultimasnoticias","31":"tag-venezuela","32":"tag-world","33":"tag-world-news","34":"tag-worldnews"},"share_on_mastodon":{"url":"https:\/\/pubeurope.com\/@pt\/115677734066514559","error":""},"_links":{"self":[{"href":"https:\/\/www.europesays.com\/pt\/wp-json\/wp\/v2\/posts\/178550","targetHints":{"allow":["GET"]}}],"collection":[{"href":"https:\/\/www.europesays.com\/pt\/wp-json\/wp\/v2\/posts"}],"about":[{"href":"https:\/\/www.europesays.com\/pt\/wp-json\/wp\/v2\/types\/post"}],"author":[{"embeddable":true,"href":"https:\/\/www.europesays.com\/pt\/wp-json\/wp\/v2\/users\/2"}],"replies":[{"embeddable":true,"href":"https:\/\/www.europesays.com\/pt\/wp-json\/wp\/v2\/comments?post=178550"}],"version-history":[{"count":0,"href":"https:\/\/www.europesays.com\/pt\/wp-json\/wp\/v2\/posts\/178550\/revisions"}],"wp:featuredmedia":[{"embeddable":true,"href":"https:\/\/www.europesays.com\/pt\/wp-json\/wp\/v2\/media\/178551"}],"wp:attachment":[{"href":"https:\/\/www.europesays.com\/pt\/wp-json\/wp\/v2\/media?parent=178550"}],"wp:term":[{"taxonomy":"category","embeddable":true,"href":"https:\/\/www.europesays.com\/pt\/wp-json\/wp\/v2\/categories?post=178550"},{"taxonomy":"post_tag","embeddable":true,"href":"https:\/\/www.europesays.com\/pt\/wp-json\/wp\/v2\/tags?post=178550"}],"curies":[{"name":"wp","href":"https:\/\/api.w.org\/{rel}","templated":true}]}}