{"id":178572,"date":"2025-12-07T10:29:09","date_gmt":"2025-12-07T10:29:09","guid":{"rendered":"https:\/\/www.europesays.com\/pt\/178572\/"},"modified":"2025-12-07T10:29:09","modified_gmt":"2025-12-07T10:29:09","slug":"por-que-selena-gomez-nao-quer-ser-madrinha-de-casamento-de-taylor-swift-r7-entretenimento","status":"publish","type":"post","link":"https:\/\/www.europesays.com\/pt\/178572\/","title":{"rendered":"Por que Selena Gomez n\u00e3o quer ser madrinha de casamento de Taylor Swift \u2013 R7 Entretenimento"},"content":{"rendered":"<p>LEIA AQUI O RESUMO DA NOT\u00cdCIA<\/p>\n<ul class=\"b-article-body-custom-embed-brief-news__list\" style=\"margin: 0; padding-left: 20px; list-style-type: disc;\">\n<li>Selena Gomez n\u00e3o quer ser madrinha de casamento de Taylor Swift para n\u00e3o ofuscar o grande dia da noiva.<\/li>\n<li>Taylor convidou Selena, mas ela tem receio de desviar a aten\u00e7\u00e3o durante a cerim\u00f4nia.<\/li>\n<li>A amizade entre elas \u00e9 forte, com Taylor j\u00e1 tendo feito um discurso no casamento de Selena.<\/li>\n<li>O noivado de Taylor e seu parceiro foi anunciado em agosto, e a lista de convidados promete reunir celebridades e atletas.<\/li>\n<\/ul>\n<p style=\"font-size: 0.8em; font-style: italic; text-align: right; margin-top: 15px; padding-bottom: 5px; margin-bottom: 0;\">Produzido pela Ri7a &#8211; a Intelig\u00eancia Artificial do R7<\/p>\n<p><img decoding=\"async\" data-chromatic=\"ignore\" alt=\"\" class=\"c-image\" loading=\"lazy\" src=\"https:\/\/www.europesays.com\/pt\/wp-content\/uploads\/2025\/12\/EENKY7BAQFDEVDVPOHWN7URBWQ.jpeg\"  width=\"1170\" height=\"752\"\/>Selena fez uma publica\u00e7\u00e3o nas redes sociais para agradecer a presen\u00e7a de Taylor em seu casamento Reprodu\u00e7\u00e3o\/Instagram\/@selenagomez <\/p>\n<p class=\"jarvics:base-text-neutral-high-400 base-text-[calc(theme(fontSize.xs)_*_var(--font-size,_1))] base-font-normal base-font-primary base-text-neutral-low-500 base-text-left\">Uma das amizades mais queridas do <a href=\"https:\/\/entretenimento.r7.com\/\" target=\"_self\" rel=\"nofollow noopener\" title=\"https:\/\/entretenimento.r7.com\/\">mundo pop<\/a> virou alvo de especula\u00e7\u00f5es ap\u00f3s o jornal brit\u00e2nico Daily Mail afirmar que <a href=\"https:\/\/entretenimento.r7.com\/prisma\/backstage\/o-improvavel-retorno-de-selena-gomez-aos-palcos-14112025\/\" target=\"_self\" rel=\"nofollow noopener\" title=\"https:\/\/entretenimento.r7.com\/prisma\/backstage\/o-improvavel-retorno-de-selena-gomez-aos-palcos-14112025\/\">Selena Gomez<\/a> n\u00e3o quer ser madrinha de casamento de <a href=\"https:\/\/www.r7.com\/tudo-sobre\/taylor-swift\/\" target=\"_self\" rel=\"nofollow noopener\" title=\"https:\/\/www.r7.com\/tudo-sobre\/taylor-swift\/\">Taylor Swift<\/a>.<\/p>\n<p class=\"jarvics:base-text-neutral-high-400 base-text-[calc(theme(fontSize.xs)_*_var(--font-size,_1))] base-font-normal base-font-primary base-text-neutral-low-500 base-text-left\">O motivo, segundo a reportagem, seria o receio de ofuscar o grande dia da noiva, o que gerou debates nas redes sociais, j\u00e1 que Taylor fez at\u00e9 um discurso no casamento de Selena.<\/p>\n<p class=\"jarvics:base-text-neutral-high-400 base-text-[calc(theme(fontSize.xs)_*_var(--font-size,_1))] base-font-normal base-font-primary base-text-neutral-low-500 base-text-left\">\u201cTaylor convidou Selena para ser madrinha de casamento, mas Selena disse que isso poderia desviar muito a aten\u00e7\u00e3o dela no seu grande dia. Mas Taylor n\u00e3o desiste. Ela n\u00e3o aceita um n\u00e3o como resposta\u201d, disse uma fonte ao jornal.<\/p>\n<p class=\"jarvics:base-text-neutral-high-400 base-text-[calc(theme(fontSize.xs)_*_var(--font-size,_1))] base-font-normal base-font-primary base-text-neutral-low-500 base-text-left\">A pessoa n\u00e3o identificada afirmou que a atriz de Only Murders In The Building planeja um discurso, assim como Swift fez no seu casamento. Na ocasi\u00e3o, a cantora emocionou os convidados ao relembrar momentos marcantes da amizade de quase duas d\u00e9cadas.<\/p>\n<p class=\"jarvics:base-text-neutral-high-400 base-text-[calc(theme(fontSize.xs)_*_var(--font-size,_1))] base-font-normal base-font-primary base-text-neutral-low-500 base-text-left\">Selena chegou a fazer uma publica\u00e7\u00e3o nas redes sociais para agradecer a presen\u00e7a da amiga na cerim\u00f4nia. Em um dos registros, Taylor aparece sentada ao lado da noiva, enquanto ela se arruma. \u201cAben\u00e7oada por ter voc\u00ea ao meu lado\u201d, escreveu na legenda.<\/p>\n<p>Taylor Swift e Travis Kelce<\/p>\n<p class=\"jarvics:base-text-neutral-high-400 base-text-[calc(theme(fontSize.xs)_*_var(--font-size,_1))] base-font-normal base-font-primary base-text-neutral-low-500 base-text-left\">O casal anunciou o noivado em agosto deste ano atrav\u00e9s de uma publica\u00e7\u00e3o no Instagram em que escreveu: \u201cSua professora de ingl\u00eas e seu professor de educa\u00e7\u00e3o f\u00edsica v\u00e3o se casar\u201d. Eles est\u00e3o juntos desde setembro de 2023, depois que o jogador revelou que tinha uma queda pela cantora em um podcast.<\/p>\n<p class=\"jarvics:base-text-neutral-high-400 base-text-[calc(theme(fontSize.xs)_*_var(--font-size,_1))] base-font-normal base-font-primary base-text-neutral-low-500 base-text-left\">Ainda n\u00e3o h\u00e1 confirma\u00e7\u00e3o sobre uma grande festa ou uma cerim\u00f4nia \u00edntima, mas a lista de convidados chama a aten\u00e7\u00e3o por unir o mundo das celebridades com o de esportes. Entre os convidados da cantora estariam Emma Stone, Ed Sheeran e Sabrina Carpenter. J\u00e1 o jogador deve levar o companheiro de time Patrick Mahomes e o ex-jogador Ross Travis.<\/p>\n<p><video controls=\"\" class=\"video-js\" preload=\"metadata\" poster=\"https:\/\/d22yf0mxeu0gma.cloudfront.net\/10-06-2025\/t_9191266a878b477093fb859ecf24491e_name_EH2VOIFSKRBOJDYXXB4FSX6MXQ.jpeg\" title=\"Taylor Swift revela qual estrela pode se apresentar em seu casamento\" data-sprite-url=\"\" data-metadata=\"{&quot;title&quot;:&quot;Taylor Swift revela qual estrela pode se apresentar em seu casamento&quot;,&quot;sectionName&quot;:&quot;R7&quot;,&quot;mainSection&quot;:&quot;Famosos e TV&quot;,&quot;subSection&quot;:&quot;&quot;,&quot;views&quot;:&quot;&quot;,&quot;disableAdv&quot;:&quot;false&quot;,&quot;createdDate&quot;:&quot;2025-10-06T11:35:05Z&quot;,&quot;mainSectionUrl&quot;:&quot;https:\/\/entretenimento.r7.com\/bang-showbiz\/video\/taylor-swift-revela-qual-estrela-pode-se-apresentar-em-seu-casamento-06102025\/&quot;,&quot;sectionPath&quot;:&quot;https:\/\/entretenimento.r7.com\/bang-showbiz&quot;,&quot;ageRating&quot;:&quot;&quot;,&quot;ageRatingDescription&quot;:&quot;&quot;,&quot;duration&quot;:68223,&quot;playerUrl&quot;:&quot;https:\/\/entretenimento.r7.com\/player\/1942d042-28de-4368-9d5e-857a8a3a2eb2\/&quot;}\" data-player-params=\"{&quot;p&quot;:&quot;true&quot;,&quot;autoPlay&quot;:&quot;false&quot;,&quot;logo&quot;:&quot;true&quot;,&quot;playlistId&quot;:&quot;false&quot;,&quot;calhau&quot;:&quot;false&quot;,&quot;share&quot;:&quot;true&quot;,&quot;sz&quot;:&quot;false&quot;,&quot;full&quot;:&quot;true&quot;,&quot;customAdHash&quot;:&quot;\/7542\/R7entretenimento\/famosostv&quot;,&quot;referrerUrl&quot;:&quot;&quot;,&quot;externalLinks&quot;:&quot;true&quot;,&quot;debug&quot;:&quot;false&quot;,&quot;debugHash&quot;:&quot;false&quot;,&quot;debugRelated&quot;:&quot;false&quot;,&quot;timerRelated&quot;:&quot;true&quot;,&quot;logoRecord&quot;:&quot;false&quot;,&quot;contextModal&quot;:&quot;false&quot;,&quot;parentUrl&quot;:&quot;https:\/\/record.r7.com\/&quot;,&quot;t&quot;:&quot;0&quot;,&quot;noTitle&quot;:false,&quot;endBehavior&quot;:&quot;default&quot;}\" data-related-videos=\"\" data-player-url=\"https:\/\/entretenimento.r7.com\/player\/1942d042-28de-4368-9d5e-857a8a3a2eb2\/\" data-arc-video=\"\" data-arc-id=\"1942d042-28de-4368-9d5e-857a8a3a2eb2\" data-short=\"false\" style=\"visibility:hidden\"><\/video><\/p>\n<p class=\"jarvics:base-text-neutral-high-400 base-text-[calc(theme(fontSize.xs)_*_var(--font-size,_1))] base-font-normal base-font-primary base-text-neutral-low-500 base-text-left\"><b>Para saber tudo do mundo dos famosos, <\/b><a href=\"https:\/\/whatsapp.com\/channel\/0029Va9UfKcHQbRyCyhPt71R\" rel=\"nofollow noopener\" target=\"_blank\"><b>siga o canal de entretenimento do R7<\/b><\/a><b>, o portal de not\u00edcias da RECORD, no WhatsApp<\/b><\/p>\n","protected":false},"excerpt":{"rendered":"LEIA AQUI O RESUMO DA NOT\u00cdCIA Selena Gomez n\u00e3o quer ser madrinha de casamento de Taylor Swift para&hellip;\n","protected":false},"author":2,"featured_media":178573,"comment_status":"","ping_status":"","sticky":false,"template":"","format":"standard","meta":{"footnotes":""},"categories":[141],"tags":[1435,114,115,3034,149,150,32,33,1973],"class_list":{"0":"post-178572","1":"post","2":"type-post","3":"status-publish","4":"format-standard","5":"has-post-thumbnail","7":"category-musica","8":"tag-casamento","9":"tag-entertainment","10":"tag-entretenimento","11":"tag-famosos-e-celebridades","12":"tag-music","13":"tag-musica","14":"tag-portugal","15":"tag-pt","16":"tag-taylor-swift"},"share_on_mastodon":{"url":"https:\/\/pubeurope.com\/@pt\/115677820748459747","error":""},"_links":{"self":[{"href":"https:\/\/www.europesays.com\/pt\/wp-json\/wp\/v2\/posts\/178572","targetHints":{"allow":["GET"]}}],"collection":[{"href":"https:\/\/www.europesays.com\/pt\/wp-json\/wp\/v2\/posts"}],"about":[{"href":"https:\/\/www.europesays.com\/pt\/wp-json\/wp\/v2\/types\/post"}],"author":[{"embeddable":true,"href":"https:\/\/www.europesays.com\/pt\/wp-json\/wp\/v2\/users\/2"}],"replies":[{"embeddable":true,"href":"https:\/\/www.europesays.com\/pt\/wp-json\/wp\/v2\/comments?post=178572"}],"version-history":[{"count":0,"href":"https:\/\/www.europesays.com\/pt\/wp-json\/wp\/v2\/posts\/178572\/revisions"}],"wp:featuredmedia":[{"embeddable":true,"href":"https:\/\/www.europesays.com\/pt\/wp-json\/wp\/v2\/media\/178573"}],"wp:attachment":[{"href":"https:\/\/www.europesays.com\/pt\/wp-json\/wp\/v2\/media?parent=178572"}],"wp:term":[{"taxonomy":"category","embeddable":true,"href":"https:\/\/www.europesays.com\/pt\/wp-json\/wp\/v2\/categories?post=178572"},{"taxonomy":"post_tag","embeddable":true,"href":"https:\/\/www.europesays.com\/pt\/wp-json\/wp\/v2\/tags?post=178572"}],"curies":[{"name":"wp","href":"https:\/\/api.w.org\/{rel}","templated":true}]}}