{"id":178621,"date":"2025-12-07T11:13:19","date_gmt":"2025-12-07T11:13:19","guid":{"rendered":"https:\/\/www.europesays.com\/pt\/178621\/"},"modified":"2025-12-07T11:13:19","modified_gmt":"2025-12-07T11:13:19","slug":"lina-bo-bardi-a-arquiteta-que-projetou-o-masp-e-outros-edificios-iconicos","status":"publish","type":"post","link":"https:\/\/www.europesays.com\/pt\/178621\/","title":{"rendered":"Lina Bo Bardi, a arquiteta que projetou o MASP e outros edif\u00edcios ic\u00f4nicos"},"content":{"rendered":"<p>No dia 5 de dezembro de 1914 nasceu, em Prati di Castello, Roma, aquela que se tornaria uma das figuras mais revolucion\u00e1rias da arquitetura brasileira: <strong>Achillina di Enrico Bo Bardi<\/strong>, mais conhecida como Lina Bo Bardi. Criada em um ambiente familiar que estimulava a arte, aprendeu com o pai, que era engenheiro, construtor e pintor, a desenhar e a traduzir formas e sensa\u00e7\u00f5es com guache e aquarela.<\/p>\n<p>A italiana concluiu, em 1933, o Liceu Art\u00edstico e, poucos anos depois, tornou-se uma das raras mulheres a ingressar na tradicional <a href=\"https:\/\/www.architettura.uniroma1.it\/it\/chi-siamo#:~:text=La%20Facolt%C3%A0%20di%20Architettura%20della%20Sapienza%20Universit%C3%A0%20di,Borghese%2C%20Via%20Flaminia%2C%20Via%20Gianturco%20e%20Valle%20Giulia.\" rel=\"nofollow noopener\" target=\"_blank\">Facolt\u00e0 di Architettura da Universit\u00e0 degli Studi di Roma<\/a>. Aos 25 anos, formada arquiteta, apresentou um projeto ousado para a \u00e9poca: o chamado \u201cN\u00facleo Assistencial da Maternidade e da Inf\u00e2ncia\u201d, que contava com estrutura de concreto armado e vidro aparente.<\/p>\n<p>Na d\u00e9cada de 1940, em plena Segunda Guerra, <strong>Lina<\/strong> se mudou para Mil\u00e3o, onde formou um est\u00fadio com <strong>Carlo Pagani<\/strong> e colaborou com <strong>Gio Ponti<\/strong>. Trabalhou intensamente como ilustradora e editora, participando de revistas que buscavam refletir sobre a vida cotidiana em meio \u00e0 devasta\u00e7\u00e3o. Ap\u00f3s o fim da guerra, conheceu <strong>Pietro Maria Bardi<\/strong>, cr\u00edtico de arte e intelectual com quem se casaria em 1946.<\/p>\n<p>O mesmo ano marcou uma virada decisiva: <strong>Lina<\/strong> e <strong>Pietro<\/strong> embarcaram para o Brasil, atra\u00eddos pela vitalidade art\u00edstica do pa\u00eds e convidados por <a href=\"https:\/\/pt.wikipedia.org\/wiki\/Assis_Chateaubriand\" rel=\"nofollow noopener\" target=\"_blank\">Assis Chateaubriand<\/a> para fundar o <a href=\"https:\/\/www.masp.com.br\/\" rel=\"nofollow noopener\" target=\"_blank\">Museu de Arte de S\u00e3o Paulo<\/a>. Em S\u00e3o Paulo, <strong>Lina<\/strong> rapidamente mergulhou em diferentes frentes de cria\u00e7\u00e3o: projetou m\u00f3veis, dirigiu revistas, fundou o Est\u00fadio de Arte Palma e, em 1951, concluiu seu primeiro grande marco arquitet\u00f4nico \u2014 a Casa de Vidro, resid\u00eancia do casal e hoje um s\u00edmbolo da moderna arquitetura brasileira. No mesmo ano naturalizou-se brasileira.<\/p>\n<p>Tempos mais tarde, na virada para os anos 1960, fundou, em Salvador, o Museu de Arte Moderna da Bahia (MAM-BA) e projetou o restauro do Solar do Unh\u00e3o. De volta a S\u00e3o Paulo, enfrentou os anos da ditadura dedicando-se sobretudo \u00e0 cenografia, aprofundando sua rela\u00e7\u00e3o com o teatro e o <a href=\"https:\/\/aventurasnahistoria.com.br\/noticias\/vitrine\/cinema-nacional-5-curiosidades-sobre-setima-arte-no-brasil.phtml\" rel=\"nofollow noopener\" target=\"_blank\">cinema<\/a>.<\/p>\n<p>Entre final dos anos 1970 e in\u00edcio da d\u00e9cada de 1980, <strong>Lina<\/strong> projetou o centro de lazer do SESC Pompeia.\u00a0Em 1982, a artista realizou novas instala\u00e7\u00f5es para o Museu de Arte Moderna do Parque Ibirapuera e, em 1984, elaborou os primeiros desenhos para o projeto da sede do Teatro Oficina. Dois anos mais tarde, foi chamada pela Prefeitura de Salvador para elaborar um projeto de recupera\u00e7\u00e3o do centro hist\u00f3rico da cidade. No mesmo per\u00edodo, desenvolveu outras interven\u00e7\u00f5es importantes, entre elas o Teatro e Funda\u00e7\u00e3o Greg\u00f3rio de Mattos, a Casa do Benin, no Pelourinho, a revitaliza\u00e7\u00e3o das encostas da Ladeira da Miseric\u00f3rdia e a Casa do Olodum.<\/p>\n<p>Em 1990, deu in\u00edcio \u00e0 restaura\u00e7\u00e3o do edif\u00edcio do Teatro Oficina \u2014 reinaugurado em 1994 \u2014 e come\u00e7ou aquele que seria seu \u00faltimo trabalho: o projeto da nova sede do Pal\u00e1cio das Ind\u00fastrias para a Prefeitura de S\u00e3o Paulo. Ainda naquele ano, ao lado de <strong>Pietro Maria Bardi<\/strong>, fundou o Instituto Quadrante, atualmente Instituto Bardi\/Casa de Vidro, criado para desenvolver, de forma independente ou em parceria com o MASP e outras institui\u00e7\u00f5es nacionais e internacionais, atividades culturais e pesquisas voltadas \u00e0 hist\u00f3ria da arte e da arquitetura. <strong>Lina<\/strong> integrou a dire\u00e7\u00e3o desde o in\u00edcio, ocupando a vice-presid\u00eancia at\u00e9 sua morte, em 1992.<\/p>\n<p>        <a href=\"https:\/\/aventurasnahistoria.com.br\/noticias\/author\/giovanna-gomes\" rel=\"nofollow noopener\" target=\"_blank\">&#13;<br \/>\n          <img loading=\"lazy\" alt=\"Giovanna Gomes\" src=\"https:\/\/www.europesays.com\/pt\/wp-content\/uploads\/2025\/12\/33b368a526ac26c2f7de6462fce3004285811f04809ed05857f30d16a462d4c5\"  class=\"avatar avatar-115 photo rounded-circle mr-3\" height=\"115\" width=\"115\" decoding=\"async\"\/>        <\/a><\/p>\n<p>Giovanna Gomes \u00e9 jornalista e estudante de Hist\u00f3ria pela USP. Gosta de escrever sobre arte, arqueologia e tudo que diz repeito \u00e0 cultura e \u00e0 hist\u00f3ria do ser humano.<\/p>\n","protected":false},"excerpt":{"rendered":"No dia 5 de dezembro de 1914 nasceu, em Prati di Castello, Roma, aquela que se tornaria uma&hellip;\n","protected":false},"author":2,"featured_media":178622,"comment_status":"","ping_status":"","sticky":false,"template":"","format":"standard","meta":{"footnotes":""},"categories":[144],"tags":[36815,304,207,205,206,203,201,202,204,114,115,1744,1739,32,33],"class_list":{"0":"post-178621","1":"post","2":"type-post","3":"status-publish","4":"format-standard","5":"has-post-thumbnail","7":"category-arte-e-design","8":"tag-arquiteta","9":"tag-arquitetura","10":"tag-arte","11":"tag-arte-e-design","12":"tag-artedesign","13":"tag-arts","14":"tag-arts-and-design","15":"tag-artsanddesign","16":"tag-design","17":"tag-entertainment","18":"tag-entretenimento","19":"tag-lina-bo-bardi","20":"tag-masp","21":"tag-portugal","22":"tag-pt"},"share_on_mastodon":{"url":"https:\/\/pubeurope.com\/@pt\/115677993862704416","error":""},"_links":{"self":[{"href":"https:\/\/www.europesays.com\/pt\/wp-json\/wp\/v2\/posts\/178621","targetHints":{"allow":["GET"]}}],"collection":[{"href":"https:\/\/www.europesays.com\/pt\/wp-json\/wp\/v2\/posts"}],"about":[{"href":"https:\/\/www.europesays.com\/pt\/wp-json\/wp\/v2\/types\/post"}],"author":[{"embeddable":true,"href":"https:\/\/www.europesays.com\/pt\/wp-json\/wp\/v2\/users\/2"}],"replies":[{"embeddable":true,"href":"https:\/\/www.europesays.com\/pt\/wp-json\/wp\/v2\/comments?post=178621"}],"version-history":[{"count":0,"href":"https:\/\/www.europesays.com\/pt\/wp-json\/wp\/v2\/posts\/178621\/revisions"}],"wp:featuredmedia":[{"embeddable":true,"href":"https:\/\/www.europesays.com\/pt\/wp-json\/wp\/v2\/media\/178622"}],"wp:attachment":[{"href":"https:\/\/www.europesays.com\/pt\/wp-json\/wp\/v2\/media?parent=178621"}],"wp:term":[{"taxonomy":"category","embeddable":true,"href":"https:\/\/www.europesays.com\/pt\/wp-json\/wp\/v2\/categories?post=178621"},{"taxonomy":"post_tag","embeddable":true,"href":"https:\/\/www.europesays.com\/pt\/wp-json\/wp\/v2\/tags?post=178621"}],"curies":[{"name":"wp","href":"https:\/\/api.w.org\/{rel}","templated":true}]}}