{"id":178633,"date":"2025-12-07T11:24:14","date_gmt":"2025-12-07T11:24:14","guid":{"rendered":"https:\/\/www.europesays.com\/pt\/178633\/"},"modified":"2025-12-07T11:24:14","modified_gmt":"2025-12-07T11:24:14","slug":"japao-diz-que-respondera-com-calma-a-incidente-com-cacas-chineses","status":"publish","type":"post","link":"https:\/\/www.europesays.com\/pt\/178633\/","title":{"rendered":"Jap\u00e3o diz que responder\u00e1 &#8220;com calma&#8221; a incidente com ca\u00e7as chineses"},"content":{"rendered":"<p>&#8220;Responderemos com determina\u00e7\u00e3o e calma para manter a paz e a estabilidade na regi\u00e3o&#8221;, disse o ministro numa confer\u00eancia de imprensa, em que participou com o hom\u00f3logo australiano, Richard Marles, depois de uma reuni\u00e3o entre ambos em T\u00f3quio.<\/p>\n<p>Marles, por sua vez, classificou o incidente como &#8220;extremamente preocupante&#8221; e garantiu que trabalhar\u00e1 com o Jap\u00e3o para tomar medidas.<\/p>\n<p>Horas antes, Koizumi tinha denunciado dois incidentes separados em que ca\u00e7as chineses bloquearam os respetivos radares de forma intermitente contra ca\u00e7as japoneses enquanto sobrevoavam &#8220;\u00e1guas internacionais a sudeste da ilha de Okinawa&#8221;.<\/p>\n<p>&#8220;Um ca\u00e7a J-15 lan\u00e7ado do porta-avi\u00f5es da marinha chinesa Liaoning ligou intermitentemente o seu radar&#8221; para visar um ca\u00e7a japon\u00eas F-15 que veio intercept\u00e1-lo, indicou, por outro lado, o minist\u00e9rio japon\u00eas da Defesa num comunicado.<\/p>\n<p>Um incidente semelhante, envolvendo outro avi\u00e3o chin\u00eas proveniente do Liaoning e tamb\u00e9m outro avi\u00e3o japon\u00eas, ocorreu cerca de duas horas mais tarde, acrescentou o minist\u00e9rio, denunciando &#8220;um ato perigoso que excede o necess\u00e1rio para a seguran\u00e7a dos voos&#8221;.<\/p>\n<p>T\u00f3quio enviou a Pequim &#8220;um protesto en\u00e9rgico&#8221; ap\u00f3s os incidentes em causa, que n\u00e3o causaram v\u00edtimas nem danos, disse Koizumi na primeira confer\u00eancia de imprensa.<\/p>\n<p>O radar num ca\u00e7a de combate \u00e9 utilizado tanto para localizar objetos como para apontar m\u00edsseis. O &#8220;bloqueio&#8221; \u00e9 a a\u00e7\u00e3o pela qual o radar de um avi\u00e3o militar deixa de simplesmente varrer o c\u00e9u e come\u00e7a a seguir um alvo espec\u00edfico, com o objetivo de obter uma solu\u00e7\u00e3o de tiro. Os ca\u00e7as modernos disp\u00f5em de sistemas que permitem detectar quando s\u00e3o alvos desse procedimento, sendo que os pilotos n\u00e3o t\u00eam como saber quais s\u00e3o as inten\u00e7\u00f5es do outro ca\u00e7a.<\/p>\n<p>Segundo o Minist\u00e9rio da Defesa japon\u00eas, citado pelo di\u00e1rio nip\u00f3nico Mainichi, os ca\u00e7as japoneses estavam fora do espa\u00e7o a\u00e9reo chin\u00eas quando visados pelos ca\u00e7as chineses, e que n\u00e3o havia motivo para o &#8220;bloqueio&#8221; dos radores de forma intermitente se o objetivo fosse simplesmente localizar a sua posi\u00e7\u00e3o.<\/p>\n<p>O &#8220;bloqueio&#8221; \u00e9 a a\u00e7\u00e3o pela qual o radar de um avi\u00e3o militar deixa de simplesmente varrer o c\u00e9u e come\u00e7a a seguir um alvo espec\u00edfico, com o objetivo de obter uma solu\u00e7\u00e3o de tiro. Os ca\u00e7as modernos disp\u00f5em de sistemas que permitem detectar quando s\u00e3o alvos desse procedimento.<\/p>\n<p>As rela\u00e7\u00f5es entre Pequim e T\u00f3quio ficaram particularmente tensas desde que a nova primeira-ministra japonesa, Sanae Takaichi, sugeriu em novembro em declara\u00e7\u00f5es no Parlamento que seu pa\u00eds poderia intervir militarmente em caso de um ataque da China a Taiwan, cuja soberania \u00e9 reivindicada por Pequim.<\/p>\n<p>Pequim protestou com veem\u00eancia, a v\u00e1rias vozes, e respondeu com medidas de press\u00e3o econ\u00f3mica e cultural, incluindo avisos de viagem ao Jap\u00e3o, a proibi\u00e7\u00e3o da importa\u00e7\u00e3o de produtos japoneses, entre outras.<\/p>\n<p>Desde ent\u00e3o, ocorreram v\u00e1rios incidentes envolvendo navios japoneses e chineses no Mar da China Oriental, perto das ilhas Senkaku &#8212; chamadas Diaoyu pelos chineses &#8212; administradas por T\u00f3quio, mas reivindicadas por Pequim.<\/p>\n<p>Leia Tamb\u00e9m: <a href=\"https:\/\/www.noticiasaominuto.com\/mundo\/2900731\/japao-acusa-aviacao-chinesa-de-atos-hostis-perto-de-okinawa\" target=\"_blank\" rel=\"noopener noreferrer nofollow\">Jap\u00e3o acusa avia\u00e7\u00e3o chinesa de atos hostis perto de Okinawa<\/a><\/p>\n","protected":false},"excerpt":{"rendered":"&#8220;Responderemos com determina\u00e7\u00e3o e calma para manter a paz e a estabilidade na regi\u00e3o&#8221;, disse o ministro numa&hellip;\n","protected":false},"author":2,"featured_media":178634,"comment_status":"","ping_status":"","sticky":false,"template":"","format":"standard","meta":{"footnotes":""},"categories":[50],"tags":[27,28,15,16,14,25,26,21,22,62,12,13,19,20,23,24,17,18,29,30,31,63,64,65],"class_list":{"0":"post-178633","1":"post","2":"type-post","3":"status-publish","4":"format-standard","5":"has-post-thumbnail","7":"category-mundo","8":"tag-breaking-news","9":"tag-breakingnews","10":"tag-featured-news","11":"tag-featurednews","12":"tag-headlines","13":"tag-latest-news","14":"tag-latestnews","15":"tag-main-news","16":"tag-mainnews","17":"tag-mundo","18":"tag-news","19":"tag-noticias","20":"tag-noticias-principais","21":"tag-noticiasprincipais","22":"tag-principais-noticias","23":"tag-principaisnoticias","24":"tag-top-stories","25":"tag-topstories","26":"tag-ultimas","27":"tag-ultimas-noticias","28":"tag-ultimasnoticias","29":"tag-world","30":"tag-world-news","31":"tag-worldnews"},"share_on_mastodon":{"url":"https:\/\/pubeurope.com\/@pt\/115678036933216905","error":""},"_links":{"self":[{"href":"https:\/\/www.europesays.com\/pt\/wp-json\/wp\/v2\/posts\/178633","targetHints":{"allow":["GET"]}}],"collection":[{"href":"https:\/\/www.europesays.com\/pt\/wp-json\/wp\/v2\/posts"}],"about":[{"href":"https:\/\/www.europesays.com\/pt\/wp-json\/wp\/v2\/types\/post"}],"author":[{"embeddable":true,"href":"https:\/\/www.europesays.com\/pt\/wp-json\/wp\/v2\/users\/2"}],"replies":[{"embeddable":true,"href":"https:\/\/www.europesays.com\/pt\/wp-json\/wp\/v2\/comments?post=178633"}],"version-history":[{"count":0,"href":"https:\/\/www.europesays.com\/pt\/wp-json\/wp\/v2\/posts\/178633\/revisions"}],"wp:featuredmedia":[{"embeddable":true,"href":"https:\/\/www.europesays.com\/pt\/wp-json\/wp\/v2\/media\/178634"}],"wp:attachment":[{"href":"https:\/\/www.europesays.com\/pt\/wp-json\/wp\/v2\/media?parent=178633"}],"wp:term":[{"taxonomy":"category","embeddable":true,"href":"https:\/\/www.europesays.com\/pt\/wp-json\/wp\/v2\/categories?post=178633"},{"taxonomy":"post_tag","embeddable":true,"href":"https:\/\/www.europesays.com\/pt\/wp-json\/wp\/v2\/tags?post=178633"}],"curies":[{"name":"wp","href":"https:\/\/api.w.org\/{rel}","templated":true}]}}