{"id":178635,"date":"2025-12-07T11:25:19","date_gmt":"2025-12-07T11:25:19","guid":{"rendered":"https:\/\/www.europesays.com\/pt\/178635\/"},"modified":"2025-12-07T11:25:19","modified_gmt":"2025-12-07T11:25:19","slug":"ventura-acusa-adversarios-de-ofender-portugal-observador","status":"publish","type":"post","link":"https:\/\/www.europesays.com\/pt\/178635\/","title":{"rendered":"Ventura acusa advers\u00e1rios de &#8220;ofender Portugal&#8221; \u2013 Observador"},"content":{"rendered":"<p>O presidente do Chega acusou este s\u00e1bado os seus principais advers\u00e1rios nas elei\u00e7\u00f5es presidenciais de \u201cofenderem Portugal\u201d e amea\u00e7ou com a \u201cm\u00e3o pesada da lei\u201d para combater criminalidade e corrup\u00e7\u00e3o, num discurso marcado por ataques \u00e0 classe pol\u00edtica.<\/p>\n<p>Perante centenas de militantes reunidos na conven\u00e7\u00e3o aut\u00e1rquica nacional do partido, no Pavilh\u00e3o Municipal do Entroncamento, Andr\u00e9 Ventura afirmou que \u201cquando todos os corruptos se juntam contra\u201d o Chega,\u00a0\u201c\u00e9 sinal que estamos no caminho certo\u201d, numa refer\u00eancia \u00e0s cr\u00edticas aos cartazes da sua candidatura presidencial.<\/p>\n<p>\u201cQuando os que vivem de subs\u00eddio se juntam contra n\u00f3s, ou nos metem em tribunal, \u00e9 porque estamos no caminho certo\u201d, acrescentou, garantindo que o partido \u201cn\u00e3o vai recuar\u201d.<\/p>\n<p>O l\u00edder do Chega acusou os seus advers\u00e1rios presidenciais de promoverem \u201cuma agenda para transformar Portugal noutra coisa que n\u00e3o uma na\u00e7\u00e3o europeia e orgulhosa\u201d, criticando a escolha do cantor Dino D\u2019Santiago como mandat\u00e1rio da candidatura de Lu\u00eds Marques Mendes.<\/p>\n<p>Afirmou que<strong> \u201cquerem mudar o hino nacional, dizem que somos um pa\u00eds racista e defendem a \u2018criouliza\u00e7\u00e3o&#8217;\u201d<\/strong>, ideias de que o Chega discorda: \u201cn\u00e3o \u00e9 nacionalismo bacoco, \u00e9 amor a Portugal, \u00e9 patriotismo\u201d.<\/p>\n<p>Ventura prometeu \u201cresistir a qualquer invas\u00e3o cultural\u201d e defendeu s\u00edmbolos nacionais nas escolas, alegando que foram retiradas de estabelecimentos de ensino cruzes, \u00e1rvores de Natal e menus com carne de porco \u201cpara n\u00e3o ofender minorias\u201d.\u00a0 \u201cSempre fomos um pa\u00eds que recebeu quem vinha para trabalhar e integrar-se, mas n\u00e3o <strong>aceitaremos que nos transformem<\/strong>\u201c, disse, apelando \u00e0 \u201cresist\u00eancia at\u00e9 ao fim\u201d.<\/p>\n<p>O candidato presidencial voltou a insistir na retirada de apoios sociais a quem \u201cvive de subs\u00eddios\u201d, afirmando que isso \u201cn\u00e3o \u00e9 racismo nem xenofobia, \u00e9 justi\u00e7a\u201d.<\/p>\n<p>\u201cMais de 60% das casas atribu\u00eddas pelo poder aut\u00e1rquico s\u00e3o a pessoas que cometeram crimes\u201d, acusou, pedindo aos autarcas do partido que \u201ccortem com a normaliza\u00e7\u00e3o da corrup\u00e7\u00e3o\u201d e \u201cdeem exemplo, mesmo quando custa votos\u201d.<\/p>\n<p>Andr\u00e9 Ventura criticou ainda o que chamou \u201cnormaliza\u00e7\u00e3o da cunha na politica portuguesa.<\/p>\n<p>O l\u00edder do Chega garantiu ainda que o partido \u00e9 \u201cdefensor do Estado de Direito\u201d e n\u00e3o seu detrator, amea\u00e7ando com a \u201cm\u00e3o pesada da lei\u201d para enfrentar \u201cdroga a c\u00e9u aberto\u201d, \u201cprostitui\u00e7\u00e3o \u00e0 luz do dia\u201d e \u201ccriminalidade associada \u00e0 imigra\u00e7\u00e3o ilegal\u201d.<\/p>\n<p>Andr\u00e9 Ventura terminou com um apelo \u00e0 mobiliza\u00e7\u00e3o para as elei\u00e7\u00f5es presidenciais de janeiro, afirmando que as sondagens colocam a sua candidatura \u201cem primeiro lugar\u201d e que isso prova que o partido tomou \u201d a decis\u00e3o certa\u201d.<\/p>\n","protected":false},"excerpt":{"rendered":"O presidente do Chega acusou este s\u00e1bado os seus principais advers\u00e1rios nas elei\u00e7\u00f5es presidenciais de \u201cofenderem Portugal\u201d e&hellip;\n","protected":false},"author":2,"featured_media":178636,"comment_status":"","ping_status":"","sticky":false,"template":"","format":"standard","meta":{"footnotes":""},"categories":[10],"tags":[3368,27,28,33793,604,15,16,14,300,25,26,21,22,12,13,19,20,3369,302,32,23,24,33,58,17,18,29,30,31],"class_list":{"0":"post-178635","1":"post","2":"type-post","3":"status-publish","4":"format-standard","5":"has-post-thumbnail","7":"category-portugal","8":"tag-andru00e9-ventura","9":"tag-breaking-news","10":"tag-breakingnews","11":"tag-corrupu00e7u00e3o","12":"tag-crime","13":"tag-featured-news","14":"tag-featurednews","15":"tag-headlines","16":"tag-justiu00e7a","17":"tag-latest-news","18":"tag-latestnews","19":"tag-main-news","20":"tag-mainnews","21":"tag-news","22":"tag-noticias","23":"tag-noticias-principais","24":"tag-noticiasprincipais","25":"tag-partido-chega","26":"tag-polu00edtica","27":"tag-portugal","28":"tag-principais-noticias","29":"tag-principaisnoticias","30":"tag-pt","31":"tag-sociedade","32":"tag-top-stories","33":"tag-topstories","34":"tag-ultimas","35":"tag-ultimas-noticias","36":"tag-ultimasnoticias"},"share_on_mastodon":{"url":"https:\/\/pubeurope.com\/@pt\/115678040719539346","error":""},"_links":{"self":[{"href":"https:\/\/www.europesays.com\/pt\/wp-json\/wp\/v2\/posts\/178635","targetHints":{"allow":["GET"]}}],"collection":[{"href":"https:\/\/www.europesays.com\/pt\/wp-json\/wp\/v2\/posts"}],"about":[{"href":"https:\/\/www.europesays.com\/pt\/wp-json\/wp\/v2\/types\/post"}],"author":[{"embeddable":true,"href":"https:\/\/www.europesays.com\/pt\/wp-json\/wp\/v2\/users\/2"}],"replies":[{"embeddable":true,"href":"https:\/\/www.europesays.com\/pt\/wp-json\/wp\/v2\/comments?post=178635"}],"version-history":[{"count":0,"href":"https:\/\/www.europesays.com\/pt\/wp-json\/wp\/v2\/posts\/178635\/revisions"}],"wp:featuredmedia":[{"embeddable":true,"href":"https:\/\/www.europesays.com\/pt\/wp-json\/wp\/v2\/media\/178636"}],"wp:attachment":[{"href":"https:\/\/www.europesays.com\/pt\/wp-json\/wp\/v2\/media?parent=178635"}],"wp:term":[{"taxonomy":"category","embeddable":true,"href":"https:\/\/www.europesays.com\/pt\/wp-json\/wp\/v2\/categories?post=178635"},{"taxonomy":"post_tag","embeddable":true,"href":"https:\/\/www.europesays.com\/pt\/wp-json\/wp\/v2\/tags?post=178635"}],"curies":[{"name":"wp","href":"https:\/\/api.w.org\/{rel}","templated":true}]}}