{"id":178732,"date":"2025-12-07T12:51:13","date_gmt":"2025-12-07T12:51:13","guid":{"rendered":"https:\/\/www.europesays.com\/pt\/178732\/"},"modified":"2025-12-07T12:51:13","modified_gmt":"2025-12-07T12:51:13","slug":"as-mortes-por-sarampo-cairam-88-desde-2000-gracas-a-vacinacao","status":"publish","type":"post","link":"https:\/\/www.europesays.com\/pt\/178732\/","title":{"rendered":"As mortes por sarampo ca\u00edram 88% desde 2000 gra\u00e7as \u00e0 vacina\u00e7\u00e3o."},"content":{"rendered":"<p>            <a href=\"https:\/\/i0.wp.com\/recordeuropa.com\/wp-content\/uploads\/2022\/02\/saude-e-o-principal-desafio-para-o-futuro-da-ue.jpeg?fit=2000%2C1124&amp;quality=100&amp;ssl=1\" data-caption=\"\" rel=\"nofollow noopener\" target=\"_blank\"><img loading=\"lazy\" decoding=\"async\" width=\"696\" height=\"391\" class=\"entry-thumb td-modal-image\" src=\"https:\/\/www.europesays.com\/pt\/wp-content\/uploads\/2025\/12\/saude-e-o-principal-desafio-para-o-futuro-da-ue.jpeg\"   alt=\"As mortes por sarampo ca\u00edram 88% desde 2000 gra\u00e7as \u00e0 vacina\u00e7\u00e3o.\" title=\"As mortes por sarampo ca\u00edram 88% desde 2000 gra\u00e7as \u00e0 vacina\u00e7\u00e3o\"\/><\/a><\/p>\n<p>Entretanto os casos est\u00e3o a aumentar mundialmente, totalizando cerca de 11 milh\u00f5es em 2024, alertou a OMS, apelando ao refor\u00e7o da cobertura vacinal para evitar novos surtos.<\/p>\n<p>\u201cOs esfor\u00e7os globais de imuniza\u00e7\u00e3o levaram a uma queda de 88% nas mortes por sarampo entre 2000 e 2024\u201d, tendo perto de 59 milh\u00f5es de vidas sido salvas pela vacina, revela um novo relat\u00f3rio da Organiza\u00e7\u00e3o Mundial da Sa\u00fade (OMS).<\/p>\n<p>No entanto, a OMS estima que 95.000 pessoas, a maioria crian\u00e7as com menos de cinco anos, morreram devido ao sarampo em 2024.<\/p>\n<p>\u201cEmbora este seja um dos n\u00fameros anuais mais baixos registados desde 2000, todas as mortes por uma doen\u00e7a que poderia ser prevenida com uma vacina altamente eficaz e de baixo custo s\u00e3o inaceit\u00e1veis\u201d, salienta a OMS no relat\u00f3rio.<\/p>\n<p>Apesar do menor n\u00famero de mortes, os casos de sarampo est\u00e3o a aumentar mundialmente, com cerca de 11 milh\u00f5es de infe\u00e7\u00f5es em 2024, quase mais 800.000 do que os n\u00edveis antes da pandemia em 2019.<\/p>\n<p>\u201cO sarampo \u00e9 o v\u00edrus mais contagioso do mundo, e estes dados mostram mais uma vez como ele explora qualquer lacuna nas nossas defesas coletivas\u201d, afirma o diretor-geral da OMS, citado em comunicado.<br \/>Tedros Adhanom Ghebreyesus sublinha que \u201co sarampo n\u00e3o respeita fronteiras\u201d, mas, real\u00e7a, \u201cquando todas as crian\u00e7as em todas as comunidade s\u00e3o vacinadas, surtos dispendiosos podem ser evitados, vidas podem ser salvas e esta doen\u00e7a pode ser eliminada em na\u00e7\u00f5es inteiras\u201d.<\/p>\n<p>Segundo o relat\u00f3rio, os casos de sarampo em 2024 aumentaram 86% na Regi\u00e3o do Mediterr\u00e2neo Oriental da OMS, 47% na Regi\u00e3o Europeia e 42% na Regi\u00e3o do Sudeste Asi\u00e1tico em compara\u00e7\u00e3o com 2019.<br \/>\u201cNotavelmente, a Regi\u00e3o Africana registou uma queda de 40% nos casos e 50% nas mortes durante este per\u00edodo, em parte devido ao aumento da cobertura vacinal\u201d, refere o relat\u00f3rio.<\/p>\n<p>A OMS alerta que, embora recentes surtos de sarampo estejam a ocorrer em pa\u00edses e regi\u00f5es onde as crian\u00e7as t\u00eam menos probabilidade de morrer devido a uma melhor nutri\u00e7\u00e3o e ao acesso a cuidados de sa\u00fade, as pessoas infetadas continuam em risco de complica\u00e7\u00f5es graves e permanentes, como cegueira, pneumonia e encefalite (infe\u00e7\u00e3o que causa incha\u00e7o cerebral e potenciais danos cerebrais).<\/p>\n<p>Estimativas da OMS\/Unicef referentes a 2024 apontam que 84% das crian\u00e7as receberam a primeira dose da vacina contra o sarampo, e apenas 76% receberam a segunda, \u201cuma ligeira melhoria\u201d em rela\u00e7\u00e3o ao ano anterior, com mais dois milh\u00f5es de crian\u00e7as imunizadas.<br \/>De acordo com as orienta\u00e7\u00f5es da OMS, \u00e9 necess\u00e1rio pelo menos 95% de cobertura com duas doses da vacina contra o sarampo para impedir a transmiss\u00e3o e proteger as comunidades contra surtos.<\/p>\n<p>O relat\u00f3rio indica que mais de 30 milh\u00f5es de crian\u00e7as continuaram desprotegidas contra o sarampo em 2024, tr\u00eas quartos das quais vivem nas regi\u00f5es africana e do Mediterr\u00e2neo Oriental, muitas vezes em contextos fr\u00e1geis, afetados por conflitos.<br \/>A Revis\u00e3o Intercalar da Agenda de Imuniza\u00e7\u00e3o 2030 (IA2030), tamb\u00e9m divulgada hoje, salienta que o sarampo \u00e9 frequentemente a primeira doen\u00e7a a ressurgir quando a cobertura vacinal diminui.<\/p>\n<p>\u201cOs crescentes surtos de sarampo est\u00e3o a expor as fraquezas nos programas de imuniza\u00e7\u00e3o e nos sistemas de sa\u00fade globalmente, amea\u00e7ando o progresso em dire\u00e7\u00e3o \u00e0s metas do IA2030, incluindo a elimina\u00e7\u00e3o do sarampo\u201d, alerta.<br \/>Em 2024, 59 pa\u00edses relataram surtos grandes ou disruptivos de sarampo, quase o triplo do n\u00famero registado em 2021 e o maior desde o in\u00edcio da pandemia de covid-19.<br \/>Todas as regi\u00f5es, exceto as Am\u00e9ricas, tiveram pelo menos um pa\u00eds que enfrentou um grande surto em 2024. A situa\u00e7\u00e3o mudou em 2025, com v\u00e1rios pa\u00edses das Am\u00e9ricas a combater surtos.<\/p>\n<p>Os esfor\u00e7os para intensificar a vigil\u00e2ncia do sarampo melhoraram a capacidade da OMS e dos pa\u00edses de identificar e responder aos surtos e, para alguns pa\u00edses, de alcan\u00e7ar a elimina\u00e7\u00e3o, refere a IA2030.<br \/>Contudo, a meta mundial de elimina\u00e7\u00e3o continua distante. At\u00e9 ao final de 2024, 81 pa\u00edses (42%) haviam eliminado o sarampo, apenas mais tr\u00eas pa\u00edses do que antes da pandemia.<\/p>\n<p>Para alcan\u00e7ar a sua elimina\u00e7\u00e3o, \u00e9 necess\u00e1rio \u201cum forte compromisso pol\u00edtico\u201d e um investimento sustentado para garantir que todas as crian\u00e7as recebam duas doses da vacina e os sistemas de vigil\u00e2ncia possam detetar rapidamente surtos, defende a IA2030, convocando os pa\u00edses e parceiros a fortalecerem as capacidades rotineiras de imuniza\u00e7\u00e3o, vigil\u00e2ncia e resposta r\u00e1pida a surtos.<\/p>\n<p>\u00a0<\/p>\n","protected":false},"excerpt":{"rendered":"Entretanto os casos est\u00e3o a aumentar mundialmente, totalizando cerca de 11 milh\u00f5es em 2024, alertou a OMS, apelando&hellip;\n","protected":false},"author":2,"featured_media":178733,"comment_status":"","ping_status":"","sticky":false,"template":"","format":"standard","meta":{"footnotes":""},"categories":[86],"tags":[116,2778,32,33,1670,117,1333],"class_list":{"0":"post-178732","1":"post","2":"type-post","3":"status-publish","4":"format-standard","5":"has-post-thumbnail","7":"category-saude","8":"tag-health","9":"tag-oms","10":"tag-portugal","11":"tag-pt","12":"tag-sarampo","13":"tag-saude","14":"tag-vacina"},"share_on_mastodon":{"url":"https:\/\/pubeurope.com\/@pt\/115678379137064411","error":""},"_links":{"self":[{"href":"https:\/\/www.europesays.com\/pt\/wp-json\/wp\/v2\/posts\/178732","targetHints":{"allow":["GET"]}}],"collection":[{"href":"https:\/\/www.europesays.com\/pt\/wp-json\/wp\/v2\/posts"}],"about":[{"href":"https:\/\/www.europesays.com\/pt\/wp-json\/wp\/v2\/types\/post"}],"author":[{"embeddable":true,"href":"https:\/\/www.europesays.com\/pt\/wp-json\/wp\/v2\/users\/2"}],"replies":[{"embeddable":true,"href":"https:\/\/www.europesays.com\/pt\/wp-json\/wp\/v2\/comments?post=178732"}],"version-history":[{"count":0,"href":"https:\/\/www.europesays.com\/pt\/wp-json\/wp\/v2\/posts\/178732\/revisions"}],"wp:featuredmedia":[{"embeddable":true,"href":"https:\/\/www.europesays.com\/pt\/wp-json\/wp\/v2\/media\/178733"}],"wp:attachment":[{"href":"https:\/\/www.europesays.com\/pt\/wp-json\/wp\/v2\/media?parent=178732"}],"wp:term":[{"taxonomy":"category","embeddable":true,"href":"https:\/\/www.europesays.com\/pt\/wp-json\/wp\/v2\/categories?post=178732"},{"taxonomy":"post_tag","embeddable":true,"href":"https:\/\/www.europesays.com\/pt\/wp-json\/wp\/v2\/tags?post=178732"}],"curies":[{"name":"wp","href":"https:\/\/api.w.org\/{rel}","templated":true}]}}