{"id":178749,"date":"2025-12-07T13:11:59","date_gmt":"2025-12-07T13:11:59","guid":{"rendered":"https:\/\/www.europesays.com\/pt\/178749\/"},"modified":"2025-12-07T13:11:59","modified_gmt":"2025-12-07T13:11:59","slug":"chuva-a-potes-nestes-dias-perturbacao-no-vortice-polar-atinge-portugal-e-estas-serao-as-regioes-mais-afetadas","status":"publish","type":"post","link":"https:\/\/www.europesays.com\/pt\/178749\/","title":{"rendered":"Chuva \u2018a potes\u2019 nestes dias: perturba\u00e7\u00e3o no v\u00f3rtice polar atinge Portugal e estas ser\u00e3o as regi\u00f5es mais afetadas"},"content":{"rendered":"<p><strong>As previs\u00f5es para dezembro deixam pouca margem para d\u00favidas: a chuva vai marcar presen\u00e7a em boa parte de Portugal e h\u00e1 regi\u00f5es que poder\u00e3o enfrentar dias consecutivos de precipita\u00e7\u00e3o. O cen\u00e1rio \u00e9 explicado por uma perturba\u00e7\u00e3o no v\u00f3rtice polar, que voltou a destabilizar a circula\u00e7\u00e3o atmosf\u00e9rica e a intensificar a corrente de jato, avan\u00e7ou a Luso Meteo, site especializado em meteorologia. \u00c9 este refor\u00e7o que est\u00e1 a canalizar sucessivas frentes para Portugal, sobretudo no Norte e Centro, onde a precipita\u00e7\u00e3o acumulada j\u00e1 ultrapassa valores significativos para esta altura do ano.<\/strong><\/p>\n<p>Segundo a publica\u00e7\u00e3o especializada, o fen\u00f3meno dever\u00e1 manter-se ativo ao longo das pr\u00f3ximas semanas, criando um padr\u00e3o persistente de instabilidade. Apesar de momentos ocasionais de abertas, o m\u00eas apresenta tend\u00eancia para ser globalmente h\u00famido, com v\u00e1rios epis\u00f3dios de chuva cont\u00ednua em Portugal. A incerteza aumenta \u00e0 medida que se avan\u00e7a para meados do m\u00eas, uma vez que o anticiclone e as depress\u00f5es atl\u00e2nticas continuam em confronto.<\/p>\n<p><strong>Previs\u00f5es apontam para mais chuva no Norte e Centro de Portugal<\/strong><\/p>\n<p>De acordo com a Luso Meteo, os modelos meteorol\u00f3gicos indicam que as frentes mais intensas poder\u00e3o ocorrer entre os dias 9 e 12 de dezembro, com especial impacto no Minho, Douro Litoral, Tr\u00e1s-os-Montes e Beira Litoral. Os acumulados previstos para estas zonas podem ultrapassar facilmente os 200 litros por metro quadrado ao longo de v\u00e1rios dias.<\/p>\n<p>Nas regi\u00f5es Centro e Sul, a evolu\u00e7\u00e3o ser\u00e1 mais vari\u00e1vel, dependente da posi\u00e7\u00e3o do anticiclone. A fonte refere que, embora o Sul tenha registado menor precipita\u00e7\u00e3o at\u00e9 agora, existe probabilidade de as frentes descerem em latitude j\u00e1 na segunda semana do m\u00eas. Ainda assim, mant\u00e9m-se elevada a incerteza quanto \u00e0 distribui\u00e7\u00e3o da chuva nestas \u00e1reas.<\/p>\n<p><strong>V\u00f3rtice polar volta a sofrer perturba\u00e7\u00f5es<\/strong><\/p>\n<p>A perturba\u00e7\u00e3o atual replica o padr\u00e3o observado no final de novembro, quando a corrente de jato se refor\u00e7ou e conduziu a um per\u00edodo mais h\u00famido no territ\u00f3rio. Segundo a mesma fonte, o v\u00f3rtice polar dever\u00e1 sofrer novas altera\u00e7\u00f5es entre os dias 12 e 14 de dezembro, podendo originar nova sequ\u00eancia de frentes ativas. Os especialistas alertam, contudo, que os modelos t\u00eam apresentado grande variabilidade devido \u00e0 complexidade da circula\u00e7\u00e3o atmosf\u00e9rica nesta fase do ano.<\/p>\n<p>O cen\u00e1rio mais prov\u00e1vel aponta para um dezembro dominado por regimes NAO+ e situa\u00e7\u00f5es de bloqueio, mantendo a influ\u00eancia mar\u00edtima e um fluxo persistente de sudoeste. Este quadro reduz a possibilidade de entradas de ar polar intenso, afastando, para j\u00e1, epis\u00f3dios de frio extremo. \u00c9 poss\u00edvel que ocorram descidas pontuais da temperatura e queda de neve nas montanhas, mas sem as caracter\u00edsticas de uma vaga de frio.<\/p>\n<p><strong>Mar muito agitado ao longo do m\u00eas<\/strong><\/p>\n<p>A <a href=\"https:\/\/lusometeo.com\/\" target=\"_blank\" rel=\"noreferrer noopener nofollow\">Luso Meteo<\/a> acrescenta que o Atl\u00e2ntico continuar\u00e1 extremamente ativo, com v\u00e1rios ciclones em cavamento r\u00e1pido que poder\u00e3o provocar per\u00edodos de forte agita\u00e7\u00e3o mar\u00edtima. Os avisos laranja devido \u00e0 ondula\u00e7\u00e3o elevada j\u00e1 est\u00e3o em vigor para v\u00e1rios distritos, podendo prolongar-se por v\u00e1rios dias. Em alguns momentos, as ondas podem superar os 6 ou 7 metros na costa ocidental.<\/p>\n<p>Mesmo sem tempestades particularmente intensas em terra, o risco mar\u00edtimo dever\u00e1 manter-se elevado durante grande parte do m\u00eas, exigindo precau\u00e7\u00e3o redobrada junto \u00e0 orla costeira.<\/p>\n<p><strong>O que esperar at\u00e9 ao final de dezembro<\/strong><\/p>\n<p>Para j\u00e1, as previs\u00f5es sugere que dezembro poder\u00e1 registar precipita\u00e7\u00e3o quase di\u00e1ria, embora em diferentes intensidades. <\/p>\n<p>O comportamento do anticiclone nas \u00faltimas semanas do m\u00eas ser\u00e1 determinante para perceber se dezembro terminar\u00e1 como um dos mais chuvosos dos \u00faltimos anos ou apenas como um m\u00eas h\u00famido, dentro da normalidade.<\/p>\n<p>Enquanto essa resposta n\u00e3o chega, a recomenda\u00e7\u00e3o mant\u00e9m-se: acompanhar as atualiza\u00e7\u00f5es meteorol\u00f3gicas e estar atento aos per\u00edodos de maior impacto, sobretudo nas regi\u00f5es Norte e Centro, que continuam a ser as mais expostas.<\/p>\n<p><strong>Leia tamb\u00e9m: <a href=\"https:\/\/postal.pt\/europedirectalgarve\/se-tem-caes-ou-gatos-prepare-se-uniao-europeia-aperta-regras\/\" target=\"_blank\" rel=\"noreferrer noopener nofollow\">Se tem c\u00e3es ou gatos, prepare-se: Uni\u00e3o Europeia \u2018aperta\u2019 regras e milhares de pessoas v\u00e3o sentir o impacto<\/a><\/strong><\/p>\n","protected":false},"excerpt":{"rendered":"As previs\u00f5es para dezembro deixam pouca margem para d\u00favidas: a chuva vai marcar presen\u00e7a em boa parte de&hellip;\n","protected":false},"author":2,"featured_media":178750,"comment_status":"","ping_status":"","sticky":false,"template":"","format":"standard","meta":{"footnotes":""},"categories":[10],"tags":[27,28,15,16,14,25,26,21,22,12,13,19,20,32,23,24,33,17,18,29,30,31],"class_list":{"0":"post-178749","1":"post","2":"type-post","3":"status-publish","4":"format-standard","5":"has-post-thumbnail","7":"category-portugal","8":"tag-breaking-news","9":"tag-breakingnews","10":"tag-featured-news","11":"tag-featurednews","12":"tag-headlines","13":"tag-latest-news","14":"tag-latestnews","15":"tag-main-news","16":"tag-mainnews","17":"tag-news","18":"tag-noticias","19":"tag-noticias-principais","20":"tag-noticiasprincipais","21":"tag-portugal","22":"tag-principais-noticias","23":"tag-principaisnoticias","24":"tag-pt","25":"tag-top-stories","26":"tag-topstories","27":"tag-ultimas","28":"tag-ultimas-noticias","29":"tag-ultimasnoticias"},"share_on_mastodon":{"url":"https:\/\/pubeurope.com\/@pt\/115678461504153922","error":""},"_links":{"self":[{"href":"https:\/\/www.europesays.com\/pt\/wp-json\/wp\/v2\/posts\/178749","targetHints":{"allow":["GET"]}}],"collection":[{"href":"https:\/\/www.europesays.com\/pt\/wp-json\/wp\/v2\/posts"}],"about":[{"href":"https:\/\/www.europesays.com\/pt\/wp-json\/wp\/v2\/types\/post"}],"author":[{"embeddable":true,"href":"https:\/\/www.europesays.com\/pt\/wp-json\/wp\/v2\/users\/2"}],"replies":[{"embeddable":true,"href":"https:\/\/www.europesays.com\/pt\/wp-json\/wp\/v2\/comments?post=178749"}],"version-history":[{"count":0,"href":"https:\/\/www.europesays.com\/pt\/wp-json\/wp\/v2\/posts\/178749\/revisions"}],"wp:featuredmedia":[{"embeddable":true,"href":"https:\/\/www.europesays.com\/pt\/wp-json\/wp\/v2\/media\/178750"}],"wp:attachment":[{"href":"https:\/\/www.europesays.com\/pt\/wp-json\/wp\/v2\/media?parent=178749"}],"wp:term":[{"taxonomy":"category","embeddable":true,"href":"https:\/\/www.europesays.com\/pt\/wp-json\/wp\/v2\/categories?post=178749"},{"taxonomy":"post_tag","embeddable":true,"href":"https:\/\/www.europesays.com\/pt\/wp-json\/wp\/v2\/tags?post=178749"}],"curies":[{"name":"wp","href":"https:\/\/api.w.org\/{rel}","templated":true}]}}