{"id":178784,"date":"2025-12-07T13:49:09","date_gmt":"2025-12-07T13:49:09","guid":{"rendered":"https:\/\/www.europesays.com\/pt\/178784\/"},"modified":"2025-12-07T13:49:09","modified_gmt":"2025-12-07T13:49:09","slug":"rejuvenescer-o-coracao-investigadores-de-coimbra-e-porto-encontram-nova-formula","status":"publish","type":"post","link":"https:\/\/www.europesays.com\/pt\/178784\/","title":{"rendered":"Rejuvenescer o cora\u00e7\u00e3o? Investigadores de Coimbra e Porto encontram nova f\u00f3rmula"},"content":{"rendered":"<p data-remotead-prev-elm=\"true\" data-remotead-elm-id=\"inread\">Investigadores das universidades do Porto e de Coimbra encontraram uma forma de &#8220;rejuvenescer o cora\u00e7\u00e3o&#8221;, atuando &#8220;diretamente sobre os mecanismos celulares do envelhecimento&#8221; e combater uma das variantes mais graves da insufici\u00eancia card\u00edaca, foi hoje divulgado.<\/p>\n<p>Em causa est\u00e1 a insufici\u00eancia card\u00edaca com fra\u00e7\u00e3o de eje\u00e7\u00e3o preservada (HFpEF), que acontece quando &#8220;o ventr\u00edculo esquerdo perde a flexibilidade necess\u00e1ria para relaxar e encher-se adequadamente&#8221;, explica, em comunicado, o Instituto de Investiga\u00e7\u00e3o e Inova\u00e7\u00e3o em Sa\u00fade da Universidade do Porto (i3S).<\/p>\n<p>&#8220;Estamos a transformar o paradigma da terap\u00eautica cardiovascular: n\u00e3o se trata apenas de aliviar sintomas, mas de atuar diretamente sobre os mecanismos celulares do envelhecimento, que est\u00e3o na origem da disfun\u00e7\u00e3o org\u00e2nica associada \u00e0 idade&#8221;, sustenta Elsa Silva, investigadora do i3S e primeira autora do artigo.<\/p>\n<p data-remotead-prev-elm=\"true\" data-remotead-elm-id=\"centro1\">In\u00eas Tom\u00e9, do Centro de Neuroci\u00eancias e Biologia Celular da Universidade de Coimbra (CNC-UC), integrado no Centro de Inova\u00e7\u00e3o de Biomedicina e Biotecnologia (CIBB), observa que o estudo desenvolvido &#8220;mostra que \u00e9 poss\u00edvel intervir diretamente nos mecanismos celulares do envelhecimento para tratar doen\u00e7as altamente incapacitantes&#8221;.<\/p>\n<p>Os investigadores do trabalho publicado na segunda-feira na revista Cardiovascular Research usaram um modelo animal que mimetiza a HFpEF humana em contexto cardiometab\u00f3lico e observaram &#8220;uma acumula\u00e7\u00e3o de c\u00e9lulas senescentes no sistema imunit\u00e1rio, nos vasos sangu\u00edneos e no cora\u00e7\u00e3o&#8221;.<\/p>\n<p>&#8220;Trata-se de c\u00e9lulas envelhecidas que pararam de se dividir, mas que permanecem no corpo e libertam subst\u00e2ncias inflamat\u00f3rias que prejudicam as c\u00e9lulas de tecidos vizinhos, acelerando o processo de envelhecimento e contribuindo para o desenvolvimento de doen\u00e7as&#8221;, descreve o i3S.<\/p>\n<p data-remotead-prev-elm=\"true\" data-remotead-elm-id=\"centro2\">Ap\u00f3s a administra\u00e7\u00e3o de um f\u00e1rmaco senol\u00edtico, que elimina as c\u00e9lulas senescentes, os investigadores testemunharam &#8220;um al\u00edvio simult\u00e2neo dos m\u00faltiplos sintomas da HFpEF&#8221;.<\/p>\n<p>&#8220;H\u00e1 um impacto direto na sa\u00fade cardiovascular e sist\u00e9mica&#8221;, afirma Diana S. Nascimento, coordenadora da equipa do i3S e do Instituto de Ci\u00eancias Biom\u00e9dicas Abel Salazar (ICBAS).<\/p>\n<p>De acordo com Lino Ferreira, l\u00edder da equipa do CNC-UC\/CIBB e da Faculdade de Medicina da Universidade de Coimbra, o trabalho &#8220;real\u00e7a o enorme potencial da medicina de rejuvenescimento como abordagem terap\u00eautica para doen\u00e7as complexas e multifatoriais como a HFpEF&#8221;.<\/p>\n<p data-remotead-prev-elm=\"true\" data-remotead-elm-id=\"centro3\">Os investigadores destacam ainda que &#8220;n\u00edveis elevados de leuc\u00f3citos (c\u00e9lulas sangu\u00edneas do nosso sistema imunit\u00e1rio) senescentes em circula\u00e7\u00e3o foram observados em doentes com HFpEF, estando associados a uma maior severidade da doen\u00e7a, sugerindo assim que esta abordagem poder\u00e1 ter relev\u00e2ncia cl\u00ednica direta&#8221;.<\/p>\n<p>Sublinham que o trabalho &#8220;representa um marco na converg\u00eancia da medicina antienvelhecimento e cardiovascular, apenas poss\u00edvel atrav\u00e9s de uma forte colabora\u00e7\u00e3o entre tr\u00eas institui\u00e7\u00f5es portuguesas de refer\u00eancia em investiga\u00e7\u00e3o cardiovascular, medicina regenerativa e envelhecimento&#8221;.<\/p>\n<p>As equipas est\u00e3o j\u00e1 a planear os pr\u00f3ximos passos para &#8220;avaliar os mecanismos que causam o envelhecimento precoce em contexto cardiovascular e desenvolver novas terapias mais personalizadas, com vista \u00e0 sua futura transla\u00e7\u00e3o cl\u00ednica&#8221;, refere o i3S.<\/p>\n<p data-remotead-prev-elm=\"true\" data-remotead-elm-id=\"centro4\">As consequ\u00eancias da HFpEF s\u00e3o &#8220;falta de ar, fadiga incapacitante, limita\u00e7\u00e3o para tarefas simples do quotidiano e, sobretudo, uma taxa de mortalidade equipar\u00e1vel \u00e0 de v\u00e1rios tipos de cancro&#8221;, explica o i3S.<\/p>\n<p>&#8220;Esta forma de insufici\u00eancia card\u00edaca est\u00e1 a aumentar a um ritmo alarmante e, devido ao envelhecimento da popula\u00e7\u00e3o, prev\u00ea-se que se torne dominante num futuro pr\u00f3ximo&#8221;, acrescenta.<\/p>\n<p>A gravidade da HFpEF &#8220;\u00e9 agravada pelo facto de estar frequentemente associada a outras patologias prevalentes, como hipertens\u00e3o, diabetes e obesidade&#8221;, tornando esta insufici\u00eancia card\u00edaca num dos &#8220;maiores desafios da medicina cardiovascular contempor\u00e2nea&#8221;.<\/p>\n","protected":false},"excerpt":{"rendered":"Investigadores das universidades do Porto e de Coimbra encontraram uma forma de &#8220;rejuvenescer o cora\u00e7\u00e3o&#8221;, atuando &#8220;diretamente sobre&hellip;\n","protected":false},"author":2,"featured_media":178785,"comment_status":"","ping_status":"","sticky":false,"template":"","format":"standard","meta":{"footnotes":""},"categories":[86],"tags":[109,1618,20491,1347,116,2623,32,33,117],"class_list":{"0":"post-178784","1":"post","2":"type-post","3":"status-publish","4":"format-standard","5":"has-post-thumbnail","7":"category-saude","8":"tag-ciencia","9":"tag-coracao","10":"tag-delas","11":"tag-estudo","12":"tag-health","13":"tag-mulheres","14":"tag-portugal","15":"tag-pt","16":"tag-saude"},"share_on_mastodon":{"url":"https:\/\/pubeurope.com\/@pt\/115678607134038547","error":""},"_links":{"self":[{"href":"https:\/\/www.europesays.com\/pt\/wp-json\/wp\/v2\/posts\/178784","targetHints":{"allow":["GET"]}}],"collection":[{"href":"https:\/\/www.europesays.com\/pt\/wp-json\/wp\/v2\/posts"}],"about":[{"href":"https:\/\/www.europesays.com\/pt\/wp-json\/wp\/v2\/types\/post"}],"author":[{"embeddable":true,"href":"https:\/\/www.europesays.com\/pt\/wp-json\/wp\/v2\/users\/2"}],"replies":[{"embeddable":true,"href":"https:\/\/www.europesays.com\/pt\/wp-json\/wp\/v2\/comments?post=178784"}],"version-history":[{"count":0,"href":"https:\/\/www.europesays.com\/pt\/wp-json\/wp\/v2\/posts\/178784\/revisions"}],"wp:featuredmedia":[{"embeddable":true,"href":"https:\/\/www.europesays.com\/pt\/wp-json\/wp\/v2\/media\/178785"}],"wp:attachment":[{"href":"https:\/\/www.europesays.com\/pt\/wp-json\/wp\/v2\/media?parent=178784"}],"wp:term":[{"taxonomy":"category","embeddable":true,"href":"https:\/\/www.europesays.com\/pt\/wp-json\/wp\/v2\/categories?post=178784"},{"taxonomy":"post_tag","embeddable":true,"href":"https:\/\/www.europesays.com\/pt\/wp-json\/wp\/v2\/tags?post=178784"}],"curies":[{"name":"wp","href":"https:\/\/api.w.org\/{rel}","templated":true}]}}