{"id":178813,"date":"2025-12-07T14:24:24","date_gmt":"2025-12-07T14:24:24","guid":{"rendered":"https:\/\/www.europesays.com\/pt\/178813\/"},"modified":"2025-12-07T14:24:24","modified_gmt":"2025-12-07T14:24:24","slug":"gala-dos-sonhos-david-carreira-quebra-o-silencio-sobre-ausencia","status":"publish","type":"post","link":"https:\/\/www.europesays.com\/pt\/178813\/","title":{"rendered":"Gala dos Sonhos: David Carreira quebra o sil\u00eancio sobre aus\u00eancia"},"content":{"rendered":"<p>Decorreu este s\u00e1bado, dia 6, a quinta edi\u00e7\u00e3o da Gala dos Sonhos, da Associa\u00e7\u00e3o Carreira. O evento contou com a presen\u00e7a de <a href=\"https:\/\/selfie.iol.pt\/famosos\/gala-dos-sonhos\/tony-carreira-sobre-planos-para-celebrar-a-quadra-e-sempre-um-natal-dificil\/20251206\/69349e8ad34e2bd5c6d4d2b0\" target=\"_blank\" rel=\"nofollow noopener\">Tony Carreira<\/a>, de Fernanda Antunes e o filho mais velho do ex-casal, <a href=\"https:\/\/selfie.iol.pt\/famosos\/gala-dos-sonhos\/mickael-carreira-num-dia-como-este-para-mim-cantar-e-sempre-mais-dificil\/20251206\/6934aff8d34e2bd5c6d4d345\" target=\"_blank\" rel=\"nofollow noopener\">Mickael Carreira<\/a>.<\/p>\n<p>No entanto, David Carreira n\u00e3o p\u00f4de estar presente nesta noite especial. E, mesmo no final da gala, o cantor decidiu deixar uma mensagem, quebrando o sil\u00eancio sobre esta aus\u00eancia.<\/p>\n<p>&#8220;Ol\u00e1 a todos. Hoje gostaria de estar convosco, mas o meu cora\u00e7\u00e3o enche-se de alegria, quando vos vejo a\u00ed todos a realizar o sonho de tantas crian\u00e7as&#8221;, afirmou David Carreira, num breve v\u00eddeo, tendo cantando, de seguida, a balada &#8220;Gosto de Ti&#8221;, que, originalmente, interpretou ao lado da irm\u00e3, Sara Carreira.<\/p>\n<p>Veja, agora, algumas das melhores imagens de David Carreira nas galerias de fotografias que prepar\u00e1mos para si.<\/p>\n","protected":false},"excerpt":{"rendered":"Decorreu este s\u00e1bado, dia 6, a quinta edi\u00e7\u00e3o da Gala dos Sonhos, da Associa\u00e7\u00e3o Carreira. O evento contou&hellip;\n","protected":false},"author":2,"featured_media":31191,"comment_status":"","ping_status":"","sticky":false,"template":"","format":"standard","meta":{"footnotes":""},"categories":[145],"tags":[36804,211,210,10201,114,115,980,36822,619,32,33,1012,162],"class_list":{"0":"post-178813","1":"post","2":"type-post","3":"status-publish","4":"format-standard","5":"has-post-thumbnail","7":"category-celebridades","8":"tag-associacao-sara-carreira","9":"tag-celebridades","10":"tag-celebrities","11":"tag-david-carreira","12":"tag-entertainment","13":"tag-entretenimento","14":"tag-famosos","15":"tag-gala-dos-sonhos","16":"tag-nacional","17":"tag-portugal","18":"tag-pt","19":"tag-selfie","20":"tag-tvi"},"share_on_mastodon":{"url":"https:\/\/pubeurope.com\/@pt\/115678744603814348","error":""},"_links":{"self":[{"href":"https:\/\/www.europesays.com\/pt\/wp-json\/wp\/v2\/posts\/178813","targetHints":{"allow":["GET"]}}],"collection":[{"href":"https:\/\/www.europesays.com\/pt\/wp-json\/wp\/v2\/posts"}],"about":[{"href":"https:\/\/www.europesays.com\/pt\/wp-json\/wp\/v2\/types\/post"}],"author":[{"embeddable":true,"href":"https:\/\/www.europesays.com\/pt\/wp-json\/wp\/v2\/users\/2"}],"replies":[{"embeddable":true,"href":"https:\/\/www.europesays.com\/pt\/wp-json\/wp\/v2\/comments?post=178813"}],"version-history":[{"count":0,"href":"https:\/\/www.europesays.com\/pt\/wp-json\/wp\/v2\/posts\/178813\/revisions"}],"wp:featuredmedia":[{"embeddable":true,"href":"https:\/\/www.europesays.com\/pt\/wp-json\/wp\/v2\/media\/31191"}],"wp:attachment":[{"href":"https:\/\/www.europesays.com\/pt\/wp-json\/wp\/v2\/media?parent=178813"}],"wp:term":[{"taxonomy":"category","embeddable":true,"href":"https:\/\/www.europesays.com\/pt\/wp-json\/wp\/v2\/categories?post=178813"},{"taxonomy":"post_tag","embeddable":true,"href":"https:\/\/www.europesays.com\/pt\/wp-json\/wp\/v2\/tags?post=178813"}],"curies":[{"name":"wp","href":"https:\/\/api.w.org\/{rel}","templated":true}]}}