{"id":178818,"date":"2025-12-07T14:33:09","date_gmt":"2025-12-07T14:33:09","guid":{"rendered":"https:\/\/www.europesays.com\/pt\/178818\/"},"modified":"2025-12-07T14:33:09","modified_gmt":"2025-12-07T14:33:09","slug":"utilizadores-encontram-limites-do-tarifario-ilimitado-da-digi","status":"publish","type":"post","link":"https:\/\/www.europesays.com\/pt\/178818\/","title":{"rendered":"Utilizadores encontram limites do tarif\u00e1rio &#8220;ilimitado&#8221; da Digi"},"content":{"rendered":"<p>A Digi chegou a Portugal h\u00e1 pouco mais de um ano e, nesse tempo, tem conseguido estabelecer-se como uma grande for\u00e7a nas telecomunica\u00e7\u00f5es nacionais. A empresa abalou por completo o ecossistema nacional, introduzindo tarif\u00e1rios verdadeiramente vers\u00e1teis e incrivelmente baratos.<\/p>\n<p>No entanto, a passagem da <a href=\"https:\/\/www.magazine-hd.com\/apps\/wp\/digi-anuncia-grande-oferta-clientes-internet-fixa-router\/\" target=\"_blank\" rel=\"noopener nofollow\">Digi<\/a> pelo nosso pa\u00eds n\u00e3o tem sido totalmente f\u00e1cil. Os primeiros meses foram de grande dificuldade para muitos dos novos clientes da marca, que experienciaram v\u00e1rias falhas e velocidades reduzidas. Isto legou a que a empresa se estabelece-se como uma das organiza\u00e7\u00f5es de telecomunica\u00e7\u00f5es do nosso pa\u00eds com um maior n\u00famero de reclama\u00e7\u00f5es, seguindo de perto a <a href=\"https:\/\/www.magazine-hd.com\/apps\/wp\/operadora-mais-reclamacoes-portugal-vodafone-meo-nos-digi\/\" target=\"_blank\" rel=\"noopener nofollow\">Vodafone<\/a> e a MEO.<\/p>\n<p>Por\u00e9m, o pior surgiu com o apag\u00e3o inesperado que decorreu na primavera deste ano, durante a qual os clientes da Digi testemunharam falhas prolongadas do sinal que, em muitos casos, demorou v\u00e1rios dias a voltar ao normal. Contudo, agora surge uma nova pol\u00e9mica em rela\u00e7\u00e3o aos tarif\u00e1rios ilimitados da empresa.<\/p>\n<p>Qual a nova pol\u00e9mica da Digi?<br \/>\n<img loading=\"lazy\" decoding=\"async\" class=\"size-full wp-image-711336\" src=\"data:image\/svg+xml,%3Csvg%20xmlns=\" http:=\"\" alt=\"operadora meo mar\u00e9s vivas\" width=\"728\" height=\"385\" data-lazy- data-lazy- data-lazy-src=\"https:\/\/www.europesays.com\/pt\/wp-content\/uploads\/2025\/08\/operadora-digi-meo-nos-vodafone-ligat-1.webp.webp\"\/>Cr\u00e9dito editorial: LALAKA \/ Shutterstock.com \/ ID: 2482305913<\/p>\n<p>Uma an\u00e1lise revelada no <a href=\"https:\/\/www.linkedin.com\/pulse\/tarif%C3%A1rio-ilimitado-da-digi-portugal-limitado-3-tb-saraiva-o1zif\/\" target=\"_blank\" rel=\"noopener nofollow\">Linkedin<\/a>, d\u00e1 a conhecer o verdadeiro limite do tarif\u00e1rio \u201cilimitado\u201d da Digi Portugal. Esta revela\u00e7\u00e3o est\u00e1 a causar algum alvoro\u00e7o entre os clientes da empresa, embora esta seja uma pr\u00e1tica universal nas telecomunica\u00e7\u00f5es. Por\u00e9m, o patamar m\u00e1ximo da <a href=\"https:\/\/www.magazine-hd.com\/apps\/wp\/digi-lanca-grande-campanha-ofertas-premios-portugal\/\" target=\"_blank\" rel=\"noopener nofollow\">Digi<\/a> parece ser mais reduzido que o habitual<\/p>\n<p>Segundo a an\u00e1lise, o tarif\u00e1rios ilimitado da Digi conta com 3 TB de dados, separados entre 2.01 TB de consumo normal, 9 GB de Roaming e 1 TB de consumo extra de baixa velocidade. Ap\u00f3s a utiliza\u00e7\u00e3o destes dados, os consumidores recebem um alerta, via SMS, para o fim do consumo.<\/p>\n<p>&#13;<br \/>\n&#13;\n<\/p>\n<p>O quer isto significa?<br \/>\n<img loading=\"lazy\" decoding=\"async\" class=\"size-full wp-image-624259\" src=\"data:image\/svg+xml,%3Csvg%20xmlns=\" http:=\"\" alt=\"Digi Portugal operadora\" width=\"728\" height=\"385\" data-lazy- data-lazy- data-lazy-src=\"https:\/\/www.europesays.com\/pt\/wp-content\/uploads\/2025\/08\/operadora-digi-portugal.jpg\"\/>Cr\u00e9dito editorial: Blue Planet Studio \/ Shutterstock.com<\/p>\n<p>A exist\u00eancia de um teto para os tarif\u00e1rios \u201c<a href=\"https:\/\/www.magazine-hd.com\/apps\/wp\/tarifarios-ilimitados-serao-melhor-solucao\/\" target=\"_blank\" rel=\"noopener nofollow\">ilimitados<\/a>\u201d n\u00e3o \u00e9 uma pr\u00e1tica exclusiva da Digi. A realidade \u00e9 que isto \u00e9 algo presente em todas as empresas de telecomunica\u00e7\u00f5es do pa\u00eds, bem como do mundo. A cria\u00e7\u00e3o de um limite de consumo surge devido ao limite das infraestruturas, levando a uma necessidade alargada para a gest\u00e3o de recursos.<\/p>\n<p>Batizada por muitos como a \u201ctaxa do bom senso\u201d, este limite procura permitir uma partilha equilibrada de sinal, para que os clientes usufruam da sua internet, evitando falhas ou redu\u00e7\u00f5es de velocidade.<\/p>\n<p>Por fim, al\u00e9m dos limites mensais, as empresas tendem a implementar ainda limites di\u00e1rios. Se j\u00e1 experienciaste redu\u00e7\u00f5es de velocidade a partir do fim da tarde, este \u00e9 o motivo. Quando os servi\u00e7os se aproximam de uma poss\u00edvel sobrecarga, as empresas procuram reduzir as velocidades para estabilizar o sinal.<\/p>\n<p>\n        About The Author<\/p>\n<p>                <a href=\"https:\/\/www.magazine-hd.com\/apps\/wp\/author\/jfernandes\/\" rel=\"nofollow noopener\" target=\"_blank\"><img loading=\"lazy\" decoding=\"async\" width=\"150\" height=\"150\" src=\"data:image\/svg+xml,%3Csvg%20xmlns=\" http:=\"\" class=\"avatar avatar-150 photo\" alt=\"\" data-lazy- data-lazy- data-lazy-src=\"https:\/\/www.europesays.com\/pt\/wp-content\/uploads\/2025\/08\/JFavatar-0-00-00-02-150x150.jpg\"\/><\/a><\/p>\n<p>                    <a href=\"https:\/\/www.magazine-hd.com\/apps\/wp\/author\/jfernandes\/\" rel=\"nofollow noopener\" target=\"_blank\">Jo\u00e3o Fernandes<\/a><\/p>\n<p>Licenciado em Cinema pela Universidade da Beira-Interior, onde produziu as curtas-metragens \u201cEntre-Portas\u201d, \u201cThe Girl and the Meadow\u201d, e \u201cMaking Art\u201d. Foi produtor de conte\u00fado audiovisual para o Club Otaku. Fez a sua estreia na MHD em 2017, sendo atualmente redator de conte\u00fado, coordenador de Gaming, Qualidade e Parcerias. Possui uma aprecia\u00e7\u00e3o especial por banda desenhada, fotografia e videojogos.<\/p>\n<p>\t\t<\/p>\n","protected":false},"excerpt":{"rendered":"A Digi chegou a Portugal h\u00e1 pouco mais de um ano e, nesse tempo, tem conseguido estabelecer-se como&hellip;\n","protected":false},"author":2,"featured_media":178819,"comment_status":"","ping_status":"","sticky":false,"template":"","format":"standard","meta":{"footnotes":""},"categories":[84],"tags":[109,107,108,32788,7513,549,35610,32,33,36838,105,103,104,17268,36839,106,110],"class_list":{"0":"post-178818","1":"post","2":"type-post","3":"status-publish","4":"format-standard","5":"has-post-thumbnail","7":"category-ciencia-e-tecnologia","8":"tag-ciencia","9":"tag-ciencia-e-tecnologia","10":"tag-cienciaetecnologia","11":"tag-dados-moveis","12":"tag-digi","13":"tag-internet","14":"tag-linkedin","15":"tag-portugal","16":"tag-pt","17":"tag-rede-movel","18":"tag-science","19":"tag-science-and-technology","20":"tag-scienceandtechnology","21":"tag-sms","22":"tag-tarifarios-ilimitados","23":"tag-technology","24":"tag-tecnologia"},"share_on_mastodon":{"url":"https:\/\/pubeurope.com\/@pt\/115678780024964474","error":""},"_links":{"self":[{"href":"https:\/\/www.europesays.com\/pt\/wp-json\/wp\/v2\/posts\/178818","targetHints":{"allow":["GET"]}}],"collection":[{"href":"https:\/\/www.europesays.com\/pt\/wp-json\/wp\/v2\/posts"}],"about":[{"href":"https:\/\/www.europesays.com\/pt\/wp-json\/wp\/v2\/types\/post"}],"author":[{"embeddable":true,"href":"https:\/\/www.europesays.com\/pt\/wp-json\/wp\/v2\/users\/2"}],"replies":[{"embeddable":true,"href":"https:\/\/www.europesays.com\/pt\/wp-json\/wp\/v2\/comments?post=178818"}],"version-history":[{"count":0,"href":"https:\/\/www.europesays.com\/pt\/wp-json\/wp\/v2\/posts\/178818\/revisions"}],"wp:featuredmedia":[{"embeddable":true,"href":"https:\/\/www.europesays.com\/pt\/wp-json\/wp\/v2\/media\/178819"}],"wp:attachment":[{"href":"https:\/\/www.europesays.com\/pt\/wp-json\/wp\/v2\/media?parent=178818"}],"wp:term":[{"taxonomy":"category","embeddable":true,"href":"https:\/\/www.europesays.com\/pt\/wp-json\/wp\/v2\/categories?post=178818"},{"taxonomy":"post_tag","embeddable":true,"href":"https:\/\/www.europesays.com\/pt\/wp-json\/wp\/v2\/tags?post=178818"}],"curies":[{"name":"wp","href":"https:\/\/api.w.org\/{rel}","templated":true}]}}