{"id":178822,"date":"2025-12-07T14:36:09","date_gmt":"2025-12-07T14:36:09","guid":{"rendered":"https:\/\/www.europesays.com\/pt\/178822\/"},"modified":"2025-12-07T14:36:09","modified_gmt":"2025-12-07T14:36:09","slug":"catorze-pessoas-desalojadas-apos-derrocada-de-edificio-na-baixa-de-coimbra-coimbra","status":"publish","type":"post","link":"https:\/\/www.europesays.com\/pt\/178822\/","title":{"rendered":"Catorze pessoas desalojadas ap\u00f3s derrocada de edif\u00edcio na Baixa de Coimbra | Coimbra"},"content":{"rendered":"<p>Catorze pessoas, incluindo tr\u00eas crian\u00e7as, ficaram desalojadas na sequ\u00eancia da derrocada de um edif\u00edcio devoluto, cujos detritos atingiram um pr\u00e9dio habitado, no s\u00e1bado \u00e0 noite, na <a href=\"https:\/\/www.publico.pt\/2025\/03\/10\/local\/noticia\/coimbra-apresenta-plano-centro-revitalizar-evoluir-velha-baixa-nao-volta-2125384\" rel=\"nofollow noopener\" target=\"_blank\">Baixa de Coimbra<\/a>, disseram neste domingo \u00e0 ag\u00eancia Lusa fontes da Protec\u00e7\u00e3o Civil.<\/p>\n<p>\u201cHouve o desabamento da parte traseira de um pr\u00e9dio, presumivelmente desabitado, tendo os detritos partido janelas e entrado no edif\u00edcio habitado\u201d, afirmou o comandante dos Bombeiros Sapadores de Coimbra.<\/p>\n<p>Segundo Paulo Palrilha, por uma quest\u00e3o de seguran\u00e7a houve a necessidade de realojar 14 pessoas, \u201cat\u00e9 ser feita a fiscaliza\u00e7\u00e3o, por parte dos servi\u00e7os municipais, \u00e0s condi\u00e7\u00f5es de seguran\u00e7a do edif\u00edcio habitado\u201d. O comandante dos Bombeiros Sapadores de Coimbra esclareceu que n\u00e3o se registaram feridos.<\/p>\n<p>J\u00e1 o Gabinete da Protec\u00e7\u00e3o Civil municipal adiantou que foi contactado pelos Bombeiros Sapadores de Coimbra \u201cpara avalia\u00e7\u00e3o de uma habita\u00e7\u00e3o multifamiliar situada na Rua das Padeiras n.\u00ba 6, afectada devido \u00e0 derrocada\u201d de um edif\u00edcio devoluto, na Rua da Fornalhinha n.\u00ba 9, na Baixa da Coimbra.<\/p>\n<p>Precisando que \u201co pr\u00e9dio que derrocou foi o do lado, que provocou danos no pr\u00e9dio [habitado] que estava bem\u201d, o gabinete referiu que, \u201cap\u00f3s a devida avalia\u00e7\u00e3o, verificou-se que o edif\u00edcio n\u00e3o tem condi\u00e7\u00f5es de seguran\u00e7a, pelo que foi necess\u00e1rio providenciar alojamento para 14 pessoas, das quais tr\u00eas crian\u00e7as, sete homens e quatro mulheres\u201d, com idades entre os 7 e os 45 anos.<\/p>\n<p>De acordo com o gabinete, recorreu-se \u201caos alojamentos acordados para situa\u00e7\u00f5es de emerg\u00eancia no munic\u00edpio, tendo sido prestado alojamento em seis quartos de dois hot\u00e9is da cidade\u201d.<\/p>\n<p>O Gabinete da Protec\u00e7\u00e3o Civil municipal salientou que, \u201capesar da derrocada e dos danos no edif\u00edcio\u201d, n\u00e3o se verificou \u201cum risco acrescido para as ruas adjacentes ao sinistro, pelo que n\u00e3o foram interditadas\u201d.<\/p>\n<p>Contudo, \u201cdado o deslocamento do edif\u00edcio ter sido para o interior, haver\u00e1 uma nova avalia\u00e7\u00e3o\u201d pelos Servi\u00e7os Municipais de Protec\u00e7\u00e3o Civil acompanhados pela Companhia de Bombeiros Sapadores de Coimbra para que, \u201ccom melhor visibilidade se fa\u00e7a a devida reavalia\u00e7\u00e3o\u201d.<\/p>\n<p>Ainda segundo esta fonte, o \u201cpropriet\u00e1rio do edif\u00edcio [habitado], presente no local, prestou todas as informa\u00e7\u00f5es e disponibilidade, estando ainda a Divis\u00e3o da Ac\u00e7\u00e3o Social do munic\u00edpio a acompanhar a situa\u00e7\u00e3o\u201d.<\/p>\n<p>Hoje, \u201cos servi\u00e7os encontram-se a efectuar uma reavalia\u00e7\u00e3o do estado dos edif\u00edcios\u201d, acrescentou.<\/p>\n<p>Fonte do Comando Sub-regional de Emerg\u00eancia e Protec\u00e7\u00e3o Civil da Regi\u00e3o de Coimbra declarou que o alerta para o desabamento chegou \u00e0s autoridades \u00e0s 22h08, tendo acorrido ao local, al\u00e9m dos bombeiros e da Protec\u00e7\u00e3o Civil municipal, a Pol\u00edcia de Seguran\u00e7a P\u00fablica.<\/p>\n","protected":false},"excerpt":{"rendered":"Catorze pessoas, incluindo tr\u00eas crian\u00e7as, ficaram desalojadas na sequ\u00eancia da derrocada de um edif\u00edcio devoluto, cujos detritos atingiram&hellip;\n","protected":false},"author":2,"featured_media":178823,"comment_status":"","ping_status":"","sticky":false,"template":"","format":"standard","meta":{"footnotes":""},"categories":[10],"tags":[1455,627,27,28,1911,15,16,14,25,26,352,21,22,12,13,19,20,32,23,24,2376,33,17,18,29,30,31],"class_list":{"0":"post-178822","1":"post","2":"type-post","3":"status-publish","4":"format-standard","5":"has-post-thumbnail","7":"category-portugal","8":"tag-acidentes","9":"tag-bombeiros","10":"tag-breaking-news","11":"tag-breakingnews","12":"tag-coimbra","13":"tag-featured-news","14":"tag-featurednews","15":"tag-headlines","16":"tag-latest-news","17":"tag-latestnews","18":"tag-local","19":"tag-main-news","20":"tag-mainnews","21":"tag-news","22":"tag-noticias","23":"tag-noticias-principais","24":"tag-noticiasprincipais","25":"tag-portugal","26":"tag-principais-noticias","27":"tag-principaisnoticias","28":"tag-proteccao-civil","29":"tag-pt","30":"tag-top-stories","31":"tag-topstories","32":"tag-ultimas","33":"tag-ultimas-noticias","34":"tag-ultimasnoticias"},"share_on_mastodon":{"url":"https:\/\/pubeurope.com\/@pt\/115678792021288458","error":""},"_links":{"self":[{"href":"https:\/\/www.europesays.com\/pt\/wp-json\/wp\/v2\/posts\/178822","targetHints":{"allow":["GET"]}}],"collection":[{"href":"https:\/\/www.europesays.com\/pt\/wp-json\/wp\/v2\/posts"}],"about":[{"href":"https:\/\/www.europesays.com\/pt\/wp-json\/wp\/v2\/types\/post"}],"author":[{"embeddable":true,"href":"https:\/\/www.europesays.com\/pt\/wp-json\/wp\/v2\/users\/2"}],"replies":[{"embeddable":true,"href":"https:\/\/www.europesays.com\/pt\/wp-json\/wp\/v2\/comments?post=178822"}],"version-history":[{"count":0,"href":"https:\/\/www.europesays.com\/pt\/wp-json\/wp\/v2\/posts\/178822\/revisions"}],"wp:featuredmedia":[{"embeddable":true,"href":"https:\/\/www.europesays.com\/pt\/wp-json\/wp\/v2\/media\/178823"}],"wp:attachment":[{"href":"https:\/\/www.europesays.com\/pt\/wp-json\/wp\/v2\/media?parent=178822"}],"wp:term":[{"taxonomy":"category","embeddable":true,"href":"https:\/\/www.europesays.com\/pt\/wp-json\/wp\/v2\/categories?post=178822"},{"taxonomy":"post_tag","embeddable":true,"href":"https:\/\/www.europesays.com\/pt\/wp-json\/wp\/v2\/tags?post=178822"}],"curies":[{"name":"wp","href":"https:\/\/api.w.org\/{rel}","templated":true}]}}