{"id":178824,"date":"2025-12-07T14:37:32","date_gmt":"2025-12-07T14:37:32","guid":{"rendered":"https:\/\/www.europesays.com\/pt\/178824\/"},"modified":"2025-12-07T14:37:32","modified_gmt":"2025-12-07T14:37:32","slug":"ultima-peca-do-puzzle-presidente-do-inem-a-favor-da-fusao-com-codu-e-sns24","status":"publish","type":"post","link":"https:\/\/www.europesays.com\/pt\/178824\/","title":{"rendered":"&#8220;\u00daltima pe\u00e7a do puzzle&#8221;. Presidente do INEM a favor da fus\u00e3o com CODU e SNS24"},"content":{"rendered":"<p>                <b>Lu\u00eds Cabral concorda com a fus\u00e3o dos servi\u00e7os para melhorar o atendimento urgente aos doentes, s\u00f3 n\u00e3o defende que seja uma fus\u00e3o obrigatoriamente f\u00edsica, mas essencialemente operacional<\/b>. Para o presidente do INEM, <b>este plano \u201cera a \u00faltima pe\u00e7a do puzzle\u201d que faltava, depois de a institui\u00e7\u00e3o ter sido alvo \u201cde duas auditorias e agora esta avalia\u00e7\u00e3o da Comiss\u00e3o T\u00e9cnica Independente\u201d.<\/b><\/p>\n<p><b>\u201cS\u00e3o tr\u00eas aspetos diferentes daquilo que \u00e9 o funcionamento do Instituto, mas que v\u00e3o ter que ser agora coligidos, de forma a garantirmos que as solu\u00e7\u00f5es s\u00e3o comuns aos tr\u00eas\u201d<\/b>, explicou este s\u00e1bado Lu\u00eds Cabral, em entrevista \u00e0 RTP. <\/p>\n<p>&#13;<br \/>\nO respons\u00e1vel admitiu que h\u00e1 diverg\u00eancias e ser\u00e1 necess\u00e1ria adapta\u00e7\u00e3o, incluindo a \u201cfus\u00e3o f\u00edsica do SNS24 com as nossas centrais CODU\u201d. Plano com o qual concorda.&#13;\n<\/p>\n<p><b>\u201cTemos de ter algoritmos de triagem semelhantes\u201d<\/b>, disse, <b>explicando que o objetivo \u00e9 evitar que \u201chaja transfer\u00eancia de chamadas\u201d.<\/b><br \/>\n          <img decoding=\"async\" itemprop=\"image\" class=\"img-fluid\"   src=\"https:\/\/www.europesays.com\/pt\/wp-content\/uploads\/2025\/12\/5cfc96df48de74f1938c56b737ef9290_N.jpg\"\/><\/p>\n<p>Apesar da resist\u00eancia da Comiss\u00e3o de Trabalhadores e do Sindicato dos T\u00e9cnicos de Emerg\u00eancia, Lu\u00eds Cabral considera que <b>\u201cmais do que fazer a fus\u00e3o f\u00edsica\u201d \u00e9 preciso \u201cfazer uma fus\u00e3o funcional\u201d.<\/b> E explicou que a decis\u00e3o de uma central deve ser a mesma das restantes: <b>\u201cSe \u00e9 para enviar uma ambul\u00e2ncia, a ambul\u00e2ncia \u00e9 enviada; se \u00e9 para fazer apenas aconselhamento, ser\u00e1 feito\u201d.<\/b><\/p>\n<p>\nO que os portugueses precisam, adiantou, \u201c\u00e9 de n\u00e3o andar a ser transferidos de uma central para a outra\u201d.<\/p>\n<p><b>\u201c\u00c9 esse o nosso objetivo\u201d<\/b>.<\/p>\n<p>&#13;<br \/>\nA fus\u00e3o do SNS24 e do INEM \u201c\u00e9 mandat\u00f3ria\u201d, confirmou, embora n\u00e3o considere necess\u00e1ria a fus\u00e3o f\u00edsica.&#13;\n<\/p>\n<p>A proposta de refunda\u00e7\u00e3o do Instituto Nacional de Emerg\u00eancia M\u00e9dica (INEM), j\u00e1 entregue ao Minist\u00e9rio da Sa\u00fade, defende que as chamadas de socorro feitas para o 112 e para a Linha de Sa\u00fade SNS24 (808242424) sejam atendidas na mesma central de atendimento.<br \/>\n          <img decoding=\"async\" itemprop=\"image\" class=\"img-fluid\"   src=\"https:\/\/www.europesays.com\/pt\/wp-content\/uploads\/2025\/12\/f4653663a6d20a6eb4b5bb8399118694\"\/><\/p>\n<p>A linha \u00fanica deve contar com tr\u00eas centrais regionais, em Lisboa, Porto e Coimbra, que devem funcionar com t\u00e9cnicos de atendimento, aos quais dever\u00e1 ser dada uma forma\u00e7\u00e3o espec\u00edfica te\u00f3rica e pr\u00e1tica de entre 150 e 200 horas e que far\u00e3o a triagem inicial das chamadas e acionar\u00e3o os meios.<\/p>\n<p>&#8220;Processo de mudan\u00e7a precisa de uma lideran\u00e7a&#8221;<br \/>\nH\u00e1 uma m\u00eas na lideran\u00e7a do INEM, Lu\u00eds Cabral afirma que os \u201ctrabalhadores devem ter no\u00e7\u00e3o clara que n\u00f3s devemos aos portugueses uma resposta\u201d e lamenta \u201ca degrada\u00e7\u00e3o enorme da confian\u00e7a dos portugueses no Instituto\u201d.<\/p>\n<p>A culpa, considerou, \u201c\u00e9 do sistema\u201d e o INEM tem de ser capaz de \u201cultrapassar essas restri\u00e7\u00f5es e entrar no novo modelo de organiza\u00e7\u00e3o\u201d, que n\u00e3o foi Lu\u00eds Cabral que decidiu.<br \/>&#13;<br \/>\n<b><br \/>&#13;<br \/>\n\u201cAceitei esta miss\u00e3o, sabendo que ia haver uma refunda\u00e7\u00e3o do INEM\u201d,<\/b> assegurou. <b>\u201cEste processo de mudan\u00e7a precisa de uma lideran\u00e7a e essa lideran\u00e7a tem de ser reconhecida\u201d.<\/b><\/p>\n<p>De forma clara, afirmou:<b> \u201cN\u00e3o venho em guerra. (\u2026) Gostaria de trabalhar com todos\u201d.<br \/>&#13;<br \/>\n<\/b>&#13;<br \/>\n<br \/>&#13;<br \/>\nSobre a greve geral de dia 11 de dezembro, Lu\u00eds Cabral garante que <b>o \u201cINEM aprendeu com os seus erros\u201d e que, contrariamente ao que aconteceu na greve anterior, haver\u00e1 servi\u00e7os m\u00ednimos.<\/b><\/p>\n<p>O presidente do INEM apelou, contudo, a todas as classes profissionais que trabalham no instituto \u201cque respeitem aquilo que os portugueses pedem\u201d, que \u201ctenham um esp\u00edrito \u00e9tico e deontol\u00f3gico\u201d.<\/p>\n<p><b>\u201cEra importante que todas as classes que se querem reconhecer como classes profissionais de sa\u00fade tenham a no\u00e7\u00e3o que ser profissional de sa\u00fade implica ter \u00e9tica com os nossos doentes\u201d<\/b>, argumentou Lu\u00eds Cabral.<\/p>\n<p>Questionado sobre se tal n\u00e3o p\u00f5e em causa o direito \u00e0 greve dos t\u00e9cnicos de emerg\u00eancia m\u00e9dica, o presidente do INEM rejeita, porque as outras classes profissionais de sa\u00fade fazem greve \u201ce nunca tivemos falta de atendimento\u201d. <\/p>\n<p>Lu\u00eds Cabral diz que, apesar das queixas de falta de recursos humanos, o Minist\u00e9rio da Sa\u00fade tem \u201cfeito um trabalho \u00e1rduo\u201d com os sindicatos e na valoriza\u00e7\u00e3o de carreiras. Mas assume que o \u201cservi\u00e7o tem as suas limita\u00e7\u00f5es, infelizmente, por falta de organiza\u00e7\u00e3o\u201d.<\/p>\n<p>Os relat\u00f3rios das auditorias, citou ainda, apontam que o \u201cINEM tem falhas graves que devem ser devidamente corrigidas\u201d.&#13;\n            <\/p>\n","protected":false},"excerpt":{"rendered":"Lu\u00eds Cabral concorda com a fus\u00e3o dos servi\u00e7os para melhorar o atendimento urgente aos doentes, s\u00f3 n\u00e3o defende&hellip;\n","protected":false},"author":2,"featured_media":178825,"comment_status":"","ping_status":"","sticky":false,"template":"","format":"standard","meta":{"footnotes":""},"categories":[8],"tags":[7893,27,28,22491,15759,15,16,14,7923,25,26,28790,21,22,12,13,19,20,32,23,24,33,17,18,29,30,31,36840],"class_list":{"0":"post-178824","1":"post","2":"type-post","3":"status-publish","4":"format-standard","5":"has-post-thumbnail","7":"category-principais-noticias","8":"tag-atendimento","9":"tag-breaking-news","10":"tag-breakingnews","11":"tag-central","12":"tag-codu","13":"tag-featured-news","14":"tag-featurednews","15":"tag-headlines","16":"tag-inem","17":"tag-latest-news","18":"tag-latestnews","19":"tag-luis-cabral","20":"tag-main-news","21":"tag-mainnews","22":"tag-news","23":"tag-noticias","24":"tag-noticias-principais","25":"tag-noticiasprincipais","26":"tag-portugal","27":"tag-principais-noticias","28":"tag-principaisnoticias","29":"tag-pt","30":"tag-top-stories","31":"tag-topstories","32":"tag-ultimas","33":"tag-ultimas-noticias","34":"tag-ultimasnoticias","35":"tag-unica"},"share_on_mastodon":{"url":"https:\/\/pubeurope.com\/@pt\/115678796123613128","error":""},"_links":{"self":[{"href":"https:\/\/www.europesays.com\/pt\/wp-json\/wp\/v2\/posts\/178824","targetHints":{"allow":["GET"]}}],"collection":[{"href":"https:\/\/www.europesays.com\/pt\/wp-json\/wp\/v2\/posts"}],"about":[{"href":"https:\/\/www.europesays.com\/pt\/wp-json\/wp\/v2\/types\/post"}],"author":[{"embeddable":true,"href":"https:\/\/www.europesays.com\/pt\/wp-json\/wp\/v2\/users\/2"}],"replies":[{"embeddable":true,"href":"https:\/\/www.europesays.com\/pt\/wp-json\/wp\/v2\/comments?post=178824"}],"version-history":[{"count":0,"href":"https:\/\/www.europesays.com\/pt\/wp-json\/wp\/v2\/posts\/178824\/revisions"}],"wp:featuredmedia":[{"embeddable":true,"href":"https:\/\/www.europesays.com\/pt\/wp-json\/wp\/v2\/media\/178825"}],"wp:attachment":[{"href":"https:\/\/www.europesays.com\/pt\/wp-json\/wp\/v2\/media?parent=178824"}],"wp:term":[{"taxonomy":"category","embeddable":true,"href":"https:\/\/www.europesays.com\/pt\/wp-json\/wp\/v2\/categories?post=178824"},{"taxonomy":"post_tag","embeddable":true,"href":"https:\/\/www.europesays.com\/pt\/wp-json\/wp\/v2\/tags?post=178824"}],"curies":[{"name":"wp","href":"https:\/\/api.w.org\/{rel}","templated":true}]}}