{"id":178836,"date":"2025-12-07T14:50:19","date_gmt":"2025-12-07T14:50:19","guid":{"rendered":"https:\/\/www.europesays.com\/pt\/178836\/"},"modified":"2025-12-07T14:50:19","modified_gmt":"2025-12-07T14:50:19","slug":"ex-gangue-portugues-inspira-jovens-contra-violencia","status":"publish","type":"post","link":"https:\/\/www.europesays.com\/pt\/178836\/","title":{"rendered":"Ex-gangue portugu\u00eas inspira jovens contra viol\u00eancia"},"content":{"rendered":"<p>Vilson Duarte Dong, 24 anos, \u00e9 um portugu\u00eas que escapou a uma vida de viol\u00eancia e crime em Inglaterra.  A residir em Inglaterra desde os 12, come\u00e7ou a usar armas brancas com 13, fez parte de um gangue, traficava droga. Antes dos 20 anos j\u00e1 tinha estado duas vezes na cadeia e quase foi deportado.  <\/p>\n<p>O seu destino parecia tra\u00e7ado. Mas quebrou o ciclo. Leu, estudou, licenciou-se, reconstruiu-se. <\/p>\n<p>Juntou-se \u00e0 Leeds United Foundation, uma funda\u00e7\u00e3o de um clube de futebol da Primeira Liga inglesa que apoia a\u00e7\u00f5es de preven\u00e7\u00e3o de delinqu\u00eancia juvenil. Tenta mostrar a outros jovens que h\u00e1 mais mundo para al\u00e9m das fronteiras do bairro e deixar \u201csementes\u201d de esperan\u00e7a. <\/p>\n<p><strong>Conte-me um pouco da sua inf\u00e2ncia. Onde nasceu, onde vive nos primeiros anos da sua vida?<\/strong><\/p>\n<p>Nasci em Portugal em 2001 e vivi em Almada. O meu pai veio de Macau e conheceu  em Portugal a minha m\u00e3e, que era portuguesa.<\/p>\n<p><strong>E qual era a profiss\u00e3o dos seus pais?<\/strong><\/p>\n<p>A minha m\u00e3e era propriet\u00e1ria de uma creche. Quando viv\u00edamos em Portugal, o meu pai era cozinheiro. Quando emigr\u00e1mos para Espanha abriu o seu pr\u00f3prio restaurante e depois em Inglaterra tamb\u00e9m.  Agora que voltou a Macau est\u00e1 a estudar medicina chinesa. <\/p>\n<p><strong>Os seus pais foram consigo para Inglaterra?<\/strong><\/p>\n<p>O meu pai, eu, os meus dois irm\u00e3os e a minha irm\u00e3 (o Vicente, o Vitor e a Viviava). Emigr\u00e1mos todos. Mas o meu irm\u00e3o mais velho voltou a Espanha e vive em Barcelona. A minha m\u00e3e morreu quando ainda \u00e9ramos pequenos, tinha eu uns 10 anos, em Espanha.<\/p>\n<p><strong>Como e onde foram os seus estudos?<\/strong><\/p>\n<p>O ensino prim\u00e1rio foi em Espanha. Depois, quando vim para Inglaterra, com 12 anos, entrei logo no equivalente ao ensino secund\u00e1rio. <\/p>\n<p><strong>Como \u00e9 que foram essas mudan\u00e7as todas \u2014 Portugal, Espanha, Inglaterra? Para algu\u00e9m t\u00e3o novo n\u00e3o \u00e9 f\u00e1cil\u2026<\/strong><\/p>\n<p>De Portugal para Espanha quase n\u00e3o me lembro, era muito jovem. Mas de Espanha para Inglaterra foi muito dif\u00edcil. Tive de aprender uma l\u00edngua nova. Eu n\u00e3o sabia ingl\u00eas; sabia s\u00f3 umas palavras que aprendi na escola em Espanha, mas n\u00e3o dava para conversar. <\/p>\n<p><strong>Sentia-se estrangeiro, mais do que em Espanha?<\/strong><\/p>\n<p>Sim, muito mais. A cultura portuguesa e espanhola \u00e9 parecida; Inglaterra \u00e9 muito diferente. Foi dif\u00edcil adaptar-me. S\u00f3 estive um ano na escola em Inglaterra. Tive dificuldades em adaptar-me, estudar\u2026 e comecei a tornar-me um bocado rebelde. Acabei por ser expulso.<\/p>\n<p><strong>O que aconteceu? <\/strong><\/p>\n<p>Fui apanhado com drogas.<\/p>\n<p><strong>Come\u00e7ou a consumir cedo?<\/strong><\/p>\n<p>N\u00e3o consumia, vendia drogas. Conheci um rapaz no bairro que fazia isso e passei a fazer tamb\u00e9m. Depois comecei a responder mal aos professores, a meter-me em lutas. Achava que estavam a fazer bullying comigo e reagia com viol\u00eancia. N\u00e3o controlava as minhas emo\u00e7\u00f5es.<\/p>\n<p>Depois comecei a guardar droga para essa pessoa, e mais tarde a vender. Tinha a mochila cheia de droga para vender depois das aulas e na rua com outros. Acabaram por me apanhar na escola. Fui expulso e proibido de voltar.<\/p>\n<p><strong>Que idade tinha nessa altura?<\/strong><\/p>\n<p>Catorze ou quinze anos.<\/p>\n<p><strong>E como foi passar de uma rebeldia que at\u00e9 \u00e9 natural nessas idades \u2013 j\u00e1 a venda de droga n\u00e3o \u00e9 &#8211; nessas para o crime violento, no seu caso com armas brancas? Foi tudo muito r\u00e1pido na sua vida\u2026<\/strong><\/p>\n<p>Nessa altura vivia com o meu pai, a minha av\u00f3 e os meus irm\u00e3os numa casa com dois quartos. O meu pai dormia no sof\u00e1, a minha av\u00f3 tinha de ter um quarto para ela e eu, com os meus irm\u00e3os, divid\u00edamos um s\u00f3 quarto. N\u00e3o t\u00ednhamos privacidade nenhuma. Ent\u00e3o, eu saia muito para a rua. Estava mais livre. Comecei a andar com um grupo. Para mim eram amigos, defendiam-me e eu a eles. Foi uma m\u00e1 influ\u00eancia.<\/p>\n","protected":false},"excerpt":{"rendered":"Vilson Duarte Dong, 24 anos, \u00e9 um portugu\u00eas que escapou a uma vida de viol\u00eancia e crime em&hellip;\n","protected":false},"author":2,"featured_media":178837,"comment_status":"","ping_status":"","sticky":false,"template":"","format":"standard","meta":{"footnotes":""},"categories":[10],"tags":[27,28,8752,36841,3178,15,16,36842,14,25,26,3018,21,22,12,13,19,20,32,23,24,694,33,9346,1717,17,18,29,30,31,36843],"class_list":{"0":"post-178836","1":"post","2":"type-post","3":"status-publish","4":"format-standard","5":"has-post-thumbnail","7":"category-portugal","8":"tag-breaking-news","9":"tag-breakingnews","10":"tag-criminalidade","11":"tag-delinquencia-juvenil","12":"tag-esperanca","13":"tag-featured-news","14":"tag-featurednews","15":"tag-gangues","16":"tag-headlines","17":"tag-latest-news","18":"tag-latestnews","19":"tag-leeds","20":"tag-main-news","21":"tag-mainnews","22":"tag-news","23":"tag-noticias","24":"tag-noticias-principais","25":"tag-noticiasprincipais","26":"tag-portugal","27":"tag-principais-noticias","28":"tag-principaisnoticias","29":"tag-prisao","30":"tag-pt","31":"tag-reabilitacao","32":"tag-seguranca","33":"tag-top-stories","34":"tag-topstories","35":"tag-ultimas","36":"tag-ultimas-noticias","37":"tag-ultimasnoticias","38":"tag-vilson-duarte-dong"},"share_on_mastodon":{"url":"https:\/\/pubeurope.com\/@pt\/115678847187747751","error":""},"_links":{"self":[{"href":"https:\/\/www.europesays.com\/pt\/wp-json\/wp\/v2\/posts\/178836","targetHints":{"allow":["GET"]}}],"collection":[{"href":"https:\/\/www.europesays.com\/pt\/wp-json\/wp\/v2\/posts"}],"about":[{"href":"https:\/\/www.europesays.com\/pt\/wp-json\/wp\/v2\/types\/post"}],"author":[{"embeddable":true,"href":"https:\/\/www.europesays.com\/pt\/wp-json\/wp\/v2\/users\/2"}],"replies":[{"embeddable":true,"href":"https:\/\/www.europesays.com\/pt\/wp-json\/wp\/v2\/comments?post=178836"}],"version-history":[{"count":0,"href":"https:\/\/www.europesays.com\/pt\/wp-json\/wp\/v2\/posts\/178836\/revisions"}],"wp:featuredmedia":[{"embeddable":true,"href":"https:\/\/www.europesays.com\/pt\/wp-json\/wp\/v2\/media\/178837"}],"wp:attachment":[{"href":"https:\/\/www.europesays.com\/pt\/wp-json\/wp\/v2\/media?parent=178836"}],"wp:term":[{"taxonomy":"category","embeddable":true,"href":"https:\/\/www.europesays.com\/pt\/wp-json\/wp\/v2\/categories?post=178836"},{"taxonomy":"post_tag","embeddable":true,"href":"https:\/\/www.europesays.com\/pt\/wp-json\/wp\/v2\/tags?post=178836"}],"curies":[{"name":"wp","href":"https:\/\/api.w.org\/{rel}","templated":true}]}}