{"id":178840,"date":"2025-12-07T14:52:13","date_gmt":"2025-12-07T14:52:13","guid":{"rendered":"https:\/\/www.europesays.com\/pt\/178840\/"},"modified":"2025-12-07T14:52:13","modified_gmt":"2025-12-07T14:52:13","slug":"jose-eduardo-moniz-faz-revelacao-sobre-1-a-companhia-elenco-muito-diferente","status":"publish","type":"post","link":"https:\/\/www.europesays.com\/pt\/178840\/","title":{"rendered":"Jos\u00e9 Eduardo Moniz faz revela\u00e7\u00e3o sobre &#8220;1.\u00aa Companhia&#8221;: &#8220;Elenco muito diferente&#8221;"},"content":{"rendered":"<p><a href=\"https:\/\/selfie.iol.pt\/famosos\/constanca-cunha-e-sa\/jose-eduardo-moniz-reage-a-triste-noticia-a-sua-presenca-na-nossa-estacao-representou-sempre-um-compromisso-com-a-verdade\/20251202\/692ee00cd34e2bd5c6d4a605\" target=\"_blank\" rel=\"nofollow noopener\">Jos\u00e9 Eduardo Moniz<\/a> \u00e9 uma das figuras p\u00fablicas que marcam presen\u00e7a na quinta edi\u00e7\u00e3o da Gala dos Sonhos, que decorre neste s\u00e1bado, dia 6, no Campo Pequeno, em Lisboa.<\/p>\n<p>\u00c0 conversa com a imprensa, nos bastidores do evento, o Diretor-Geral da TVI fez um balan\u00e7o bastante positivo de 2025: &#8220;Est\u00e1 tudo a correr francamente bem. Estou muito satisfeito, este acabou por ser um bom ano, em linha com o que esper\u00e1vamos.&#8221;<\/p>\n<p>&#8220;Quanto ao ano novo, espera-nos uma nova realidade. N\u00e3o iremos fazer progn\u00f3sticos para j\u00e1. Tal como disse no ano passado, ao mesmo tempo em que preparamos uma nova estrat\u00e9gia, h\u00e1 outros, noutro s\u00edtio, a pensar exatamente no mesmo. N\u00e3o podemos apenas contar connosco&#8221;, assinalou.<\/p>\n<p>Jos\u00e9 Eduardo Moniz ainda falou sobre uma das principais novidades da TVI e que est\u00e1 j\u00e1 agendada para o come\u00e7o de 2026: a estreia da &#8220;1.\u00aa Companhia&#8221;. &#8220;Vai ter um elenco muito diferente. Vamos ter gente de todos os quadrantes. O casting ainda n\u00e3o est\u00e1 completo. Vai haver emiss\u00f5es di\u00e1rias, \u00e9 um modelo semelhante aos \u00faltimos reality shows, e com emiss\u00e3o no TVI Reality&#8221;, garantiu.<\/p>\n<p>Veja, agora, algumas das melhores imagens de Jos\u00e9 Eduardo Moniz nas galerias de fotografias que prepar\u00e1mos para si.<\/p>\n","protected":false},"excerpt":{"rendered":"Jos\u00e9 Eduardo Moniz \u00e9 uma das figuras p\u00fablicas que marcam presen\u00e7a na quinta edi\u00e7\u00e3o da Gala dos Sonhos,&hellip;\n","protected":false},"author":2,"featured_media":178841,"comment_status":"","ping_status":"","sticky":false,"template":"","format":"standard","meta":{"footnotes":""},"categories":[145],"tags":[36804,211,210,114,115,741,980,36822,2527,619,32,33,1012,162],"class_list":{"0":"post-178840","1":"post","2":"type-post","3":"status-publish","4":"format-standard","5":"has-post-thumbnail","7":"category-celebridades","8":"tag-associacao-sara-carreira","9":"tag-celebridades","10":"tag-celebrities","11":"tag-entertainment","12":"tag-entretenimento","13":"tag-entrevista","14":"tag-famosos","15":"tag-gala-dos-sonhos","16":"tag-jose-eduardo-moniz","17":"tag-nacional","18":"tag-portugal","19":"tag-pt","20":"tag-selfie","21":"tag-tvi"},"share_on_mastodon":{"url":"https:\/\/pubeurope.com\/@pt\/115678854705580494","error":""},"_links":{"self":[{"href":"https:\/\/www.europesays.com\/pt\/wp-json\/wp\/v2\/posts\/178840","targetHints":{"allow":["GET"]}}],"collection":[{"href":"https:\/\/www.europesays.com\/pt\/wp-json\/wp\/v2\/posts"}],"about":[{"href":"https:\/\/www.europesays.com\/pt\/wp-json\/wp\/v2\/types\/post"}],"author":[{"embeddable":true,"href":"https:\/\/www.europesays.com\/pt\/wp-json\/wp\/v2\/users\/2"}],"replies":[{"embeddable":true,"href":"https:\/\/www.europesays.com\/pt\/wp-json\/wp\/v2\/comments?post=178840"}],"version-history":[{"count":0,"href":"https:\/\/www.europesays.com\/pt\/wp-json\/wp\/v2\/posts\/178840\/revisions"}],"wp:featuredmedia":[{"embeddable":true,"href":"https:\/\/www.europesays.com\/pt\/wp-json\/wp\/v2\/media\/178841"}],"wp:attachment":[{"href":"https:\/\/www.europesays.com\/pt\/wp-json\/wp\/v2\/media?parent=178840"}],"wp:term":[{"taxonomy":"category","embeddable":true,"href":"https:\/\/www.europesays.com\/pt\/wp-json\/wp\/v2\/categories?post=178840"},{"taxonomy":"post_tag","embeddable":true,"href":"https:\/\/www.europesays.com\/pt\/wp-json\/wp\/v2\/tags?post=178840"}],"curies":[{"name":"wp","href":"https:\/\/api.w.org\/{rel}","templated":true}]}}