{"id":178844,"date":"2025-12-07T14:58:10","date_gmt":"2025-12-07T14:58:10","guid":{"rendered":"https:\/\/www.europesays.com\/pt\/178844\/"},"modified":"2025-12-07T14:58:10","modified_gmt":"2025-12-07T14:58:10","slug":"ii-liga-benfica-b-ganha-na-estreia-de-jose-neto-fc-porto-b-bate-leixoes","status":"publish","type":"post","link":"https:\/\/www.europesays.com\/pt\/178844\/","title":{"rendered":"II Liga: Benfica B ganha na estreia de Jos\u00e9 Neto, FC Porto B bate Leix\u00f5es"},"content":{"rendered":"<p style=\"margin-bottom:11px\">Benfica B e FC Porto B regressaram aos triunfos na <a href=\"https:\/\/maisfutebol.iol.pt\/resultadoseclassificacoes\/291\/portugal\/segunda-liga\" target=\"_blank\" rel=\"nofollow noopener\"><strong>II Liga<\/strong><\/a>, este s\u00e1bado.<\/p>\n<p>No Seixal, os encarnados, que n\u00e3o venciam no segundo escal\u00e3o h\u00e1 mais de um m\u00eas, bateram a Oliveirense por <a href=\"https:\/\/maisfutebol.iol.pt\/jogo\/benfica-b\/ud-oliveirense\/13827891\" target=\"_blank\" rel=\"nofollow noopener\"><strong>2-0<\/strong><\/a>, com golos de Joshua Wynder (41m) e Jo\u00e3o Veloso (55m), ambos na sequ\u00eancia de pontap\u00e9s de canto.<\/p>\n<p>A partida marcou a estreia de Jos\u00e9 Neto (lateral-esquerdo campe\u00e3o do mundo de sub-17) pela equipa secund\u00e1ria das \u00e1guias, tendo sido lan\u00e7ado aos 61 minutos, assim como Daniel Banjaqui.<\/p>\n<p>J\u00e1 o FC Porto B, que vinha de um desaire na rece\u00e7\u00e3o ao Lusit\u00e2nia de Lourosa, foi at\u00e9 Matosinhos derrotar o Leix\u00f5es por <a href=\"https:\/\/maisfutebol.iol.pt\/jogo\/leixoes\/fc-porto-b\/13827895\" target=\"_blank\" rel=\"nofollow noopener\"><strong>4-2<\/strong><\/a> nesta 13.\u00aa jornada, numa partida com v\u00e1rios gola\u00e7os.<\/p>\n<blockquote class=\"twitter-tweet\" data-media-max-width=\"560\">\n<p lang=\"pt\">Jos\u00e9 Bica abriu o marcador no Est\u00e1dio do Mar com um gola\u00e7o \ud83e\udef6<a href=\"https:\/\/twitter.com\/hashtag\/sporttvportugal?src=hash&amp;ref_src=twsrc%5Etfw\" rel=\"nofollow noopener\" target=\"_blank\">#sporttvportugal<\/a> <a href=\"https:\/\/twitter.com\/hashtag\/LIGAnaSPORTTV?src=hash&amp;ref_src=twsrc%5Etfw\" rel=\"nofollow noopener\" target=\"_blank\">#LIGAnaSPORTTV<\/a> <a href=\"https:\/\/twitter.com\/hashtag\/LigaPortugalMeuSuper?src=hash&amp;ref_src=twsrc%5Etfw\" rel=\"nofollow noopener\" target=\"_blank\">#LigaPortugalMeuSuper<\/a> <a href=\"https:\/\/twitter.com\/hashtag\/Leix%C3%B5esSC?src=hash&amp;ref_src=twsrc%5Etfw\" rel=\"nofollow noopener\" target=\"_blank\">#Leix\u00f5esSC<\/a> <a href=\"https:\/\/twitter.com\/hashtag\/FCPortoB?src=hash&amp;ref_src=twsrc%5Etfw\" rel=\"nofollow noopener\" target=\"_blank\">#FCPortoB<\/a> <a href=\"https:\/\/twitter.com\/hashtag\/insparya?src=hash&amp;ref_src=twsrc%5Etfw\" rel=\"nofollow noopener\" target=\"_blank\">#insparya<\/a> <a href=\"https:\/\/t.co\/nwxtxTUeII\" rel=\"nofollow\">pic.twitter.com\/nwxtxTUeII<\/a><\/p>\n<p> \u2014 sport tv (@sporttvportugal)<br \/>\n  <a href=\"https:\/\/twitter.com\/sporttvportugal\/status\/1997383853946589242?ref_src=twsrc%5Etfw\" rel=\"nofollow noopener\" target=\"_blank\">December 6, 2025<\/a>\n <\/p><\/blockquote>\n<p>A forma\u00e7\u00e3o da casa at\u00e9 se adiantou no marcador, por Bica (26m), mas os golos de Brayan Caicedo (30m) e Kau\u00ea Rodrigues (45+8m, pen\u00e1lti) valeram a reviravolta aos drag\u00f5es.<\/p>\n<blockquote class=\"twitter-tweet\" data-media-max-width=\"560\">\n<p lang=\"pt\">Brayan Caicedo restabeleceu o marcador com um gola\u00e7o tamb\u00e9m \ud83d\udd25<a href=\"https:\/\/twitter.com\/hashtag\/sporttvportugal?src=hash&amp;ref_src=twsrc%5Etfw\" rel=\"nofollow noopener\" target=\"_blank\">#sporttvportugal<\/a> <a href=\"https:\/\/twitter.com\/hashtag\/LIGAnaSPORTTV?src=hash&amp;ref_src=twsrc%5Etfw\" rel=\"nofollow noopener\" target=\"_blank\">#LIGAnaSPORTTV<\/a> <a href=\"https:\/\/twitter.com\/hashtag\/LigaPortugalMeuSuper?src=hash&amp;ref_src=twsrc%5Etfw\" rel=\"nofollow noopener\" target=\"_blank\">#LigaPortugalMeuSuper<\/a> <a href=\"https:\/\/twitter.com\/hashtag\/Leix%C3%B5esSC?src=hash&amp;ref_src=twsrc%5Etfw\" rel=\"nofollow noopener\" target=\"_blank\">#Leix\u00f5esSC<\/a> <a href=\"https:\/\/twitter.com\/hashtag\/FCPortoB?src=hash&amp;ref_src=twsrc%5Etfw\" rel=\"nofollow noopener\" target=\"_blank\">#FCPortoB<\/a> <a href=\"https:\/\/twitter.com\/hashtag\/insparya?src=hash&amp;ref_src=twsrc%5Etfw\" rel=\"nofollow noopener\" target=\"_blank\">#insparya<\/a> <a href=\"https:\/\/t.co\/JeKDXzinb3\" rel=\"nofollow\">pic.twitter.com\/JeKDXzinb3<\/a><\/p>\n<p> \u2014 sport tv (@sporttvportugal)<br \/>\n  <a href=\"https:\/\/twitter.com\/sporttvportugal\/status\/1997387245175648344?ref_src=twsrc%5Etfw\" rel=\"nofollow noopener\" target=\"_blank\">December 6, 2025<\/a>\n <\/p><\/blockquote>\n<blockquote class=\"twitter-tweet\" data-media-max-width=\"560\">\n<p lang=\"pt\">Kau\u00ea Rodrigues meteu o FC Porto B na frente de grande penalidade \ud83c\udfaf<a href=\"https:\/\/twitter.com\/hashtag\/sporttvportugal?src=hash&amp;ref_src=twsrc%5Etfw\" rel=\"nofollow noopener\" target=\"_blank\">#sporttvportugal<\/a> <a href=\"https:\/\/twitter.com\/hashtag\/LIGAnaSPORTTV?src=hash&amp;ref_src=twsrc%5Etfw\" rel=\"nofollow noopener\" target=\"_blank\">#LIGAnaSPORTTV<\/a> <a href=\"https:\/\/twitter.com\/hashtag\/LigaPortugalMeuSuper?src=hash&amp;ref_src=twsrc%5Etfw\" rel=\"nofollow noopener\" target=\"_blank\">#LigaPortugalMeuSuper<\/a> <a href=\"https:\/\/twitter.com\/hashtag\/Leix%C3%B5esSC?src=hash&amp;ref_src=twsrc%5Etfw\" rel=\"nofollow noopener\" target=\"_blank\">#Leix\u00f5esSC<\/a> <a href=\"https:\/\/twitter.com\/hashtag\/FCPortoB?src=hash&amp;ref_src=twsrc%5Etfw\" rel=\"nofollow noopener\" target=\"_blank\">#FCPortoB<\/a> <a href=\"https:\/\/twitter.com\/hashtag\/insparya?src=hash&amp;ref_src=twsrc%5Etfw\" rel=\"nofollow noopener\" target=\"_blank\">#insparya<\/a> <a href=\"https:\/\/t.co\/xI2Apl4DOj\" rel=\"nofollow\">pic.twitter.com\/xI2Apl4DOj<\/a><\/p>\n<p> \u2014 sport tv (@sporttvportugal)<br \/>\n  <a href=\"https:\/\/twitter.com\/sporttvportugal\/status\/1997388985744675261?ref_src=twsrc%5Etfw\" rel=\"nofollow noopener\" target=\"_blank\">December 6, 2025<\/a>\n <\/p><\/blockquote>\n<p>No segundo tempo, Benjam\u00edn Kanuric (54m) devolveu a igualdade ao marcador.<\/p>\n<blockquote class=\"twitter-tweet\" data-media-max-width=\"560\">\n<p lang=\"pt\">Leix\u00f5es SC &#8211; FC Porto B est\u00e1 a ser um jogo recheado de gola\u00e7os \ud83c\udf7f<\/p>\n<p>Benjamin Kanuric encheu o p\u00e9 e meteu o jogo na estaca zero desta forma \ud83e\udd76<a href=\"https:\/\/twitter.com\/hashtag\/sporttvportugal?src=hash&amp;ref_src=twsrc%5Etfw\" rel=\"nofollow noopener\" target=\"_blank\">#sporttvportugal<\/a> <a href=\"https:\/\/twitter.com\/hashtag\/LIGAnaSPORTTV?src=hash&amp;ref_src=twsrc%5Etfw\" rel=\"nofollow noopener\" target=\"_blank\">#LIGAnaSPORTTV<\/a> <a href=\"https:\/\/twitter.com\/hashtag\/LigaPortugalMeuSuper?src=hash&amp;ref_src=twsrc%5Etfw\" rel=\"nofollow noopener\" target=\"_blank\">#LigaPortugalMeuSuper<\/a> <a href=\"https:\/\/twitter.com\/hashtag\/Leix%C3%B5esSC?src=hash&amp;ref_src=twsrc%5Etfw\" rel=\"nofollow noopener\" target=\"_blank\">#Leix\u00f5esSC<\/a> <a href=\"https:\/\/twitter.com\/hashtag\/FCPortoB?src=hash&amp;ref_src=twsrc%5Etfw\" rel=\"nofollow noopener\" target=\"_blank\">#FCPortoB<\/a> <a href=\"https:\/\/t.co\/iFRsn0Z20R\" rel=\"nofollow\">pic.twitter.com\/iFRsn0Z20R<\/a><\/p>\n<p> \u2014 sport tv (@sporttvportugal)<br \/>\n  <a href=\"https:\/\/twitter.com\/sporttvportugal\/status\/1997394767101968705?ref_src=twsrc%5Etfw\" rel=\"nofollow noopener\" target=\"_blank\">December 6, 2025<\/a>\n <\/p><\/blockquote>\n<p>No entanto, Jo\u00e3o Teixeira (62m) colocou o FC Porto B novamente na frente e, pouco depois, Tiago Andrade (68m) dilatou a vantagem portista.<\/p>\n<p>Contas feitas, o Benfica B sobe ao 12.\u00ba lugar, com 14 pontos, os mesmos do FC Porto B, que segue na posi\u00e7\u00e3o imediatamente abaixo. J\u00e1 a Oliveirense, \u00e9 10.\u00aa (15 pontos), ao passo que o Leix\u00f5es ocupa o 14.\u00ba posto (13).<\/p>\n<p>                                <script async src=\"https:\/\/platform.twitter.com\/widgets.js\" charset=\"utf-8\"><\/script><\/p>\n","protected":false},"excerpt":{"rendered":"Benfica B e FC Porto B regressaram aos triunfos na II Liga, este s\u00e1bado. No Seixal, os encarnados,&hellip;\n","protected":false},"author":2,"featured_media":178845,"comment_status":"","ping_status":"","sticky":false,"template":"","format":"standard","meta":{"footnotes":""},"categories":[87],"tags":[51,8353,135,282,2421,5919,5433,23362,46,8356,36844,462,32,33,47,527,8484,5434,11072,5920,134],"class_list":{"0":"post-178844","1":"post","2":"type-post","3":"status-publish","4":"format-standard","5":"has-post-thumbnail","7":"category-desporto","8":"tag-benfica","9":"tag-benfica-b","10":"tag-desporto","11":"tag-fc-porto","12":"tag-fc-porto-b","13":"tag-ii-liga","14":"tag-jogos-hoje","15":"tag-leixoes","16":"tag-maisfutebol","17":"tag-maisfutebol-resultados","18":"tag-oliveirense","19":"tag-porto","20":"tag-portugal","21":"tag-pt","22":"tag-pura-paixao","23":"tag-resultados","24":"tag-resultados-de-hoje","25":"tag-resultados-hoje","26":"tag-resultados-ii-liga","27":"tag-resultados-maisfutebol","28":"tag-sports"},"share_on_mastodon":{"url":"https:\/\/pubeurope.com\/@pt\/115678878272135962","error":""},"_links":{"self":[{"href":"https:\/\/www.europesays.com\/pt\/wp-json\/wp\/v2\/posts\/178844","targetHints":{"allow":["GET"]}}],"collection":[{"href":"https:\/\/www.europesays.com\/pt\/wp-json\/wp\/v2\/posts"}],"about":[{"href":"https:\/\/www.europesays.com\/pt\/wp-json\/wp\/v2\/types\/post"}],"author":[{"embeddable":true,"href":"https:\/\/www.europesays.com\/pt\/wp-json\/wp\/v2\/users\/2"}],"replies":[{"embeddable":true,"href":"https:\/\/www.europesays.com\/pt\/wp-json\/wp\/v2\/comments?post=178844"}],"version-history":[{"count":0,"href":"https:\/\/www.europesays.com\/pt\/wp-json\/wp\/v2\/posts\/178844\/revisions"}],"wp:featuredmedia":[{"embeddable":true,"href":"https:\/\/www.europesays.com\/pt\/wp-json\/wp\/v2\/media\/178845"}],"wp:attachment":[{"href":"https:\/\/www.europesays.com\/pt\/wp-json\/wp\/v2\/media?parent=178844"}],"wp:term":[{"taxonomy":"category","embeddable":true,"href":"https:\/\/www.europesays.com\/pt\/wp-json\/wp\/v2\/categories?post=178844"},{"taxonomy":"post_tag","embeddable":true,"href":"https:\/\/www.europesays.com\/pt\/wp-json\/wp\/v2\/tags?post=178844"}],"curies":[{"name":"wp","href":"https:\/\/api.w.org\/{rel}","templated":true}]}}