{"id":178854,"date":"2025-12-07T15:07:10","date_gmt":"2025-12-07T15:07:10","guid":{"rendered":"https:\/\/www.europesays.com\/pt\/178854\/"},"modified":"2025-12-07T15:07:10","modified_gmt":"2025-12-07T15:07:10","slug":"marcio-garcia-e-condenado-a-responder-por-divida-milionaria-de-academia-diz-jornal","status":"publish","type":"post","link":"https:\/\/www.europesays.com\/pt\/178854\/","title":{"rendered":"M\u00e1rcio Garcia \u00e9 condenado a responder por d\u00edvida milion\u00e1ria de academia, diz jornal"},"content":{"rendered":"<p>Uma decis\u00e3o do Tribunal de Justi\u00e7a do Rio da Janeiro condenou o ator M\u00e1rcio Garcia a responder por uma d\u00edvida no valor que ultrapassa R$ 10 milh\u00f5es. Segundo o colunista Ancelmo G\u00f3is, do jornal O Globo, o processo envolve o ressarcimento de valores honrados por um fiador em uma academia.<\/p>\n<p>A Justi\u00e7a reconhece que apesar de o ator n\u00e3o fazer parte do contrato social da academia MG Sete Cultura F\u00edsica desde os anos 2000, M\u00e1rcio Garcia seguiu como s\u00f3cio, na pr\u00e1tica, atuando nas decis\u00f5es tomadas para a empresa.<\/p>\n<p>O processo d\u00e1 conta de que um outro empres\u00e1rio, J\u00falio Pignatari J\u00fanior, honrou a d\u00edvida de R$ 1,5 milh\u00e3o para quitar despesas do neg\u00f3cio. Pignatari tamb\u00e9m atuou como fiador do contrato de aluguel da empresa.<\/p>\n<p>\t\t\t\t\t\t\t\t\t\tPlanejamento financeiro\t\t\t\t\t\t\t\t\t<\/p>\n<p>\t\t\t\t\t\t\t\t\t\tBaixe gratuitamente!\n\t\t\t\t\t\t\t\t\t\t\t\t\t\t\t<\/p>\n<p>\t\t\t\t\t\t<img decoding=\"async\" class=\"w-full h-full object-cover\" src=\"https:\/\/www.europesays.com\/pt\/wp-content\/uploads\/2025\/12\/WhatsApp-Image-2025-11-03-at-15.45.16.jpeg\" alt=\"\"\/><\/p>\n<p>Diante disso, ainda segundo o jornal, o tribunal definiu que o ator deve responder pelo processo. O valor foi corrigido ao longo dos anos e, por isso, j\u00e1 est\u00e1 na casa dos R$ 10 milh\u00f5es.<\/p>\n","protected":false},"excerpt":{"rendered":"Uma decis\u00e3o do Tribunal de Justi\u00e7a do Rio da Janeiro condenou o ator M\u00e1rcio Garcia a responder por&hellip;\n","protected":false},"author":2,"featured_media":178855,"comment_status":"","ping_status":"","sticky":false,"template":"","format":"standard","meta":{"footnotes":""},"categories":[145],"tags":[211,210,114,115,32,31710,33],"class_list":{"0":"post-178854","1":"post","2":"type-post","3":"status-publish","4":"format-standard","5":"has-post-thumbnail","7":"category-celebridades","8":"tag-celebridades","9":"tag-celebrities","10":"tag-entertainment","11":"tag-entretenimento","12":"tag-portugal","13":"tag-processo-judicial","14":"tag-pt"},"share_on_mastodon":{"url":"https:\/\/pubeurope.com\/@pt\/115678913898004700","error":""},"_links":{"self":[{"href":"https:\/\/www.europesays.com\/pt\/wp-json\/wp\/v2\/posts\/178854","targetHints":{"allow":["GET"]}}],"collection":[{"href":"https:\/\/www.europesays.com\/pt\/wp-json\/wp\/v2\/posts"}],"about":[{"href":"https:\/\/www.europesays.com\/pt\/wp-json\/wp\/v2\/types\/post"}],"author":[{"embeddable":true,"href":"https:\/\/www.europesays.com\/pt\/wp-json\/wp\/v2\/users\/2"}],"replies":[{"embeddable":true,"href":"https:\/\/www.europesays.com\/pt\/wp-json\/wp\/v2\/comments?post=178854"}],"version-history":[{"count":0,"href":"https:\/\/www.europesays.com\/pt\/wp-json\/wp\/v2\/posts\/178854\/revisions"}],"wp:featuredmedia":[{"embeddable":true,"href":"https:\/\/www.europesays.com\/pt\/wp-json\/wp\/v2\/media\/178855"}],"wp:attachment":[{"href":"https:\/\/www.europesays.com\/pt\/wp-json\/wp\/v2\/media?parent=178854"}],"wp:term":[{"taxonomy":"category","embeddable":true,"href":"https:\/\/www.europesays.com\/pt\/wp-json\/wp\/v2\/categories?post=178854"},{"taxonomy":"post_tag","embeddable":true,"href":"https:\/\/www.europesays.com\/pt\/wp-json\/wp\/v2\/tags?post=178854"}],"curies":[{"name":"wp","href":"https:\/\/api.w.org\/{rel}","templated":true}]}}