{"id":178856,"date":"2025-12-07T15:10:12","date_gmt":"2025-12-07T15:10:12","guid":{"rendered":"https:\/\/www.europesays.com\/pt\/178856\/"},"modified":"2025-12-07T15:10:12","modified_gmt":"2025-12-07T15:10:12","slug":"atriz-famosa-faz-confissao-emocionante-so-viu-o-mar-pela-primeira-vez-aos-14-anos-novelas","status":"publish","type":"post","link":"https:\/\/www.europesays.com\/pt\/178856\/","title":{"rendered":"Atriz famosa faz confiss\u00e3o emocionante: \u00abS\u00f3 viu o mar pela primeira vez aos 14 anos\u00bb &#8211; Novelas"},"content":{"rendered":"<p><a href=\"https:\/\/tvi.iol.pt\/novelas\/vera-kolodzig\/espirito-indomavel\/vera-kolodzig-abre-o-coracao-arrisquei-tudo-um-dos-meus-maiores-medos\" rel=\"nofollow noopener\" target=\"_blank\"><strong>Vera Kolodzig<\/strong> <\/a>partilhou um dos momentos mais bonitos e \u00edntimos que viveu recentemente com o filho, <strong>Mateus<\/strong>, de 11 anos. Depois da escola, decidiram ir dar uma volta de bicicleta e, entre a paisagem, o mar e a calma do fim do dia, nasceu uma conversa que emocionou os seguidores.<strong> \u00abSabes Mateus, quando quero falar com o av\u00f4 Udo \u00e9 aqui que venho\u00bb,<\/strong> contou a atriz de 40 anos, revelando ao filho o lugar onde sente uma liga\u00e7\u00e3o especial ao pai, que j\u00e1 partiu. A espontaneidade de Mateus n\u00e3o tardou: \u00abA s\u00e9rio, m\u00e3e? E o que lhe dizes?\u00bb<\/p>\n<p>Vera explicou-lhe que ali pede ajuda, <strong>prote\u00e7\u00e3o <\/strong>e fala com o pai \u00abtodos os dias\u00bb, mas que naquele lugar, entre o mar e as rochas, <strong>sente a presen\u00e7a dele de forma mais intensa<\/strong>. E essa liga\u00e7\u00e3o tem uma hist\u00f3ria profunda.<strong> O pai de Vera nasceu na Alemanha e s\u00f3 viu o mar pela primeira vez aos 14 anos. <\/strong>Talvez por isso se tenha apaixonado por Cascais quando chegou a Portugal, nos anos 70, uma paix\u00e3o que acabou por marcar tamb\u00e9m a inf\u00e2ncia da atriz. \u00abCresci aqui, tinha o mar como dado adquirido e o som das ondas como barulho de fundo\u00bb, recorda.<\/p>\n<p>A atriz confessou que aquelas rochas guardam muitas mem\u00f3rias: foi ali que, em adolescente gritou para ningu\u00e9m ouvir; e foi ali que, aos 20 anos, levou amigos para fazer filmagens e lhes mostrar o bocadinho de mundo que a define. Hoje, esse mesmo lugar ganhou um novo cap\u00edtulo, agora partilhado com o filho. \u00abQue sortuda eu, que tenho um filho lindo com quem posso dar passeios de bicicleta e ter conversas bonitas\u00bb, escreveu, reconhecendo como pequenos gestos fora da rotina criam mem\u00f3rias para a vida.<\/p>\n<blockquote class=\"instagram-media\" data-instgrm-captioned=\"\" data-instgrm-permalink=\"https:\/\/www.instagram.com\/p\/DR2ee7AiPNf\/?utm_source=ig_embed&amp;utm_campaign=loading\" data-instgrm-version=\"14\" style=\" background:#FFF; border:0; border-radius:3px; box-shadow:0 0 1px 0 rgba(0,0,0,0.5),0 1px 10px 0 rgba(0,0,0,0.15); margin: 1px; max-width:540px; min-width:326px; padding:0; width:99.375%; width:-webkit-calc(100% - 2px); width:calc(100% - 2px);\">\n<\/blockquote>\n<p>Ao decidir n\u00e3o ir logo para casa depois das aulas e seguir direto para o mar, Vera percebeu que aquele desvio criou mais uma hist\u00f3ria que ficar\u00e1 para sempre entre m\u00e3e e filho. Uma prova de como a vida, nos seus gestos simples, pode ser profundamente bonita. \u00abEm poucas horas criam-se mem\u00f3rias para a vida\u00bb, concluiu, deixando os seguidores comovidos.<\/p>\n<p>A partilha gerou dezenas de mensagens emocionadas: \u00abObrigada por esta partilha, querida Vera. Estava a precisar desta hist\u00f3ria \u2764\ufe0f\u00bb, escreveu uma seguidora. Outra comentou: \u00abOh que lindo, que linda, que fam\u00edlia linda \u2764\ufe0f\u00bb. E houve ainda quem sublinhasse a magia do momento: \u00abQue maravilha. Mem\u00f3rias e partilhas entre m\u00e3e e filho que ficam para sempre \u2764\ufe0f\u2764\ufe0f\u2764\ufe0f\u00bb.<\/p>\n<p>De relembrar que\u00a0Vera Kolodzig \u00e9 m\u00e3e de Mateus, fruto da rela\u00e7\u00e3o amorosa terminada com\u00a0<a href=\"https:\/\/tvi.iol.pt\/novelas\/novelas\/cacau\/de-regresso-a-tvi-diogo-amaral-faz-revelacoes-sobre-novo-projeto-vai-marcar-pela-diferenca\" wbo-id=\"50\" rel=\"nofollow noopener\" target=\"_blank\">Diogo Amaral<\/a>,\u00a0<a href=\"https:\/\/tvi.iol.pt\/morangoscomacucar\/fotos\/lembra-se-de-diogo-amaral-nos-morangos-com-acucar-veja-como-era\/64c3bf21d34e72171a0ba106\" wbo-id=\"51\" rel=\"nofollow noopener\" target=\"_blank\">o ator que deu vida a Ricardo em \u00abMorangos com A\u00e7\u00facar 3\u00bb<\/a>.<\/p>\n<p>O seu \u00faltimo papel na TVI foi na novela \u00ab<a href=\"https:\/\/tviplayer.iol.pt\/programa\/prisioneira\/5c890ae00cf2f1892ed73779\" wbo-id=\"53\" rel=\"nofollow noopener\" target=\"_blank\">Prisioneira<\/a>\u00bb, onde interpretou Samira Ibrahim.<\/p>\n<p>                        <script async src=\"\/\/www.instagram.com\/embed.js\"><\/script><\/p>\n","protected":false},"excerpt":{"rendered":"Vera Kolodzig partilhou um dos momentos mais bonitos e \u00edntimos que viveu recentemente com o filho, Mateus, de&hellip;\n","protected":false},"author":2,"featured_media":178857,"comment_status":"","ping_status":"","sticky":false,"template":"","format":"standard","meta":{"footnotes":""},"categories":[142],"tags":[160,166,114,115,157,167,164,2219,21965,161,10562,158,165,159,32,33,156,163,151,162,21964],"class_list":{"0":"post-178856","1":"post","2":"type-post","3":"status-publish","4":"format-standard","5":"has-post-thumbnail","7":"category-tv","8":"tag-ana-guiomar","9":"tag-cristina-ferreira","10":"tag-entertainment","11":"tag-entretenimento","12":"tag-festa-e-festa","13":"tag-ficcao","14":"tag-jose-fidalgo","15":"tag-mar","16":"tag-mateus","17":"tag-novelas","18":"tag-pai","19":"tag-para-sempre","20":"tag-pedro-sousa","21":"tag-pedro-teixeira","22":"tag-portugal","23":"tag-pt","24":"tag-queridos-papas","25":"tag-tiago-teotonio-pereira","26":"tag-tv","27":"tag-tvi","28":"tag-vera-kolodzig"},"share_on_mastodon":{"url":"https:\/\/pubeurope.com\/@pt\/115678925481738185","error":""},"_links":{"self":[{"href":"https:\/\/www.europesays.com\/pt\/wp-json\/wp\/v2\/posts\/178856","targetHints":{"allow":["GET"]}}],"collection":[{"href":"https:\/\/www.europesays.com\/pt\/wp-json\/wp\/v2\/posts"}],"about":[{"href":"https:\/\/www.europesays.com\/pt\/wp-json\/wp\/v2\/types\/post"}],"author":[{"embeddable":true,"href":"https:\/\/www.europesays.com\/pt\/wp-json\/wp\/v2\/users\/2"}],"replies":[{"embeddable":true,"href":"https:\/\/www.europesays.com\/pt\/wp-json\/wp\/v2\/comments?post=178856"}],"version-history":[{"count":0,"href":"https:\/\/www.europesays.com\/pt\/wp-json\/wp\/v2\/posts\/178856\/revisions"}],"wp:featuredmedia":[{"embeddable":true,"href":"https:\/\/www.europesays.com\/pt\/wp-json\/wp\/v2\/media\/178857"}],"wp:attachment":[{"href":"https:\/\/www.europesays.com\/pt\/wp-json\/wp\/v2\/media?parent=178856"}],"wp:term":[{"taxonomy":"category","embeddable":true,"href":"https:\/\/www.europesays.com\/pt\/wp-json\/wp\/v2\/categories?post=178856"},{"taxonomy":"post_tag","embeddable":true,"href":"https:\/\/www.europesays.com\/pt\/wp-json\/wp\/v2\/tags?post=178856"}],"curies":[{"name":"wp","href":"https:\/\/api.w.org\/{rel}","templated":true}]}}