{"id":178860,"date":"2025-12-07T15:13:29","date_gmt":"2025-12-07T15:13:29","guid":{"rendered":"https:\/\/www.europesays.com\/pt\/178860\/"},"modified":"2025-12-07T15:13:29","modified_gmt":"2025-12-07T15:13:29","slug":"video-capitao-expulso-antes-do-jogo-comecar-e-equipa-nao-ficou-reduzida","status":"publish","type":"post","link":"https:\/\/www.europesays.com\/pt\/178860\/","title":{"rendered":"V\u00cdDEO: capit\u00e3o expulso antes do jogo come\u00e7ar e equipa n\u00e3o ficou reduzida"},"content":{"rendered":"<p>Houve um momento caricato no futebol indiano. Na rece\u00e7\u00e3o do Goa ao Mumbai City, a contar para as \u00abmeias\u00bb da Superta\u00e7a indiana, o capit\u00e3o da equipa da casa foi expulso&#8230; antes do jogo sequer come\u00e7ar.<\/p>\n<p>Ainda antes da entrada das equipas no relvado, Iker Guarrotxena viu o cart\u00e3o vermelho por irregularidades no equipamento. Ora, ainda assim, depois de alguns protestos, o espanhol l\u00e1 saiu do onze inicial&#8230; e entrou outro.<\/p>\n<p>Como? \u00c9 simples. Em caso de expuls\u00e3o antes do jogo, uma equipa pode substituir diretamente um jogador para o onze inicial, sem perder a substitui\u00e7\u00e3o e sem ser obrigado a jogar reduzido.<\/p>\n<p>Foi a lei que salvou o Goa, que acabou mesmo por vencer (2-1) o Mumbai City e garantir um lugar na final da Superta\u00e7a. No entanto, o momento do jogo decorreu antes do mesmo come\u00e7ar.<\/p>\n<p><strong>Ora veja o v\u00eddeo da expuls\u00e3o:\u00a0<\/strong><\/p>\n","protected":false},"excerpt":{"rendered":"Houve um momento caricato no futebol indiano. Na rece\u00e7\u00e3o do Goa ao Mumbai City, a contar para as&hellip;\n","protected":false},"author":2,"featured_media":178861,"comment_status":"","ping_status":"","sticky":false,"template":"","format":"standard","meta":{"footnotes":""},"categories":[87],"tags":[33960,135,743,36814,36845,4238,2426,82,46,32,33,47,134,578],"class_list":{"0":"post-178860","1":"post","2":"type-post","3":"status-publish","4":"format-standard","5":"has-post-thumbnail","7":"category-desporto","8":"tag-caricato","9":"tag-desporto","10":"tag-expulsao","11":"tag-goa","12":"tag-iker-guarrotxena","13":"tag-incrivel","14":"tag-india","15":"tag-internacional","16":"tag-maisfutebol","17":"tag-portugal","18":"tag-pt","19":"tag-pura-paixao","20":"tag-sports","21":"tag-video"},"share_on_mastodon":{"url":"https:\/\/pubeurope.com\/@pt\/115678937242426307","error":""},"_links":{"self":[{"href":"https:\/\/www.europesays.com\/pt\/wp-json\/wp\/v2\/posts\/178860","targetHints":{"allow":["GET"]}}],"collection":[{"href":"https:\/\/www.europesays.com\/pt\/wp-json\/wp\/v2\/posts"}],"about":[{"href":"https:\/\/www.europesays.com\/pt\/wp-json\/wp\/v2\/types\/post"}],"author":[{"embeddable":true,"href":"https:\/\/www.europesays.com\/pt\/wp-json\/wp\/v2\/users\/2"}],"replies":[{"embeddable":true,"href":"https:\/\/www.europesays.com\/pt\/wp-json\/wp\/v2\/comments?post=178860"}],"version-history":[{"count":0,"href":"https:\/\/www.europesays.com\/pt\/wp-json\/wp\/v2\/posts\/178860\/revisions"}],"wp:featuredmedia":[{"embeddable":true,"href":"https:\/\/www.europesays.com\/pt\/wp-json\/wp\/v2\/media\/178861"}],"wp:attachment":[{"href":"https:\/\/www.europesays.com\/pt\/wp-json\/wp\/v2\/media?parent=178860"}],"wp:term":[{"taxonomy":"category","embeddable":true,"href":"https:\/\/www.europesays.com\/pt\/wp-json\/wp\/v2\/categories?post=178860"},{"taxonomy":"post_tag","embeddable":true,"href":"https:\/\/www.europesays.com\/pt\/wp-json\/wp\/v2\/tags?post=178860"}],"curies":[{"name":"wp","href":"https:\/\/api.w.org\/{rel}","templated":true}]}}