{"id":178867,"date":"2025-12-07T15:22:18","date_gmt":"2025-12-07T15:22:18","guid":{"rendered":"https:\/\/www.europesays.com\/pt\/178867\/"},"modified":"2025-12-07T15:22:18","modified_gmt":"2025-12-07T15:22:18","slug":"pedro-bianchi-prata-hoje-recebi-uma-das-noticias-mais-duras-da-minha-vida","status":"publish","type":"post","link":"https:\/\/www.europesays.com\/pt\/178867\/","title":{"rendered":"Pedro Bianchi Prata: &#8220;Hoje recebi uma das not\u00edcias mais duras da minha vida&#8221;"},"content":{"rendered":"<p>&#8220;Hoje recebi uma das not\u00edcias mais duras da minha vida. Partiu o meu \u00eddolo de inf\u00e2ncia&#8221;. Foi desta forma que <a href=\"https:\/\/selfie.iol.pt\/famosos\/maria-botelho-moniz\/apos-10-dias-pedro-bianchi-prata-desabafa-sobre-o-filho-o-mais-dificil-de-tudo\/20251116\/6919de9bd34e2bd5c6d41086\" target=\"_blank\" rel=\"nofollow noopener\">Pedro Bianchi Prata<\/a> lamentou, no Instagram, o falecimento de um amigo e de um \u00eddolo. &#8220;O her\u00f3i que eu e os meus amigos v\u00edamos passar em cavalinho na nossa rua e que nos fazia sonhar: &#8216;Um dia quero ser como ele.'&#8221;, acrescentou.<\/p>\n<p>De seguida, o desportista viajou no tempo: &#8220;A primeira foto deste carrossel \u00e9 de 1992, no Enduro de Beja &#8211; o meu primeiro t\u00edtulo nacional. Eu, mi\u00fado, ao lado do Vasco, o meu her\u00f3i. Foi por causa dele que comecei a correr. Fui com o irm\u00e3o, o Jorge, ver o Enduro de Famalic\u00e3o em 1991\u2026 e naquele dia apaixonei-me pelo Enduro. O Vasco tinha um talento natural para a moto e para tudo o que tocava. Era diferente. Era especial.&#8221;<\/p>\n<p>&#8220;As outras fotos s\u00e3o da maior corrida da vida do Vasco: o m\u00edtico Enduro do Porto. Aquele dia em que ele fez o imposs\u00edvel. Ganhou a classifica\u00e7\u00e3o geral com uma Suzuki 125, \u00e0 frente de todos os pilotos de renome. Ningu\u00e9m acreditava que um piloto amador podia vencer daquela forma\u2026 mas ele acreditava. E fez hist\u00f3ria&#8221;, assinalou, antes de afirmar: &#8220;A nossa vida cruzou-se vezes sem conta ao longo de 40 anos de amizade. Tivemos altos e baixos, como todos os verdadeiros amigos, mas sab\u00edamos que quando fosse preciso\u2026 est\u00e1vamos l\u00e1 um para o outro.&#8221;<\/p>\n<p>&#8220;Acompanhou-me na prepara\u00e7\u00e3o do meu \u00faltimo Dakar em moto, em 2022. Era um mec\u00e2nico brilhante, daqueles que resolvem problemas antes de eles existirem. Soldava, criava, inventava. Tinha m\u00e3os de ouro e um cora\u00e7\u00e3o ainda maior. Muito do que sou hoje devo-lhe a ele. Foi por o ver andar de moto &#8211; por querer fazer o que ele fazia &#8211; que a minha vida tomou este rumo. De repente olho para tr\u00e1s e tenho 34 anos de carreira\u2026 tudo porque um dia quis ser como o Vasco. O Vasco partiu, mas fica a saudade. Fica o sorriso. Fica a paix\u00e3o pela vida. Fica o exemplo de viver cada dia como se fosse o \u00faltimo. Descansa em paz, amigo. Um dia vamos reencontrar-nos\u2026 e voltamos a andar de moto juntos&#8221;, completou.<\/p>\n<p>Veja, agora, as imagens partilhadas por Pedro Bianchi Prata na galeria de fotografias que prepar\u00e1mos para si.<\/p>\n","protected":false},"excerpt":{"rendered":"&#8220;Hoje recebi uma das not\u00edcias mais duras da minha vida. Partiu o meu \u00eddolo de inf\u00e2ncia&#8221;. Foi desta&hellip;\n","protected":false},"author":2,"featured_media":178868,"comment_status":"","ping_status":"","sticky":false,"template":"","format":"standard","meta":{"footnotes":""},"categories":[145],"tags":[211,210,135,114,115,980,1015,1339,1437,619,4089,32,33,1012],"class_list":{"0":"post-178867","1":"post","2":"type-post","3":"status-publish","4":"format-standard","5":"has-post-thumbnail","7":"category-celebridades","8":"tag-celebridades","9":"tag-celebrities","10":"tag-desporto","11":"tag-entertainment","12":"tag-entretenimento","13":"tag-famosos","14":"tag-instagram","15":"tag-luto","16":"tag-morte","17":"tag-nacional","18":"tag-pedro-bianchi-prata","19":"tag-portugal","20":"tag-pt","21":"tag-selfie"},"share_on_mastodon":{"url":"https:\/\/pubeurope.com\/@pt\/115678972790918048","error":""},"_links":{"self":[{"href":"https:\/\/www.europesays.com\/pt\/wp-json\/wp\/v2\/posts\/178867","targetHints":{"allow":["GET"]}}],"collection":[{"href":"https:\/\/www.europesays.com\/pt\/wp-json\/wp\/v2\/posts"}],"about":[{"href":"https:\/\/www.europesays.com\/pt\/wp-json\/wp\/v2\/types\/post"}],"author":[{"embeddable":true,"href":"https:\/\/www.europesays.com\/pt\/wp-json\/wp\/v2\/users\/2"}],"replies":[{"embeddable":true,"href":"https:\/\/www.europesays.com\/pt\/wp-json\/wp\/v2\/comments?post=178867"}],"version-history":[{"count":0,"href":"https:\/\/www.europesays.com\/pt\/wp-json\/wp\/v2\/posts\/178867\/revisions"}],"wp:featuredmedia":[{"embeddable":true,"href":"https:\/\/www.europesays.com\/pt\/wp-json\/wp\/v2\/media\/178868"}],"wp:attachment":[{"href":"https:\/\/www.europesays.com\/pt\/wp-json\/wp\/v2\/media?parent=178867"}],"wp:term":[{"taxonomy":"category","embeddable":true,"href":"https:\/\/www.europesays.com\/pt\/wp-json\/wp\/v2\/categories?post=178867"},{"taxonomy":"post_tag","embeddable":true,"href":"https:\/\/www.europesays.com\/pt\/wp-json\/wp\/v2\/tags?post=178867"}],"curies":[{"name":"wp","href":"https:\/\/api.w.org\/{rel}","templated":true}]}}