{"id":178889,"date":"2025-12-07T15:39:09","date_gmt":"2025-12-07T15:39:09","guid":{"rendered":"https:\/\/www.europesays.com\/pt\/178889\/"},"modified":"2025-12-07T15:39:09","modified_gmt":"2025-12-07T15:39:09","slug":"exclusivo-a-protegida-goncalo-ve-o-filho-pela-primeira-vez-novelas","status":"publish","type":"post","link":"https:\/\/www.europesays.com\/pt\/178889\/","title":{"rendered":"Exclusivo \u00abA Protegida\u00bb: Gon\u00e7alo v\u00ea o filho pela primeira vez &#8211; Novelas"},"content":{"rendered":"<p>Em \u00abA Protegida\u00bb, <a href=\"https:\/\/tvi.iol.pt\/novelas\/joao-bettencourt\/catarina-nifo\/vem-ai-a-protegida-goncalo-fica-paralisado-no-chao\" rel=\"nofollow noopener\" target=\"_blank\">Gon\u00e7alo (Jo\u00e3o Bettencourt)<\/a>\u00a0veio visitar Carlota e despedir-se dela. Mariana diz-lhe que ela est\u00e1 na sala e leva Gon\u00e7alo para l\u00e1.\u00a0Mariana entra com Gon\u00e7alo e Carlota puxa-o para junto dela. Gon\u00e7alo consegue ver a cara do filho pela primeira vez e fica siderado. <a href=\"https:\/\/tvi.iol.pt\/novelas\/videos\/a-protegida-gina-deixa-nuno-frustrado-com-revelacao-inesperada\/6839c1f90cf28cf887680b32\" rel=\"nofollow noopener\" target=\"_blank\">Gina (Paula Neves)<\/a>\u00a0acha melhor ir embora, pois os beb\u00e9s sentem quem s\u00e3o os pais. Gon\u00e7alo pede para lhe pegar e Gina relembra-o do que prometeu. <a href=\"https:\/\/tvi.iol.pt\/novelas\/ator\/mariana-vilalobos\/67ac80ecd34ef72ee44224fe\" wbo-id=\"51\" rel=\"nofollow noopener\" target=\"_blank\">Mariana (Matilde Reym\u00e3o)<\/a>\u00a0volta e sente o ambiente tenso. Gon\u00e7alo diz que vai andando e Mariana estranha.<\/p>\n<p>Gina conta a Gon\u00e7alo que est\u00e1 gr\u00e1vida e ele fica muito feliz por ela. Depois percebe que ela n\u00e3o est\u00e1 assim t\u00e3o feliz e estranha. Gina diz-lhe que acha que o beb\u00e9 \u00e9 dele. Gon\u00e7alo fica em choque. Gon\u00e7alo chega desorientado, depois do encontro com Gina e o filho e sente que fez tudo mal. Gon\u00e7alo relembra-se do que combinou com Gina e Nuno, mas acha que n\u00e3o devia ter feito as coisas daquela forma. Gon\u00e7alo lembra-se da cara do filho e chora. Sente-se sozinho e perdido como nunca. <a href=\"https:\/\/tvi.iol.pt\/novelas\/videos\/nuno-acusa-gina-de-roubo-de-bebe-apos-telefonema-da-seguranca-social\/68a4a1420cf216cd3ad3a105\" rel=\"nofollow noopener\" target=\"_blank\">Nuno (Tiago Teot\u00f3nio Pereira)<\/a>, Gon\u00e7alo e Gina decidem o que fazer acerca do beb\u00e9. Nuno est\u00e1 muito magoado, mas est\u00e1 disposto a perdoar Gina e assumir o filho como seu, desde que Gon\u00e7alo desapare\u00e7a para sempre. Gon\u00e7alo compromete-se a ir embora.<\/p>\n","protected":false},"excerpt":{"rendered":"Em \u00abA Protegida\u00bb, Gon\u00e7alo (Jo\u00e3o Bettencourt)\u00a0veio visitar Carlota e despedir-se dela. Mariana diz-lhe que ela est\u00e1 na sala&hellip;\n","protected":false},"author":2,"featured_media":178890,"comment_status":"","ping_status":"","sticky":false,"template":"","format":"standard","meta":{"footnotes":""},"categories":[142],"tags":[168,160,166,114,115,157,167,3120,7991,1407,164,161,158,3119,165,159,32,33,156,163,151,162],"class_list":{"0":"post-178889","1":"post","2":"type-post","3":"status-publish","4":"format-standard","5":"has-post-thumbnail","7":"category-tv","8":"tag-a-protegida","9":"tag-ana-guiomar","10":"tag-cristina-ferreira","11":"tag-entertainment","12":"tag-entretenimento","13":"tag-festa-e-festa","14":"tag-ficcao","15":"tag-gina","16":"tag-goncalo","17":"tag-joao-bettencourt","18":"tag-jose-fidalgo","19":"tag-novelas","20":"tag-para-sempre","21":"tag-paula-neves","22":"tag-pedro-sousa","23":"tag-pedro-teixeira","24":"tag-portugal","25":"tag-pt","26":"tag-queridos-papas","27":"tag-tiago-teotonio-pereira","28":"tag-tv","29":"tag-tvi"},"share_on_mastodon":{"url":"https:\/\/pubeurope.com\/@pt\/115679039503834104","error":""},"_links":{"self":[{"href":"https:\/\/www.europesays.com\/pt\/wp-json\/wp\/v2\/posts\/178889","targetHints":{"allow":["GET"]}}],"collection":[{"href":"https:\/\/www.europesays.com\/pt\/wp-json\/wp\/v2\/posts"}],"about":[{"href":"https:\/\/www.europesays.com\/pt\/wp-json\/wp\/v2\/types\/post"}],"author":[{"embeddable":true,"href":"https:\/\/www.europesays.com\/pt\/wp-json\/wp\/v2\/users\/2"}],"replies":[{"embeddable":true,"href":"https:\/\/www.europesays.com\/pt\/wp-json\/wp\/v2\/comments?post=178889"}],"version-history":[{"count":0,"href":"https:\/\/www.europesays.com\/pt\/wp-json\/wp\/v2\/posts\/178889\/revisions"}],"wp:featuredmedia":[{"embeddable":true,"href":"https:\/\/www.europesays.com\/pt\/wp-json\/wp\/v2\/media\/178890"}],"wp:attachment":[{"href":"https:\/\/www.europesays.com\/pt\/wp-json\/wp\/v2\/media?parent=178889"}],"wp:term":[{"taxonomy":"category","embeddable":true,"href":"https:\/\/www.europesays.com\/pt\/wp-json\/wp\/v2\/categories?post=178889"},{"taxonomy":"post_tag","embeddable":true,"href":"https:\/\/www.europesays.com\/pt\/wp-json\/wp\/v2\/tags?post=178889"}],"curies":[{"name":"wp","href":"https:\/\/api.w.org\/{rel}","templated":true}]}}