{"id":178903,"date":"2025-12-07T15:53:10","date_gmt":"2025-12-07T15:53:10","guid":{"rendered":"https:\/\/www.europesays.com\/pt\/178903\/"},"modified":"2025-12-07T15:53:10","modified_gmt":"2025-12-07T15:53:10","slug":"vem-ai-em-terra-forte-armando-apanha-vivi-em-momento-de-sofrimento-novelas","status":"publish","type":"post","link":"https:\/\/www.europesays.com\/pt\/178903\/","title":{"rendered":"Vem a\u00ed em \u00abTerra Forte\u00bb: Armando apanha Vivi em momento de sofrimento &#8211; Novelas"},"content":{"rendered":"<p>Em \u00abTerra Forte\u00bb, <a href=\"https:\/\/tvi.iol.pt\/novelas\/videos\/terra-forte-empresa-de-marcus-provoca-problemas-de-saude-a-centenas-de-pessoas\/690a568c0cf229bd2f8d374a\" rel=\"nofollow noopener\" target=\"_blank\">Armando (Ricardo Carri\u00e7o)<\/a>\u00a0chega a casa, ficando preocupado ao ver <a href=\"https:\/\/tvi.iol.pt\/novelas\/videos\/maria-de-fatima-toma-decisao-sobre-vivi-esta-demitida\/68f8e7750cf285ab53a6b259\" rel=\"nofollow noopener\" target=\"_blank\">Vivi (Sofia Nicholson)<\/a>\u00a0a chorar arrasada.<\/p>\n<p>Vivi diz a Armando que teve somente um ataque de saudades do marido. Armando diz compreender a sua dor por tamb\u00e9m ter perdido a fam\u00edlia, dizendo a Vivi que se ela tivesse tido filhos, n\u00e3o ficaria t\u00e3o mal. Vivi esbo\u00e7a ar comprometido. Armando olha hesitante para o contacto de Afrodite no telefone.<\/p>\n<p>Recorde-se que Vivi tem estado desaparecida e que os filhos est\u00e3o em p\u00e2nico:<\/p>\n","protected":false},"excerpt":{"rendered":"Em \u00abTerra Forte\u00bb, Armando (Ricardo Carri\u00e7o)\u00a0chega a casa, ficando preocupado ao ver Vivi (Sofia Nicholson)\u00a0a chorar arrasada. Vivi&hellip;\n","protected":false},"author":2,"featured_media":178904,"comment_status":"","ping_status":"","sticky":false,"template":"","format":"standard","meta":{"footnotes":""},"categories":[142],"tags":[160,32103,166,114,115,157,167,164,161,158,165,159,32,33,156,18615,3086,18614,163,151,162,28302],"class_list":{"0":"post-178903","1":"post","2":"type-post","3":"status-publish","4":"format-standard","5":"has-post-thumbnail","7":"category-tv","8":"tag-ana-guiomar","9":"tag-armando","10":"tag-cristina-ferreira","11":"tag-entertainment","12":"tag-entretenimento","13":"tag-festa-e-festa","14":"tag-ficcao","15":"tag-jose-fidalgo","16":"tag-novelas","17":"tag-para-sempre","18":"tag-pedro-sousa","19":"tag-pedro-teixeira","20":"tag-portugal","21":"tag-pt","22":"tag-queridos-papas","23":"tag-ricardo-carrico","24":"tag-sofia-nicholson","25":"tag-terra-forte","26":"tag-tiago-teotonio-pereira","27":"tag-tv","28":"tag-tvi","29":"tag-vivi"},"share_on_mastodon":{"url":"https:\/\/pubeurope.com\/@pt\/115679094536727156","error":""},"_links":{"self":[{"href":"https:\/\/www.europesays.com\/pt\/wp-json\/wp\/v2\/posts\/178903","targetHints":{"allow":["GET"]}}],"collection":[{"href":"https:\/\/www.europesays.com\/pt\/wp-json\/wp\/v2\/posts"}],"about":[{"href":"https:\/\/www.europesays.com\/pt\/wp-json\/wp\/v2\/types\/post"}],"author":[{"embeddable":true,"href":"https:\/\/www.europesays.com\/pt\/wp-json\/wp\/v2\/users\/2"}],"replies":[{"embeddable":true,"href":"https:\/\/www.europesays.com\/pt\/wp-json\/wp\/v2\/comments?post=178903"}],"version-history":[{"count":0,"href":"https:\/\/www.europesays.com\/pt\/wp-json\/wp\/v2\/posts\/178903\/revisions"}],"wp:featuredmedia":[{"embeddable":true,"href":"https:\/\/www.europesays.com\/pt\/wp-json\/wp\/v2\/media\/178904"}],"wp:attachment":[{"href":"https:\/\/www.europesays.com\/pt\/wp-json\/wp\/v2\/media?parent=178903"}],"wp:term":[{"taxonomy":"category","embeddable":true,"href":"https:\/\/www.europesays.com\/pt\/wp-json\/wp\/v2\/categories?post=178903"},{"taxonomy":"post_tag","embeddable":true,"href":"https:\/\/www.europesays.com\/pt\/wp-json\/wp\/v2\/tags?post=178903"}],"curies":[{"name":"wp","href":"https:\/\/api.w.org\/{rel}","templated":true}]}}