{"id":178911,"date":"2025-12-07T16:01:09","date_gmt":"2025-12-07T16:01:09","guid":{"rendered":"https:\/\/www.europesays.com\/pt\/178911\/"},"modified":"2025-12-07T16:01:09","modified_gmt":"2025-12-07T16:01:09","slug":"forcas-armadas-do-benim-recuperam-o-controlo-depois-de-tentativa-de-golpe-de-estado-benim","status":"publish","type":"post","link":"https:\/\/www.europesays.com\/pt\/178911\/","title":{"rendered":"For\u00e7as Armadas do Benim recuperam o controlo depois de tentativa de golpe de Estado | Benim"},"content":{"rendered":"<p>O Benim amanheceu no meio do caos. Logo nas primeiras horas da manh\u00e3, um grupo de militares ensaiou uma tentativa de golpe de estado, atacando a casa do Presidente Patrice Talon \u2013 que, entretanto, o Minist\u00e9rio do Interior j\u00e1 fez saber que est\u00e1 em seguran\u00e7a, ainda que n\u00e3o se conhe\u00e7a a sua localiza\u00e7\u00e3o.<\/p>\n<p>A cidade de Cotonou, a capital econ\u00f3mica do Benim, acordou ao som de detona\u00e7\u00f5es, escreve <a href=\"https:\/\/www.jeuneafrique.com\/1747191\/politique\/tentative-de-coup-detat-en-cours-a-cotonou\/\" target=\"_blank\" rel=\"nofollow noopener\">o Jeune Afrique<\/a>. Um grupo de militares tentou tomar de assalto a casa do Presidente, mas foram \u201crepelidos\u201d, de acordo com as autoridades.<\/p>\n<p>Os militares, liderados pelo tenente-coronel Pascal Tigri, conseguiram tomar a televis\u00e3o p\u00fablica beninense e fazer transmitir, em repeti\u00e7\u00e3o, uma mensagem onde anunciavam que \u201cdemitiram das suas fun\u00e7\u00f5es\u201d o Presidente Talon. Referiam ainda a cria\u00e7\u00e3o de um suposto Comit\u00e9 Militar para a Refunda\u00e7\u00e3o, que seria liderado por Tigri, a suspens\u00e3o da Constitui\u00e7\u00e3o e de todas as institui\u00e7\u00f5es e partidos pol\u00edticos e o encerramento de todas as fronteiras do Benim.<\/p>\n<p>As raz\u00f5es, referem, s\u00e3o a pr\u00f3pria \u201cgoverna\u00e7\u00e3o de Patrice Talon e a priva\u00e7\u00e3o de alguns cidad\u00e3os do seu direito de escolher o seu candidato\u201d e a pris\u00e3o \u201cou envio para o ex\u00edlio de certos cidad\u00e3os\u201d, cita o <a href=\"https:\/\/www.liberation.fr\/international\/afrique\/au-benin-larmee-tente-de-reprendre-le-controle-apres-une-tentative-de-coup-detat-20251207_2T3MWEPFWBD75AZE246GNRGQTA\/\" target=\"_blank\" rel=\"nofollow noopener\">Lib\u00e9ration<\/a>.<\/p>\n<p>A situa\u00e7\u00e3o est\u00e1 agora \u201csob controlo\u201d, afirmou o ministro do Interior, Alassane Se\u00efdou, num v\u00eddeo no Facebook. \u201cNo in\u00edcio da manh\u00e3 deste domingo, dia 7 de Dezembro de 2025, um pequeno grupo de soldados levou a cabo um motim com o objectivo de desestabilizar o Estado e as suas institui\u00e7\u00f5es\u201d, descreveu.<\/p>\n<p>\u201cFace a essa situa\u00e7\u00e3o, as for\u00e7as armadas beninenses e a sua hierarquia, fi\u00e9is ao seu juramento, mantiveram-se republicanas\u201d, afirmou. \u201cA sua resposta permitiu manter o controlo da situa\u00e7\u00e3o e frustrar a tentativa\u201d, termina.<\/p>\n<p>Tamb\u00e9m o ministro das Finan\u00e7as, Romuald Wadagni, disse ao Jeune Afrique que a situa\u00e7\u00e3o estava agora \u201csob controlo\u201d e que os \u201camotinados estavam encurralados. Estamos a tratar deles, mas ainda n\u00e3o acabou. Estamos em seguran\u00e7a\u201d.<\/p>\n<p>\u201cTrata-se de um grupo pequeno de pessoas que tiveram controlo apenas da televis\u00e3o. As For\u00e7as Armadas retomam o controlo. A cidade [Cotonou] e o pa\u00eds est\u00e3o totalmente em seguran\u00e7a, o Presidente e a sua fam\u00edlia tamb\u00e9m\u201d, disse uma fonte militar pr\u00f3xima de Patrice Talon <a href=\"https:\/\/www.france24.com\/fr\/info-en-continu\/20251207-tentative-de-coup-d-%C3%A9tat-en-cours-au-b%C3%A9nin-information-france-24\" target=\"_blank\" rel=\"nofollow noopener\">\u00e0 AFP<\/a>.<\/p>\n<p>A embaixada francesa no Benim, confirma, em comunicado, que se ouviram tiros \u201cnas proximidades da casa do Presidente da Rep\u00fablica\u201d e pede a todos os franceses no pa\u00eds que fiquem em casa at\u00e9 que a \u201csitua\u00e7\u00e3o esteja completamente esclarecida\u201d.<\/p>\n<p>H\u00e1 praticamente dez anos que Patrice Talon lidera o pa\u00eds. Eleito pela primeira vez em 2016, est\u00e1 agora nos \u00faltimos meses de mandato. Para as pr\u00f3ximas elei\u00e7\u00f5es presidenciais, marcadas para Abril, j\u00e1 designou um sucessor: a coliga\u00e7\u00e3o no poder nomeou o ministro das Finan\u00e7as Romuald Wadagni para ser o seu candidato presidencial.<\/p>\n<p>A oposi\u00e7\u00e3o, liderada pelos Democratas, propuseram um candidato, mas foi rejeitado em tribunal devido ao que consideraram ser apoio insuficiente por parte dos deputados do pa\u00eds.<\/p>\n<p>Apesar de ser visto como um dos respons\u00e1veis pelo desenvolvimento econ\u00f3mico do Benim, Talon deixa um legado controverso. \u00c9 acusado, pelos seus opositores, de ter operado uma <a href=\"https:\/\/www.publico.pt\/2021\/12\/11\/mundo\/noticia\/opositora-presidente-benim-condenada-20-anos-prisao-1988277\" target=\"_blank\" rel=\"nofollow noopener\">viragem autorit\u00e1ria<\/a> do pa\u00eds. Exemplo disso \u00e9 a altera\u00e7\u00e3o constitucional, aprovada no m\u00eas passado, que alarga o mandato presidencial de cinco para sete anos. Os cr\u00edticos consideram que \u00e9 uma tentativa de tomar o poder pela coliga\u00e7\u00e3o de Talon.<\/p>\n","protected":false},"excerpt":{"rendered":"O Benim amanheceu no meio do caos. Logo nas primeiras horas da manh\u00e3, um grupo de militares ensaiou&hellip;\n","protected":false},"author":2,"featured_media":178912,"comment_status":"","ping_status":"","sticky":false,"template":"","format":"standard","meta":{"footnotes":""},"categories":[50],"tags":[2713,36848,27,28,15,16,14,25,26,21,22,62,12,13,19,20,23,24,1717,17,18,29,30,31,63,64,65],"class_list":{"0":"post-178911","1":"post","2":"type-post","3":"status-publish","4":"format-standard","5":"has-post-thumbnail","7":"category-mundo","8":"tag-africa","9":"tag-benim","10":"tag-breaking-news","11":"tag-breakingnews","12":"tag-featured-news","13":"tag-featurednews","14":"tag-headlines","15":"tag-latest-news","16":"tag-latestnews","17":"tag-main-news","18":"tag-mainnews","19":"tag-mundo","20":"tag-news","21":"tag-noticias","22":"tag-noticias-principais","23":"tag-noticiasprincipais","24":"tag-principais-noticias","25":"tag-principaisnoticias","26":"tag-seguranca","27":"tag-top-stories","28":"tag-topstories","29":"tag-ultimas","30":"tag-ultimas-noticias","31":"tag-ultimasnoticias","32":"tag-world","33":"tag-world-news","34":"tag-worldnews"},"share_on_mastodon":{"url":"https:\/\/pubeurope.com\/@pt\/115679126045255832","error":""},"_links":{"self":[{"href":"https:\/\/www.europesays.com\/pt\/wp-json\/wp\/v2\/posts\/178911","targetHints":{"allow":["GET"]}}],"collection":[{"href":"https:\/\/www.europesays.com\/pt\/wp-json\/wp\/v2\/posts"}],"about":[{"href":"https:\/\/www.europesays.com\/pt\/wp-json\/wp\/v2\/types\/post"}],"author":[{"embeddable":true,"href":"https:\/\/www.europesays.com\/pt\/wp-json\/wp\/v2\/users\/2"}],"replies":[{"embeddable":true,"href":"https:\/\/www.europesays.com\/pt\/wp-json\/wp\/v2\/comments?post=178911"}],"version-history":[{"count":0,"href":"https:\/\/www.europesays.com\/pt\/wp-json\/wp\/v2\/posts\/178911\/revisions"}],"wp:featuredmedia":[{"embeddable":true,"href":"https:\/\/www.europesays.com\/pt\/wp-json\/wp\/v2\/media\/178912"}],"wp:attachment":[{"href":"https:\/\/www.europesays.com\/pt\/wp-json\/wp\/v2\/media?parent=178911"}],"wp:term":[{"taxonomy":"category","embeddable":true,"href":"https:\/\/www.europesays.com\/pt\/wp-json\/wp\/v2\/categories?post=178911"},{"taxonomy":"post_tag","embeddable":true,"href":"https:\/\/www.europesays.com\/pt\/wp-json\/wp\/v2\/tags?post=178911"}],"curies":[{"name":"wp","href":"https:\/\/api.w.org\/{rel}","templated":true}]}}