{"id":179000,"date":"2025-12-07T17:29:16","date_gmt":"2025-12-07T17:29:16","guid":{"rendered":"https:\/\/www.europesays.com\/pt\/179000\/"},"modified":"2025-12-07T17:29:16","modified_gmt":"2025-12-07T17:29:16","slug":"manuel-luis-goucha-aproveita-natal-fora-de-portugal","status":"publish","type":"post","link":"https:\/\/www.europesays.com\/pt\/179000\/","title":{"rendered":"Manuel Lu\u00eds Goucha aproveita Natal&#8230; fora de Portugal!"},"content":{"rendered":"<p>Este s\u00e1bado, dia 6, <a href=\"https:\/\/selfie.iol.pt\/famosos\/gala-dos-sonhos\/detalhe-do-visual-de-manuel-luis-goucha-soma-elogios-e-o-maximo-do-bom-gosto\/20251206\/6934a991d34e3caad84c1ad6\" target=\"_blank\" rel=\"nofollow noopener\">Manuel Lu\u00eds Goucha<\/a> conduz a quinta edi\u00e7\u00e3o da Gala dos Sonhos, da Associa\u00e7\u00e3o Sara Carreira, que decorre no Campo Pequeno, em Lisboa.<\/p>\n<p>\u00c0 conversa com a imprensa, num dos intervalos do evento, o apresentador, de 70 anos, falou sobre os respetivos planos para a quadra natal\u00edcia.<\/p>\n<p>&#8220;Vai ser em Paris a \u00e9poca toda. De segunda a sexta. Na noite de 24 para 25, vou ver &#8216;A Tosca&#8217;, na \u00d3pera da Bastilha. No dia de Natal, vou ver, em bailado, o &#8216;Notre Dame de Paris'&#8221;, come\u00e7ou por referir Manuel Lu\u00eds Goucha.<\/p>\n<p>De seguida, o apresentador rejeitou que a quadra natal\u00edcia esteja assombrada pelo recente falecimento da m\u00e3e: &#8220;N\u00e3o ponham drama onde n\u00e3o existe! A minha m\u00e3e est\u00e1 presente em tudo. Seria quase ultrajante para as pessoas que perderam os pais aos 10, 14 ou 20 anos que eu me queixasse por ter perdido a minha m\u00e3e, quando eu j\u00e1 tinha 69 anos. S\u00f3 posso ser grato \u00e0 vida por ter tido a minha m\u00e3e durante tanto tempo.&#8221;<\/p>\n<p>Em rela\u00e7\u00e3o aos pratos preferidos para o Natal, Manuel Lu\u00eds Goucha nem hesitou: &#8220;Gosto muito de cozinha de autor e vou estar no pa\u00eds da alta gastronomia. L\u00e1, opto por v\u00e1rios restaurantes.&#8221;<\/p>\n<p>Veja, agora, algumas das melhores imagens de Manuel Lu\u00eds Goucha nas galerias de fotografias que prepar\u00e1mos para si.<\/p>\n","protected":false},"excerpt":{"rendered":"Este s\u00e1bado, dia 6, Manuel Lu\u00eds Goucha conduz a quinta edi\u00e7\u00e3o da Gala dos Sonhos, da Associa\u00e7\u00e3o Sara&hellip;\n","protected":false},"author":2,"featured_media":179001,"comment_status":"","ping_status":"","sticky":false,"template":"","format":"standard","meta":{"footnotes":""},"categories":[145],"tags":[36804,211,210,114,115,741,980,3416,619,7561,32,33,1012,162,814],"class_list":{"0":"post-179000","1":"post","2":"type-post","3":"status-publish","4":"format-standard","5":"has-post-thumbnail","7":"category-celebridades","8":"tag-associacao-sara-carreira","9":"tag-celebridades","10":"tag-celebrities","11":"tag-entertainment","12":"tag-entretenimento","13":"tag-entrevista","14":"tag-famosos","15":"tag-manuel-luis-goucha","16":"tag-nacional","17":"tag-natal","18":"tag-portugal","19":"tag-pt","20":"tag-selfie","21":"tag-tvi","22":"tag-viagem"},"share_on_mastodon":{"url":"https:\/\/pubeurope.com\/@pt\/115679471998742990","error":""},"_links":{"self":[{"href":"https:\/\/www.europesays.com\/pt\/wp-json\/wp\/v2\/posts\/179000","targetHints":{"allow":["GET"]}}],"collection":[{"href":"https:\/\/www.europesays.com\/pt\/wp-json\/wp\/v2\/posts"}],"about":[{"href":"https:\/\/www.europesays.com\/pt\/wp-json\/wp\/v2\/types\/post"}],"author":[{"embeddable":true,"href":"https:\/\/www.europesays.com\/pt\/wp-json\/wp\/v2\/users\/2"}],"replies":[{"embeddable":true,"href":"https:\/\/www.europesays.com\/pt\/wp-json\/wp\/v2\/comments?post=179000"}],"version-history":[{"count":0,"href":"https:\/\/www.europesays.com\/pt\/wp-json\/wp\/v2\/posts\/179000\/revisions"}],"wp:featuredmedia":[{"embeddable":true,"href":"https:\/\/www.europesays.com\/pt\/wp-json\/wp\/v2\/media\/179001"}],"wp:attachment":[{"href":"https:\/\/www.europesays.com\/pt\/wp-json\/wp\/v2\/media?parent=179000"}],"wp:term":[{"taxonomy":"category","embeddable":true,"href":"https:\/\/www.europesays.com\/pt\/wp-json\/wp\/v2\/categories?post=179000"},{"taxonomy":"post_tag","embeddable":true,"href":"https:\/\/www.europesays.com\/pt\/wp-json\/wp\/v2\/tags?post=179000"}],"curies":[{"name":"wp","href":"https:\/\/api.w.org\/{rel}","templated":true}]}}