{"id":179004,"date":"2025-12-07T17:36:09","date_gmt":"2025-12-07T17:36:09","guid":{"rendered":"https:\/\/www.europesays.com\/pt\/179004\/"},"modified":"2025-12-07T17:36:09","modified_gmt":"2025-12-07T17:36:09","slug":"aquecimento-global-causa-20-dos-casos-de-catarata-diz-oms","status":"publish","type":"post","link":"https:\/\/www.europesays.com\/pt\/179004\/","title":{"rendered":"Aquecimento global causa 20% dos casos de catarata, diz OMS"},"content":{"rendered":"<p>A estimativa da\u00a0OMS (Organiza\u00e7\u00e3o Mundial da Sa\u00fade) \u00e9 de que\u00a0o aquecimento global e aumento da\u00a0radia\u00e7\u00e3o UV (ultravioleta) emitida pelo sol j\u00e1 responde por 20% dos casos de catarata no mundo. Isso significa que no Brasil que 100 mil dos 500 mil novos casos de catarata que anualmente surgem no Pa\u00eds, conforme\u00a0censo do CBO (Conselho Brasileiro de Oftalmologia), s\u00e3o decorrentes do aquecimento global.<\/p>\n<p>De acordo com oftalmologista Le\u00f4ncio Queiroz Neto, diretor do Instituto Penido Burnier de Campinas,\u00a0a catarata \u00e9 o turvamento do cristalino que perde a transpar\u00eancia conforme envelhecemos. Maior causa de perda da vis\u00e3o trat\u00e1vel, responde no mundo por 51% dos casos de\u00a0cegueira e\u00a0no Brasil\u00a0por 49%.\u00a0De fato, j\u00e1 \u00e9 bastante conhecido pela Oftalmologia os efeitos da radia\u00e7\u00e3o solar na sa\u00fade dos olhos, mas a maioria dos brasileiros n\u00e3o tem h\u00e1bito\u00a0de proteger os olhos do sol. Uma evid\u00eancia disso \u00e9 o n\u00famero de pessoas circulando nas ruas sem\u00a0qualquer prote\u00e7\u00e3o nos olhos. Quando a radia\u00e7\u00e3o ultravioleta atinge o cristalino,\u00a0provoca estresse oxidativo e faz a lente do olho perder antioxidantes naturais do humor aquoso, como a glutationa e a vitamina C que previnem a desnatura\u00e7\u00e3o de suas prote\u00ednas conforme envelhecemos.<\/p>\n<p><strong>Outros fatores de risco<\/strong><\/p>\n<p>\u2022 Diabetes<\/p>\n<p>\u00a0<\/p>\n<p>\u2022 Fumar<\/p>\n<p>\u2022 Obesidade<\/p>\n<p>\u2022 Press\u00e3o alta<\/p>\n<p>\u2022 Les\u00e3o ou inflama\u00e7\u00e3o ocular anterior<\/p>\n<p>\u2022 Cirurgia ocular anterior<\/p>\n<p>\u00a0<\/p>\n<p>\u2022 Uso prolongado de medicamentos corticoster\u00f3ides<\/p>\n<p>\u2022 Beber quantidades excessivas de \u00e1lcool<\/p>\n<p><strong>Como escolher os \u00f3culos de sol<\/strong><\/p>\n<p>O oftalmologista afirma que o mais importante na escolha dos \u00f3culos \u00e9 conferir no selo da haste\u00a0as informa\u00e7\u00f5es \u2013 100% UV (UV400) e se os \u00f3culos t\u00eam selo ABTN NBR ISSO 12321-1, principal garantia de conformidade\u00a0com os padr\u00f5es de seguran\u00e7a.\u00a0<\/p>\n<p><strong>Diagn\u00f3stico e sintomas<\/strong><\/p>\n<p>\u00a0<\/p>\n<p>Queiroz Neto afirma que o diagn\u00f3stico de catarata \u00e9 feito em uma consulta oftalmol\u00f3gica de rotina. A maioria das pessoas nem desconfia ter a doen\u00e7a logo no in\u00edcio porque a vis\u00e3o n\u00e3o sofre altera\u00e7\u00f5es percept\u00edveis. Por isso, \u00e9 comum a cirurgia s\u00f3 acontecer depois de meses e em alguns casos mais de um ano ap\u00f3s o diagn\u00f3stico. O especialista afirma que o momento certo de operar \u00e9 quando come\u00e7a a ficar dif\u00edcil realizar as atividades cotidianas. Os sinais de que est\u00e1 na hora de operar s\u00e3o: troca frequente de \u00f3culos, dificuldade de enxergar ou dirigir \u00e0 noite, perda da vis\u00e3o de contraste, fotofobia e maior ofuscamento contra far\u00f3is.<\/p>\n<p><strong>Tratamento<\/strong><\/p>\n<p>A cirurgia \u00e9 o \u00fanico tratamento para catarata. Consiste em substituir o cristalino opaco pelo implante de uma lente intraocular.\u00a0\u201cPode ser feita com cortes manuais ou com um laser ultrarr\u00e1pido. Nas duas t\u00e9cnicas a anestesia \u00e9 local, mas na cirurgia a laser o olho fica menos tempo exposto ao calor do ultrassom utilizado para retirar o cristalino\u201d, afirma. Por isso, a perda de c\u00e9lulas irrecuper\u00e1veis da c\u00f3rnea \u00e9 menor. O oftalmologista ressalta que o tipo de lente usada na opera\u00e7\u00e3o depende do v\u00edcio refrativo do paciente e do estilo de vida de cada um. Toda cirurgia \u00e9 personalizada de acordo com suas expectativas e caracter\u00edsticas de seus olhos, conclui.<\/p>\n","protected":false},"excerpt":{"rendered":"A estimativa da\u00a0OMS (Organiza\u00e7\u00e3o Mundial da Sa\u00fade) \u00e9 de que\u00a0o aquecimento global e aumento da\u00a0radia\u00e7\u00e3o UV (ultravioleta) emitida&hellip;\n","protected":false},"author":2,"featured_media":179005,"comment_status":"","ping_status":"","sticky":false,"template":"","format":"standard","meta":{"footnotes":""},"categories":[86],"tags":[5291,24485,116,2778,36862,32,33,10901,117],"class_list":{"0":"post-179004","1":"post","2":"type-post","3":"status-publish","4":"format-standard","5":"has-post-thumbnail","7":"category-saude","8":"tag-aquecimento-global","9":"tag-catarata","10":"tag-health","11":"tag-oms","12":"tag-perda-da-visao","13":"tag-portugal","14":"tag-pt","15":"tag-radiacao","16":"tag-saude"},"share_on_mastodon":{"url":"https:\/\/pubeurope.com\/@pt\/115679499594314049","error":""},"_links":{"self":[{"href":"https:\/\/www.europesays.com\/pt\/wp-json\/wp\/v2\/posts\/179004","targetHints":{"allow":["GET"]}}],"collection":[{"href":"https:\/\/www.europesays.com\/pt\/wp-json\/wp\/v2\/posts"}],"about":[{"href":"https:\/\/www.europesays.com\/pt\/wp-json\/wp\/v2\/types\/post"}],"author":[{"embeddable":true,"href":"https:\/\/www.europesays.com\/pt\/wp-json\/wp\/v2\/users\/2"}],"replies":[{"embeddable":true,"href":"https:\/\/www.europesays.com\/pt\/wp-json\/wp\/v2\/comments?post=179004"}],"version-history":[{"count":0,"href":"https:\/\/www.europesays.com\/pt\/wp-json\/wp\/v2\/posts\/179004\/revisions"}],"wp:featuredmedia":[{"embeddable":true,"href":"https:\/\/www.europesays.com\/pt\/wp-json\/wp\/v2\/media\/179005"}],"wp:attachment":[{"href":"https:\/\/www.europesays.com\/pt\/wp-json\/wp\/v2\/media?parent=179004"}],"wp:term":[{"taxonomy":"category","embeddable":true,"href":"https:\/\/www.europesays.com\/pt\/wp-json\/wp\/v2\/categories?post=179004"},{"taxonomy":"post_tag","embeddable":true,"href":"https:\/\/www.europesays.com\/pt\/wp-json\/wp\/v2\/tags?post=179004"}],"curies":[{"name":"wp","href":"https:\/\/api.w.org\/{rel}","templated":true}]}}