{"id":179010,"date":"2025-12-07T17:43:48","date_gmt":"2025-12-07T17:43:48","guid":{"rendered":"https:\/\/www.europesays.com\/pt\/179010\/"},"modified":"2025-12-07T17:43:48","modified_gmt":"2025-12-07T17:43:48","slug":"as-palavras-de-tony-carreira-que-emocionaram-a-plateia-nao-sei-como-vos-agradecer-tvi","status":"publish","type":"post","link":"https:\/\/www.europesays.com\/pt\/179010\/","title":{"rendered":"As palavras de Tony Carreira que emocionaram a plateia: \u00abN\u00e3o sei como vos agradecer\u00bb &#8211; TVI"},"content":{"rendered":"<ol>\n<li><a href=\"https:\/\/news.google.com\/rss\/articles\/CBMizAFBVV95cUxQNEwtSXdrSjFzOEFiX01oM2ZLcUVsT1A4aGxSNDRJa2Zoa2NVdW5KSVJQZ21sVVJqeV90MHdjNzRxTTIzZDlxQUFYVHlCNzJwU3h1ZHh5dWZsWnhuSGlBNFZ3QnJ0WmVLV05QRG5MVEhlREItRTlUMW11UUxfaXZ6Njk2S2FxQjhKWjNsMUotT1l1cDVUSDdyVmJSYzFqYkwxTFdYczdQUTYxelFNTk9IQ3k0S29FVXhsYldRRDV3N0E5X3JmRHlIQ3JFNUg?oc=5\" target=\"_blank\" rel=\"nofollow noopener\">As palavras de Tony Carreira que emocionaram a plateia: \u00abN\u00e3o sei como vos agradecer\u00bb<\/a>&nbsp;&nbsp;TVI<\/li>\n<li><a href=\"https:\/\/news.google.com\/rss\/articles\/CBMiqAFBVV95cUxNMmdsWmEtZFFyMlE1ajdUcm1JNm5rZHpLN1dMSlJSN0t6SjdMWF92RVplT2s2VlNLV1ZlX0ZLUUNjSmtNblR5ZWVyaDhfY21Md3RobTBYQ0VXdUV2ZXBwbS1RRl9SajAtZW5GOFUwLXpEN0tzWDN6ZGx1Z0d0M3B1T29yQXpsWTZ6QTZhb2t6d05HYXYweHVXcnBNMmxnemtwOUFmT1BvRUzSAZoBQVVfeXFMTl9Nc1lzN21uTUpvNGR5aDRoMzdUMzVya3podDg5akxuMWxFNnRpQXlIV25jNnpjeWZTYk41M1luNnlCRXhyREo0TjFkVXBVSFo5QUMxd3phYXdTOGpTUDZLNFc2YnNnNEE5cXI1Ri0yNld5dHhqSmhKTU83TUlENWljejBLcFJOMjVsRW5WVDQ4aXFpS1lfSU1Qdw?oc=5\" target=\"_blank\" rel=\"nofollow noopener\">Um palco para Sara: a emo\u00e7\u00e3o de Tony Carreira na Gala dos Sonhos<\/a>&nbsp;&nbsp;Jornal de Not\u00edcias<\/li>\n<li><a href=\"https:\/\/news.google.com\/rss\/articles\/CBMinAFBVV95cUxPdDg0bk5aM09YbGdBUmVnYkR0Vm9uMWJEN1JGcjVBSmJ3VnE0UkFaZTFhRXoySXFheXdlTVNEdHA2Z1NWRWIxdG0wVGFsbGU3dThSbkdCVUQyUEltZnJrQ3RKdTlMS04yVnN0ZkQ3aFl4NFRnUm5QY0RiS1VRRlN6SldKd2ZETWVxRWlHZEl0Z19wS2lYLTJiOUkyN18?oc=5\" target=\"_blank\" rel=\"nofollow noopener\">David Carreira pronuncia-se cinco anos ap\u00f3s a morte da irm\u00e3: &#8220;\u00c9 sempre uma data&#8230;&#8221;<\/a>&nbsp;&nbsp;VIP.pt<\/li>\n<li><a href=\"https:\/\/news.google.com\/rss\/articles\/CBMitAFBVV95cUxOa3ltZUY1Q2VzMmFzaVZGZ09TUDNLRjZXMF81czk1cHpIZ0Y4TlFKNndRbFRUUG5CWW4xek9qZmQwWFU0MmJVZ0FpMkNuLWNqNFQ3cUU3RGJ0eXc3cC1INmhyaTBUSkNjRkZmUDRaa2dPekRUNjJMWGxVTHQzN0RIcFVqZWEzYWFhaWtKVWVGRlBwR1RZMGd6Sk10MnRpYmw0Q3Y2aWpTc0tvbktjN1ZfMWNvM2o?oc=5\" target=\"_blank\" rel=\"nofollow noopener\">Mickael Carreira emociona-se na quinta Gala dos Sonhos: \u201c\u00c9 sempre muito especial\u201d<\/a>&nbsp;&nbsp;A Televis\u00e3o<\/li>\n<li><a href=\"https:\/\/news.google.com\/rss\/articles\/CBMimAFBVV95cUxOemQ3Vk9jVkVHOG5nV3ZYT0pUdTAtdHBUd0lUSTNBZVJCYTRJcWRoT0NLcElzc3dOZ1I2MWx1cU1uZnpHN2c4OGpGVGdwa3NoSjI3NXMwNnlOdF8yME92MTZtSWpVWUtPZkx4WmVER1ZfVk4yZkxsOTlfNEtrcW9FcXd5a3VvNkpUMzlpZ3Zfb1ltYTRuWDkwMw?oc=5\" target=\"_blank\" rel=\"nofollow noopener\">Cristina Ferreira falta \u00e0 gala de Sara Carreira<\/a>&nbsp;&nbsp;cmjornal.pt<\/li>\n<\/ol>\n","protected":false},"excerpt":{"rendered":"As palavras de Tony Carreira que emocionaram a plateia: \u00abN\u00e3o sei como vos agradecer\u00bb&nbsp;&nbsp;TVI Um palco para Sara:&hellip;\n","protected":false},"author":2,"featured_media":179011,"comment_status":"","ping_status":"","sticky":false,"template":"","format":"standard","meta":{"footnotes":""},"categories":[145],"tags":[48,28350,211,210,166,801,114,115,28349,36822,28348,28347,3416,13,161,32,28346,33,7908,162,28344,28345,28343,28342,28340,28341],"class_list":{"0":"post-179010","1":"post","2":"type-post","3":"status-publish","4":"format-standard","5":"has-post-thumbnail","7":"category-celebridades","8":"tag-big-brother","9":"tag-bigbrother-tvi","10":"tag-celebridades","11":"tag-celebrities","12":"tag-cristina-ferreira","13":"tag-dois-as-10","14":"tag-entertainment","15":"tag-entretenimento","16":"tag-festas-tvi","17":"tag-gala-dos-sonhos","18":"tag-goucha","19":"tag-guia-tv","20":"tag-manuel-luis-goucha","21":"tag-noticias","22":"tag-novelas","23":"tag-portugal","24":"tag-programas-tvi","25":"tag-pt","26":"tag-tony-carreira","27":"tag-tvi","28":"tag-tvi-3-0","29":"tag-tvi-30","30":"tag-tvi-internacional","31":"tag-tvi-reality","32":"tag-tvificcao","33":"tag-tviplayer"},"share_on_mastodon":{"url":"https:\/\/pubeurope.com\/@pt\/115679531031170174","error":""},"_links":{"self":[{"href":"https:\/\/www.europesays.com\/pt\/wp-json\/wp\/v2\/posts\/179010","targetHints":{"allow":["GET"]}}],"collection":[{"href":"https:\/\/www.europesays.com\/pt\/wp-json\/wp\/v2\/posts"}],"about":[{"href":"https:\/\/www.europesays.com\/pt\/wp-json\/wp\/v2\/types\/post"}],"author":[{"embeddable":true,"href":"https:\/\/www.europesays.com\/pt\/wp-json\/wp\/v2\/users\/2"}],"replies":[{"embeddable":true,"href":"https:\/\/www.europesays.com\/pt\/wp-json\/wp\/v2\/comments?post=179010"}],"version-history":[{"count":0,"href":"https:\/\/www.europesays.com\/pt\/wp-json\/wp\/v2\/posts\/179010\/revisions"}],"wp:featuredmedia":[{"embeddable":true,"href":"https:\/\/www.europesays.com\/pt\/wp-json\/wp\/v2\/media\/179011"}],"wp:attachment":[{"href":"https:\/\/www.europesays.com\/pt\/wp-json\/wp\/v2\/media?parent=179010"}],"wp:term":[{"taxonomy":"category","embeddable":true,"href":"https:\/\/www.europesays.com\/pt\/wp-json\/wp\/v2\/categories?post=179010"},{"taxonomy":"post_tag","embeddable":true,"href":"https:\/\/www.europesays.com\/pt\/wp-json\/wp\/v2\/tags?post=179010"}],"curies":[{"name":"wp","href":"https:\/\/api.w.org\/{rel}","templated":true}]}}