{"id":179021,"date":"2025-12-07T17:57:20","date_gmt":"2025-12-07T17:57:20","guid":{"rendered":"https:\/\/www.europesays.com\/pt\/179021\/"},"modified":"2025-12-07T17:57:20","modified_gmt":"2025-12-07T17:57:20","slug":"separada-e-assim-que-alice-alves-vai-viver-este-natal","status":"publish","type":"post","link":"https:\/\/www.europesays.com\/pt\/179021\/","title":{"rendered":"Separada, \u00e9 assim que Alice Alves vai viver este Natal!"},"content":{"rendered":"<p>No final deste ano, <a href=\"https:\/\/selfie.iol.pt\/famosos\/alice-alves\/alice-alves-e-carlos-afonso-separados-o-amor-continua\/20251105\/690b3975d34e3caad84aed34\" target=\"_blank\" rel=\"nofollow noopener\">tornou-se p\u00fablica a separa\u00e7\u00e3o de Alice Alves e Carlos Afonso<\/a> e, entretanto, \u00e0 conversa com a imprensa &#8211; nos bastidores da Gala dos Sonhos, da Associa\u00e7\u00e3o Sara Carreira -, a apresentadora contou como vai viver o Natal deste ano, agora que est\u00e1 separada.<\/p>\n<p>&#8220;Vai ser diferente e, ao mesmo tempo, n\u00e3o vai! Vou continuar a passar o Natal em fam\u00edlia, como sempre. Estamos sempre unidos, tamb\u00e9m pela Benedita [filha do, agora, ex-casal], mas tamb\u00e9m pela amizade que temos um pelo outro. Ali\u00e1s, as fam\u00edlias continuam unidas e amigas&#8221;, come\u00e7ou por garantir Alice Alves, antes de acrescentar: &#8220;Ainda n\u00e3o combin\u00e1mos como vai ser o Natal. Mas \u00e9 prov\u00e1vel que passemos algum dos dias juntos, sim.&#8221;<\/p>\n<p>Nesta conversa com os jornalistas, a comunicadora ainda recordou como foi o processo de separa\u00e7\u00e3o: &#8220;No nosso caso, houve muita honestidade, de parte a parte. Decidimos preservar a amizade, o que ajuda a enfrentar um processo de separa\u00e7\u00e3o. E tamb\u00e9m ajuda o facto de haver entendimento em muitas coisas e em muitos valores.&#8221;<\/p>\n<p>&#8220;No come\u00e7o, posso ter pensado que teria falhado, mas, com o passar do tempo e com a forma como fui pensando sobre o assunto, cheg\u00e1mos ambos \u00e0 conclus\u00e3o de que n\u00e3o. Ningu\u00e9m falhou. Muito pelo contr\u00e1rio. Tom\u00e1mos a decis\u00e3o certa, na hora certa, e \u00e9 por isso que a amizade tamb\u00e9m se preservou&#8221; assinalou, antes de recordar: &#8220;Quando nos separ\u00e1mos, a Benedita ainda n\u00e3o falava. J\u00e1 entendia e j\u00e1 se expressava, mas ainda n\u00e3o falava como fala atualmente. E n\u00e3o fez grandes perguntas. Claro que, obviamente, conhe\u00e7o-a muito bem e sei que houve um per\u00edodo de adapta\u00e7\u00e3o para ela, mas foi tudo muito tranquilo. Ela \u00e9 uma beb\u00e9 muito d\u00f3cil e carinhosa.&#8221;<\/p>\n<p>Veja, agora, algumas das melhores imagens de Alice Alves nas galerias de fotografias que prepar\u00e1mos para si.<\/p>\n<p>A m\u00e3e babada ainda contou como a filha, de tr\u00eas anos, j\u00e1 vai vivendo o Natal: &#8220;J\u00e1 entende que h\u00e1 uma figura que \u00e9 o Pai Natal, que h\u00e1 luzes de Natal, que os meninos &#8211; se se portarem bem &#8211; recebem presentes, que temos de escolher algumas coisas e oferecer presentes a quem n\u00e3o tem tantos presentes como ela. Vai ser um Natal especial, porque ela, com tr\u00eas anos, j\u00e1 t\u00eam uma evolu\u00e7\u00e3o muito r\u00e1pida. A cada ano, vai percebendo melhor o significado do Natal.&#8221;<\/p>\n<p>Veja, agora, algumas das melhores imagens de Rita Pereira nas galerias de fotografias que prepar\u00e1mos para si.<\/p>\n","protected":false},"excerpt":{"rendered":"No final deste ano, tornou-se p\u00fablica a separa\u00e7\u00e3o de Alice Alves e Carlos Afonso e, entretanto, \u00e0 conversa&hellip;\n","protected":false},"author":2,"featured_media":179022,"comment_status":"","ping_status":"","sticky":false,"template":"","format":"standard","meta":{"footnotes":""},"categories":[145],"tags":[8113,36804,211,210,114,115,741,980,619,7561,32,33,1012,162],"class_list":{"0":"post-179021","1":"post","2":"type-post","3":"status-publish","4":"format-standard","5":"has-post-thumbnail","7":"category-celebridades","8":"tag-alice-alves","9":"tag-associacao-sara-carreira","10":"tag-celebridades","11":"tag-celebrities","12":"tag-entertainment","13":"tag-entretenimento","14":"tag-entrevista","15":"tag-famosos","16":"tag-nacional","17":"tag-natal","18":"tag-portugal","19":"tag-pt","20":"tag-selfie","21":"tag-tvi"},"share_on_mastodon":{"url":"https:\/\/pubeurope.com\/@pt\/115679582252367473","error":""},"_links":{"self":[{"href":"https:\/\/www.europesays.com\/pt\/wp-json\/wp\/v2\/posts\/179021","targetHints":{"allow":["GET"]}}],"collection":[{"href":"https:\/\/www.europesays.com\/pt\/wp-json\/wp\/v2\/posts"}],"about":[{"href":"https:\/\/www.europesays.com\/pt\/wp-json\/wp\/v2\/types\/post"}],"author":[{"embeddable":true,"href":"https:\/\/www.europesays.com\/pt\/wp-json\/wp\/v2\/users\/2"}],"replies":[{"embeddable":true,"href":"https:\/\/www.europesays.com\/pt\/wp-json\/wp\/v2\/comments?post=179021"}],"version-history":[{"count":0,"href":"https:\/\/www.europesays.com\/pt\/wp-json\/wp\/v2\/posts\/179021\/revisions"}],"wp:featuredmedia":[{"embeddable":true,"href":"https:\/\/www.europesays.com\/pt\/wp-json\/wp\/v2\/media\/179022"}],"wp:attachment":[{"href":"https:\/\/www.europesays.com\/pt\/wp-json\/wp\/v2\/media?parent=179021"}],"wp:term":[{"taxonomy":"category","embeddable":true,"href":"https:\/\/www.europesays.com\/pt\/wp-json\/wp\/v2\/categories?post=179021"},{"taxonomy":"post_tag","embeddable":true,"href":"https:\/\/www.europesays.com\/pt\/wp-json\/wp\/v2\/tags?post=179021"}],"curies":[{"name":"wp","href":"https:\/\/api.w.org\/{rel}","templated":true}]}}