{"id":17903,"date":"2025-08-06T03:28:09","date_gmt":"2025-08-06T03:28:09","guid":{"rendered":"https:\/\/www.europesays.com\/pt\/17903\/"},"modified":"2025-08-06T03:28:09","modified_gmt":"2025-08-06T03:28:09","slug":"mike-portnoy-relembra-cover-de-ozzy-osbourne-que-gravou-na-epoca-da-pandemia","status":"publish","type":"post","link":"https:\/\/www.europesays.com\/pt\/17903\/","title":{"rendered":"Mike Portnoy relembra cover de Ozzy Osbourne que gravou na \u00e9poca da pandemia"},"content":{"rendered":"<p>Mike Portnoy, baterista do <a href=\"https:\/\/whiplash.net\/bandas\/d\/dreamtheater.html\" class=\"hotwords\" rel=\"nofollow noopener\" target=\"_blank\">Dream Theater<\/a>, compartilhou uma lembran\u00e7a interessante em seu perfil do Instagram nesta ter\u00e7a-feira (5 de agosto). O m\u00fasico norte-americano publicou trechos de uma vers\u00e3o de &#8220;Revelation (Mother Earth)&#8221;, faixa presente no \u00e1lbum de estreia da banda de <a href=\"https:\/\/whiplash.net\/bandas\/o\/ozzyosbourne.html\" class=\"hotwords\" rel=\"nofollow noopener\" target=\"_blank\">Ozzy Osbourne<\/a>, o cl\u00e1ssico Blizzard of Ozz (1980).<\/p>\n<p><a href=\"https:\/\/whiplash.net\/bandas\/d\/dreamtheater.html\" class=\"linkBotao\" rel=\"nofollow noopener\" target=\"_blank\">Dream Theater &#8211; Mais Novidades<\/a><br \/><a target=\"_blank\" href=\"https:\/\/www.europesays.com\/pt\/wp-content\/uploads\/2025\/08\/mike_portnoy_por_gustavo_maiato.jpg\"><img loading=\"lazy\" decoding=\"async\" src=\"https:\/\/www.europesays.com\/pt\/wp-content\/uploads\/2025\/08\/mike_portnoy_por_gustavo_maiato.jpg\" class=\"widthConstrained\" width=\"700\" height=\"511\" alt=\"Foto: Gustavo Maiato\"\/><\/a>Foto: Gustavo Maiato<\/p>\n<p>CONTINUA DEPOIS DA PUBLICIDADE &#8211; CLI<\/p>\n<p>&#13;<br \/>\n&#13;<br \/>\n&#13;<br \/>\n&#13;<br \/>\n&#13;<br \/>\n&#13;<br \/>\n&#13;<br \/>\n&#13;<br \/>\n<a href=\"https:\/\/whiplash.net\/materias\/whiplash\/027002.html\" rel=\"nofollow noopener\" target=\"_blank\"><img decoding=\"async\" src=\"https:\/\/www.europesays.com\/pt\/wp-content\/uploads\/2025\/08\/1754432948_699_anunciar_diabo_336x280.gif\" loading=\"lazy\" width=\"336\" height=\"280\" class=\"widthConstrained\" style=\"background-color:#000000;display:block;\" alt=\"Anunciar bandas e shows de Rock e Heavy Metal\"\/><\/a>&#13;<\/p>\n<p>A grava\u00e7\u00e3o foi divulgada originalmente em agosto de 2020, durante o auge da pandemia de Covid-19, e contou com a participa\u00e7\u00e3o de m\u00fasicos renomados: o vocalista Dino Jelusick, o guitarrista Phil Demmel, o baixista Rudy Sarzo, a tecladista Marta Demmel e a violinista Julie Belanger Roy. O v\u00eddeo completo est\u00e1 dispon\u00edvel no YouTube.<\/p>\n<p>\u25ba&#8221; src=&#8221;https:\/\/www.youtube.com\/embed\/-ILQlgolBIs&#8221; width=&#8221;560&#8243; height=&#8221;315&#8243; allow=&#8221;accelerometer; autoplay; clipboard-write; encrypted-media; gyroscope; picture-in-picture&#8221; allowfullscreen loading=&#8221;lazy&#8221; style=&#8221;border:0;&#8221;&gt;<\/p>\n<p>Na legenda da <a href=\"https:\/\/www.instagram.com\/p\/DM-Fm-QxUkg\/\" rel=\"nofollow noopener\" target=\"_blank\">postagem<\/a>, Portnoy comentou que ainda est\u00e1 em &#8220;modo Ozzy Osbourne&#8221;. O lend\u00e1rio vocalista brit\u00e2nico, conhecido por sua trajet\u00f3ria \u00e0 frente do Black Sabbath e da banda que leva seu nome, faleceu em 22 de julho deste ano \u2014 <a href=\"https:\/\/whiplash.net\/assuntos\/m\/morteozzyosbourne.html\" rel=\"nofollow noopener\" target=\"_blank\">apenas 17 dias ap\u00f3s realizar o \u00faltimo show de sua carreira<\/a>.<\/p>\n<p>CONTINUA DEPOIS DA PUBLICIDADE &#8211; GOO<\/p>\n<p>&#13;<br \/>\n&#13;<br \/>\n&#13;<br \/>\n&#13;<br \/>\n<a href=\"https:\/\/whiplash.net\/materias\/whiplash\/027002.html\" rel=\"nofollow noopener\" target=\"_blank\"><img decoding=\"async\" src=\"https:\/\/www.europesays.com\/pt\/wp-content\/uploads\/2025\/08\/1754432948_699_anunciar_diabo_336x280.gif\" loading=\"lazy\" width=\"336\" height=\"280\" alt=\"Anunciar no Whiplash.Net\"\/><\/a>&#13;<br \/>\n&#13;<br \/>\n&#13;<br \/>\n&#13;<br \/>\n&#13;<br \/>\n&#13;<br \/>\n<a href=\"https:\/\/whiplash.net\/materias\/whiplash\/027002.html\" rel=\"nofollow noopener\" target=\"_blank\"><img decoding=\"async\" src=\"https:\/\/www.europesays.com\/pt\/wp-content\/uploads\/2025\/08\/1754432948_699_anunciar_diabo_336x280.gif\" loading=\"lazy\" width=\"336\" height=\"280\" class=\"widthConstrained\" style=\"background-color:#000000;display:block;\" alt=\"Anunciar bandas e shows de Rock e Heavy Metal\"\/><\/a>&#13;<\/p>\n<p>Ap\u00f3s 13 anos afastado, o baterista voltou ao <a href=\"https:\/\/whiplash.net\/bandas\/d\/dreamtheater.html\" class=\"hotwords\" rel=\"nofollow noopener\" target=\"_blank\">Dream Theater<\/a> em outubro de 2023. Recentemente, a banda encerrou a turn\u00ea comemorativa de seus 40 anos e se prepara para cair na estrada novamente em setembro, desta vez para promover seu novo \u00e1lbum, &#8220;Parasomnia&#8221;.<\/p>\n<p>CONTINUA DEPOIS DA PUBLICIDADE &#8211; CLI<\/p>\n<p>&#13;<br \/>\n&#13;<br \/>\n&#13;<br \/>\n&#13;<br \/>\n&#13;<br \/>\n&#13;<br \/>\n&#13;<br \/>\n&#13;<br \/>\n<a href=\"https:\/\/whiplash.net\/materias\/whiplash\/027002.html\" rel=\"nofollow noopener\" target=\"_blank\"><img decoding=\"async\" src=\"https:\/\/www.europesays.com\/pt\/wp-content\/uploads\/2025\/08\/1754432948_699_anunciar_diabo_336x280.gif\" loading=\"lazy\" width=\"336\" height=\"280\" class=\"widthConstrained\" style=\"background-color:#000000;display:block;\" alt=\"Anunciar bandas e shows de Rock e Heavy Metal\"\/><\/a>&#13;<\/p>\n<p><script async src=\"\/\/www.instagram.com\/embed.js\"><\/script><\/p>\n","protected":false},"excerpt":{"rendered":"Mike Portnoy, baterista do Dream Theater, compartilhou uma lembran\u00e7a interessante em seu perfil do Instagram nesta ter\u00e7a-feira (5&hellip;\n","protected":false},"author":2,"featured_media":17904,"comment_status":"","ping_status":"","sticky":false,"template":"","format":"standard","meta":{"footnotes":""},"categories":[141],"tags":[114,115,149,150,32,33],"class_list":{"0":"post-17903","1":"post","2":"type-post","3":"status-publish","4":"format-standard","5":"has-post-thumbnail","7":"category-musica","8":"tag-entertainment","9":"tag-entretenimento","10":"tag-music","11":"tag-musica","12":"tag-portugal","13":"tag-pt"},"share_on_mastodon":{"url":"","error":""},"_links":{"self":[{"href":"https:\/\/www.europesays.com\/pt\/wp-json\/wp\/v2\/posts\/17903","targetHints":{"allow":["GET"]}}],"collection":[{"href":"https:\/\/www.europesays.com\/pt\/wp-json\/wp\/v2\/posts"}],"about":[{"href":"https:\/\/www.europesays.com\/pt\/wp-json\/wp\/v2\/types\/post"}],"author":[{"embeddable":true,"href":"https:\/\/www.europesays.com\/pt\/wp-json\/wp\/v2\/users\/2"}],"replies":[{"embeddable":true,"href":"https:\/\/www.europesays.com\/pt\/wp-json\/wp\/v2\/comments?post=17903"}],"version-history":[{"count":0,"href":"https:\/\/www.europesays.com\/pt\/wp-json\/wp\/v2\/posts\/17903\/revisions"}],"wp:featuredmedia":[{"embeddable":true,"href":"https:\/\/www.europesays.com\/pt\/wp-json\/wp\/v2\/media\/17904"}],"wp:attachment":[{"href":"https:\/\/www.europesays.com\/pt\/wp-json\/wp\/v2\/media?parent=17903"}],"wp:term":[{"taxonomy":"category","embeddable":true,"href":"https:\/\/www.europesays.com\/pt\/wp-json\/wp\/v2\/categories?post=17903"},{"taxonomy":"post_tag","embeddable":true,"href":"https:\/\/www.europesays.com\/pt\/wp-json\/wp\/v2\/tags?post=17903"}],"curies":[{"name":"wp","href":"https:\/\/api.w.org\/{rel}","templated":true}]}}